{"id":13151,"date":"2021-05-06T08:00:25","date_gmt":"2021-05-06T11:00:25","guid":{"rendered":"http:\/\/www.sinprofaz.org.br\/?p=13151"},"modified":"2021-05-06T13:39:28","modified_gmt":"2021-05-06T16:39:28","slug":"proxima-terca-feira-assista-a-divulgacao-dos-resultados-do-diagnostico-de-saude-mental-na-pfn","status":"publish","type":"post","link":"https:\/\/sinprofaz.org.br\/2024\/noticias\/proxima-terca-feira-assista-a-divulgacao-dos-resultados-do-diagnostico-de-saude-mental-na-pfn\/","title":{"rendered":"PR\u00d3XIMA TER\u00c7A-FEIRA: ASSISTA \u00c0 DIVULGA\u00c7\u00c3O DOS RESULTADOS DO DIAGN\u00d3STICO DE SA\u00daDE MENTAL NA PFN"},"content":{"rendered":"<p>Visando \u00e0 an\u00e1lise da sa\u00fade emocional dos integrantes da Procuradoria da Fazenda Nacional, o SINPROFAZ promoveu o Diagn\u00f3stico Epidemiol\u00f3gico de Sa\u00fade Mental e Qualidade de Vida e de Trabalho na PFN. A pesquisa, realizada de modo virtual, contou com a colabora\u00e7\u00e3o de filiadas e filiados lotados nas cinco Regi\u00f5es. As conclus\u00f5es obtidas, portanto, contemplam a situa\u00e7\u00e3o de sa\u00fade mental nas diversas Unidades Regionais e Seccionais pelo pa\u00eds.<\/p>\n<p><strong>Quer saber quais foram os resultados do Diagn\u00f3stico? Ent\u00e3o n\u00e3o perca o evento de divulga\u00e7\u00e3o!<\/strong><br \/>\nNa pr\u00f3xima ter\u00e7a-feira (11), o SINPROFAZ promover\u00e1 um webinar para apresentar \u00e0 Carreira os dados obtidos com a pesquisa. Participar\u00e3o do evento o presidente do SINPROFAZ, Jos\u00e9 Ernane Brito; a diretora Val\u00e9ria Ferreira e a filiada Beatriz Pereira, integrantes do Grupo de Sa\u00fade Mental PFN-SP; e o psic\u00f3logo Cristiano Costa, coordenador do Projeto de Sa\u00fade Mental e Qualidade de Vida na PFN e respons\u00e1vel pelo Diagn\u00f3stico. O evento ser\u00e1 realizado via Zoom. O SINPROFAZ conta com a participa\u00e7\u00e3o da Carreira!<\/p>\n<p><strong>Webinar &#8211; Resultados do Diagn\u00f3stico de Sa\u00fade Mental<\/strong><br \/>\n<strong>Quando: 11 de maio, pr\u00f3xima ter\u00e7a-feira, \u00e0s 10h30<\/strong><br \/>\n<strong>Acesse pelo link <a href=\"https:\/\/zoom.us\/j\/98253008301#success\">bit.ly\/DiagnosticodeSaudeMental<\/a><\/strong><\/p>\n","protected":false},"excerpt":{"rendered":"<p>Visando \u00e0 an\u00e1lise da sa\u00fade emocional dos integrantes da Procuradoria da Fazenda Nacional, o SINPROFAZ promoveu o Diagn\u00f3stico Epidemiol\u00f3gico de Sa\u00fade Mental e Qualidade de Vida e de Trabalho na PFN. Conhe\u00e7a as conclus\u00f5es da pesquisa!<\/p>\n","protected":false},"author":2,"featured_media":12208,"comment_status":"open","ping_status":"open","sticky":false,"template":"","format":"standard","meta":{"footnotes":""},"categories":[8],"tags":[32,146,166,25],"featured_image_url":"https:\/\/sinprofaz.org.br\/2024\/wp-content\/uploads\/2020\/11\/diagnostico-epdemiologico.jpg","character_count":617,"formatted_date":"06\/05\/2021 - 08:00","contentNovo":"Visando \u00e0 an\u00e1lise da sa\u00fade emocional dos integrantes da Procuradoria da Fazenda Nacional, o SINPROFAZ promoveu o Diagn\u00f3stico Epidemiol\u00f3gico de Sa\u00fade Mental e Qualidade de Vida e de Trabalho na PFN. A pesquisa, realizada de modo virtual, contou com a colabora\u00e7\u00e3o de filiadas e filiados lotados nas cinco Regi\u00f5es. As conclus\u00f5es obtidas, portanto, contemplam a situa\u00e7\u00e3o de sa\u00fade mental nas diversas Unidades Regionais e Seccionais pelo pa\u00eds.\r\n\r\n<strong>Quer saber quais foram os resultados do Diagn\u00f3stico? Ent\u00e3o n\u00e3o perca o evento de divulga\u00e7\u00e3o!<\/strong>\r\nNa pr\u00f3xima ter\u00e7a-feira (11), o SINPROFAZ promover\u00e1 um webinar para apresentar \u00e0 Carreira os dados obtidos com a pesquisa. Participar\u00e3o do evento o presidente do SINPROFAZ, Jos\u00e9 Ernane Brito; a diretora Val\u00e9ria Ferreira e a filiada Beatriz Pereira, integrantes do Grupo de Sa\u00fade Mental PFN-SP; e o psic\u00f3logo Cristiano Costa, coordenador do Projeto de Sa\u00fade Mental e Qualidade de Vida na PFN e respons\u00e1vel pelo Diagn\u00f3stico. O evento ser\u00e1 realizado via Zoom. O SINPROFAZ conta com a participa\u00e7\u00e3o da Carreira!\r\n\r\n<strong>Webinar - Resultados do Diagn\u00f3stico de Sa\u00fade Mental<\/strong>\r\n<strong>Quando: 11 de maio, pr\u00f3xima ter\u00e7a-feira, \u00e0s 10h30<\/strong>\r\n<strong>Acesse pelo link <a href=\"https:\/\/zoom.us\/j\/98253008301#success\">bit.ly\/DiagnosticodeSaudeMental<\/a><\/strong>","_links":{"self":[{"href":"https:\/\/sinprofaz.org.br\/2024\/wp-json\/wp\/v2\/posts\/13151"}],"collection":[{"href":"https:\/\/sinprofaz.org.br\/2024\/wp-json\/wp\/v2\/posts"}],"about":[{"href":"https:\/\/sinprofaz.org.br\/2024\/wp-json\/wp\/v2\/types\/post"}],"author":[{"embeddable":true,"href":"https:\/\/sinprofaz.org.br\/2024\/wp-json\/wp\/v2\/users\/2"}],"replies":[{"embeddable":true,"href":"https:\/\/sinprofaz.org.br\/2024\/wp-json\/wp\/v2\/comments?post=13151"}],"version-history":[{"count":3,"href":"https:\/\/sinprofaz.org.br\/2024\/wp-json\/wp\/v2\/posts\/13151\/revisions"}],"predecessor-version":[{"id":13159,"href":"https:\/\/sinprofaz.org.br\/2024\/wp-json\/wp\/v2\/posts\/13151\/revisions\/13159"}],"wp:featuredmedia":[{"embeddable":true,"href":"https:\/\/sinprofaz.org.br\/2024\/wp-json\/wp\/v2\/media\/12208"}],"wp:attachment":[{"href":"https:\/\/sinprofaz.org.br\/2024\/wp-json\/wp\/v2\/media?parent=13151"}],"wp:term":[{"taxonomy":"category","embeddable":true,"href":"https:\/\/sinprofaz.org.br\/2024\/wp-json\/wp\/v2\/categories?post=13151"},{"taxonomy":"post_tag","embeddable":true,"href":"https:\/\/sinprofaz.org.br\/2024\/wp-json\/wp\/v2\/tags?post=13151"}],"curies":[{"name":"wp","href":"https:\/\/api.w.org\/{rel}","templated":true}]}}