{"id":13148,"date":"2021-05-05T08:00:22","date_gmt":"2021-05-05T11:00:22","guid":{"rendered":"http:\/\/www.sinprofaz.org.br\/?p=13148"},"modified":"2021-05-06T10:25:32","modified_gmt":"2021-05-06T13:25:32","slug":"filiado-ao-sinprofaz-publica-artigo-em-revista-do-trf-da-1a-regiao-confira","status":"publish","type":"post","link":"https:\/\/sinprofaz.org.br\/2024\/noticias\/filiado-ao-sinprofaz-publica-artigo-em-revista-do-trf-da-1a-regiao-confira\/","title":{"rendered":"FILIADO AO SINPROFAZ PUBLICA ARTIGO EM REVISTA DO TRF DA 1\u00aa REGI\u00c3O. CONFIRA!"},"content":{"rendered":"<p>Ant\u00f4nio Carlos Sirqueira Rocha \u00e9 filiado ao SINPROFAZ. Lotado na Procuradoria da Fazenda Nacional no Estado do Amap\u00e1, o PFN \u00e9 autor de artigo publicado na mais recente edi\u00e7\u00e3o da Revista do Tribunal Regional Federal da Primeira Regi\u00e3o. Intitulado &#8220;(Auto-)nomia do direito e linguagem: uma resposta hermen\u00eautica para a conex\u00e3o entre direito tribut\u00e1rio e contabilidade&#8221;, o estudo se prop\u00f5e a uma incurs\u00e3o hermen\u00eautica sobre a interpenetra\u00e7\u00e3o dos mundos do Direito Tribut\u00e1rio e da Contabilidade a partir da matriz de Heidegger-Gadamer.<\/p>\n<p>Conforme trecho do artigo sobre um paralelo entre o Direito Tribut\u00e1rio e a Contabilidade, &#8220;percebe-se que a tentativa de se utilizar de fatos cont\u00e1beis puros para definir as materialidades tribut\u00e1rias parte exatamente dessa problem\u00e1tica de ordem paradigm\u00e1tica. Isto \u00e9, sobressai-se, de um lado, a cren\u00e7a de que exista uma base tribut\u00e1ria meta-jur\u00eddica, como se fosse um ente atemporal e ideal, e\/ou de outro lado, que a racionalidade humana seja capaz de definir, com o puro intelecto l\u00f3gico, aquilo que objeto real(mente) seja&#8221;.<\/p>\n<p>Para conferir a \u00edntegra do artigo, acesse <a href=\"https:\/\/revista.trf1.jus.br\/trf1\/article\/view\/293\/171\">https:\/\/revista.trf1.jus.br\/trf1\/article\/view\/293\/171<\/a><\/p>\n","protected":false},"excerpt":{"rendered":"<p>Ant\u00f4nio Carlos Sirqueira Rocha \u00e9 filiado ao SINPROFAZ. Lotado na Procuradoria da Fazenda Nacional no Estado do Amap\u00e1, o PFN \u00e9 autor de artigo publicado na mais recente edi\u00e7\u00e3o da Revista do Tribunal Regional Federal da Primeira Regi\u00e3o. Acesse aqui a \u00edntegra do artigo.<\/p>\n","protected":false},"author":2,"featured_media":13149,"comment_status":"open","ping_status":"open","sticky":false,"template":"","format":"standard","meta":{"footnotes":""},"categories":[8],"tags":[174,32,146,25],"featured_image_url":"https:\/\/sinprofaz.org.br\/2024\/wp-content\/uploads\/2021\/05\/revista-do-trf.jpg","character_count":605,"formatted_date":"05\/05\/2021 - 08:00","contentNovo":"Ant\u00f4nio Carlos Sirqueira Rocha \u00e9 filiado ao SINPROFAZ. Lotado na Procuradoria da Fazenda Nacional no Estado do Amap\u00e1, o PFN \u00e9 autor de artigo publicado na mais recente edi\u00e7\u00e3o da Revista do Tribunal Regional Federal da Primeira Regi\u00e3o. Intitulado \"(Auto-)nomia do direito e linguagem: uma resposta hermen\u00eautica para a conex\u00e3o entre direito tribut\u00e1rio e contabilidade\", o estudo se prop\u00f5e a uma incurs\u00e3o hermen\u00eautica sobre a interpenetra\u00e7\u00e3o dos mundos do Direito Tribut\u00e1rio e da Contabilidade a partir da matriz de Heidegger-Gadamer.\r\n\r\nConforme trecho do artigo sobre um paralelo entre o Direito Tribut\u00e1rio e a Contabilidade, \"percebe-se que a tentativa de se utilizar de fatos cont\u00e1beis puros para definir as materialidades tribut\u00e1rias parte exatamente dessa problem\u00e1tica de ordem paradigm\u00e1tica. Isto \u00e9, sobressai-se, de um lado, a cren\u00e7a de que exista uma base tribut\u00e1ria meta-jur\u00eddica, como se fosse um ente atemporal e ideal, e\/ou de outro lado, que a racionalidade humana seja capaz de definir, com o puro intelecto l\u00f3gico, aquilo que objeto real(mente) seja\".\r\n\r\nPara conferir a \u00edntegra do artigo, acesse <a href=\"https:\/\/revista.trf1.jus.br\/trf1\/article\/view\/293\/171\">https:\/\/revista.trf1.jus.br\/trf1\/article\/view\/293\/171<\/a>","_links":{"self":[{"href":"https:\/\/sinprofaz.org.br\/2024\/wp-json\/wp\/v2\/posts\/13148"}],"collection":[{"href":"https:\/\/sinprofaz.org.br\/2024\/wp-json\/wp\/v2\/posts"}],"about":[{"href":"https:\/\/sinprofaz.org.br\/2024\/wp-json\/wp\/v2\/types\/post"}],"author":[{"embeddable":true,"href":"https:\/\/sinprofaz.org.br\/2024\/wp-json\/wp\/v2\/users\/2"}],"replies":[{"embeddable":true,"href":"https:\/\/sinprofaz.org.br\/2024\/wp-json\/wp\/v2\/comments?post=13148"}],"version-history":[{"count":2,"href":"https:\/\/sinprofaz.org.br\/2024\/wp-json\/wp\/v2\/posts\/13148\/revisions"}],"predecessor-version":[{"id":13153,"href":"https:\/\/sinprofaz.org.br\/2024\/wp-json\/wp\/v2\/posts\/13148\/revisions\/13153"}],"wp:featuredmedia":[{"embeddable":true,"href":"https:\/\/sinprofaz.org.br\/2024\/wp-json\/wp\/v2\/media\/13149"}],"wp:attachment":[{"href":"https:\/\/sinprofaz.org.br\/2024\/wp-json\/wp\/v2\/media?parent=13148"}],"wp:term":[{"taxonomy":"category","embeddable":true,"href":"https:\/\/sinprofaz.org.br\/2024\/wp-json\/wp\/v2\/categories?post=13148"},{"taxonomy":"post_tag","embeddable":true,"href":"https:\/\/sinprofaz.org.br\/2024\/wp-json\/wp\/v2\/tags?post=13148"}],"curies":[{"name":"wp","href":"https:\/\/api.w.org\/{rel}","templated":true}]}}