{"id":13124,"date":"2021-04-27T08:00:14","date_gmt":"2021-04-27T11:00:14","guid":{"rendered":"http:\/\/www.sinprofaz.org.br\/?p=13124"},"modified":"2021-04-26T18:34:42","modified_gmt":"2021-04-26T21:34:42","slug":"sinprofaz-marca-presenca-em-reuniao-da-comissao-nacional-de-advocacia-publica","status":"publish","type":"post","link":"https:\/\/sinprofaz.org.br\/2024\/noticias\/sinprofaz-marca-presenca-em-reuniao-da-comissao-nacional-de-advocacia-publica\/","title":{"rendered":"SINPROFAZ MARCA PRESEN\u00c7A EM REUNI\u00c3O DA COMISS\u00c3O NACIONAL DE ADVOCACIA P\u00daBLICA"},"content":{"rendered":"<p>O vice-presidente do SINPROFAZ e membro titular da Comiss\u00e3o Nacional de Advocacia P\u00fablica do Conselho Federal da OAB, Roberto Rodrigues, participou ontem (26) de reuni\u00e3o da referida Comiss\u00e3o. Os debates ao longo do encontro virtual foram conduzidos por Marcello Terto, conselheiro federal e presidente da Comiss\u00e3o.<\/p>\n<p>Estrat\u00e9gias para enfrentamento \u00e0 reforma administrativa foram debatidas na oportunidade. As medidas analisadas ser\u00e3o colocadas em pr\u00e1tica ouvindo-se, de forma conjunta, o CFOAB, a Comiss\u00e3o Nacional de Advocacia P\u00fablica e as Associa\u00e7\u00f5es que representam a Advocacia P\u00fablica. Al\u00e9m da pauta ordin\u00e1ria de processos, os presentes tamb\u00e9m discutiram quest\u00f5es relacionadas \u00e0 defesa de importantes prerrogativas dos advogados p\u00fablicos.<\/p>\n\n\t\t<style type=\"text\/css\">\n\t\t\t#gallery-1 {\n\t\t\t\tmargin: auto;\n\t\t\t}\n\t\t\t#gallery-1 .gallery-item {\n\t\t\t\tfloat: left;\n\t\t\t\tmargin-top: 10px;\n\t\t\t\ttext-align: center;\n\t\t\t\twidth: 33%;\n\t\t\t}\n\t\t\t#gallery-1 img {\n\t\t\t\tborder: 2px solid #cfcfcf;\n\t\t\t}\n\t\t\t#gallery-1 .gallery-caption {\n\t\t\t\tmargin-left: 0;\n\t\t\t}\n\t\t\t\/* see gallery_shortcode() in wp-includes\/media.php *\/\n\t\t<\/style>\n\t\t<div id='gallery-1' class='gallery galleryid-13124 gallery-columns-3 gallery-size-thumbnail'><dl class='gallery-item'>\n\t\t\t<dt class='gallery-icon landscape'>\n\t\t\t\t<a href='https:\/\/sinprofaz.org.br\/2024\/wp-content\/uploads\/2021\/04\/CFOAB-2.jpg'><img loading=\"lazy\" decoding=\"async\" width=\"150\" height=\"150\" src=\"https:\/\/sinprofaz.org.br\/2024\/wp-content\/uploads\/2021\/04\/CFOAB-2-150x150.jpg\" class=\"attachment-thumbnail size-thumbnail\" alt=\"\" \/><\/a>\n\t\t\t<\/dt><\/dl>\n\t\t\t<br style='clear: both' \/>\n\t\t<\/div>\n\n","protected":false},"excerpt":{"rendered":"<p>O vice-presidente do SINPROFAZ e membro titular da Comiss\u00e3o Nacional de Advocacia P\u00fablica do Conselho Federal da OAB, Roberto Rodrigues, participou de reuni\u00e3o da referida Comiss\u00e3o. Os debates ao longo do encontro foram conduzidos por Marcello Terto.<\/p>\n","protected":false},"author":2,"featured_media":13126,"comment_status":"open","ping_status":"open","sticky":false,"template":"","format":"standard","meta":{"footnotes":""},"categories":[8],"tags":[34,22,25],"featured_image_url":"https:\/\/sinprofaz.org.br\/2024\/wp-content\/uploads\/2021\/04\/CFOAB-1.jpg","character_count":559,"formatted_date":"27\/04\/2021 - 08:00","contentNovo":"O vice-presidente do SINPROFAZ e membro titular da Comiss\u00e3o Nacional de Advocacia P\u00fablica do Conselho Federal da OAB, Roberto Rodrigues, participou ontem (26) de reuni\u00e3o da referida Comiss\u00e3o. Os debates ao longo do encontro virtual foram conduzidos por Marcello Terto, conselheiro federal e presidente da Comiss\u00e3o.\r\n\r\nEstrat\u00e9gias para enfrentamento \u00e0 reforma administrativa foram debatidas na oportunidade. As medidas analisadas ser\u00e3o colocadas em pr\u00e1tica ouvindo-se, de forma conjunta, o CFOAB, a Comiss\u00e3o Nacional de Advocacia P\u00fablica e as Associa\u00e7\u00f5es que representam a Advocacia P\u00fablica. Al\u00e9m da pauta ordin\u00e1ria de processos, os presentes tamb\u00e9m discutiram quest\u00f5es relacionadas \u00e0 defesa de importantes prerrogativas dos advogados p\u00fablicos.\r\n\r\n[gallery link=\"file\" ids=\"13125\"]","_links":{"self":[{"href":"https:\/\/sinprofaz.org.br\/2024\/wp-json\/wp\/v2\/posts\/13124"}],"collection":[{"href":"https:\/\/sinprofaz.org.br\/2024\/wp-json\/wp\/v2\/posts"}],"about":[{"href":"https:\/\/sinprofaz.org.br\/2024\/wp-json\/wp\/v2\/types\/post"}],"author":[{"embeddable":true,"href":"https:\/\/sinprofaz.org.br\/2024\/wp-json\/wp\/v2\/users\/2"}],"replies":[{"embeddable":true,"href":"https:\/\/sinprofaz.org.br\/2024\/wp-json\/wp\/v2\/comments?post=13124"}],"version-history":[{"count":1,"href":"https:\/\/sinprofaz.org.br\/2024\/wp-json\/wp\/v2\/posts\/13124\/revisions"}],"predecessor-version":[{"id":13127,"href":"https:\/\/sinprofaz.org.br\/2024\/wp-json\/wp\/v2\/posts\/13124\/revisions\/13127"}],"wp:featuredmedia":[{"embeddable":true,"href":"https:\/\/sinprofaz.org.br\/2024\/wp-json\/wp\/v2\/media\/13126"}],"wp:attachment":[{"href":"https:\/\/sinprofaz.org.br\/2024\/wp-json\/wp\/v2\/media?parent=13124"}],"wp:term":[{"taxonomy":"category","embeddable":true,"href":"https:\/\/sinprofaz.org.br\/2024\/wp-json\/wp\/v2\/categories?post=13124"},{"taxonomy":"post_tag","embeddable":true,"href":"https:\/\/sinprofaz.org.br\/2024\/wp-json\/wp\/v2\/tags?post=13124"}],"curies":[{"name":"wp","href":"https:\/\/api.w.org\/{rel}","templated":true}]}}