{"id":13107,"date":"2021-04-19T08:00:14","date_gmt":"2021-04-19T11:00:14","guid":{"rendered":"http:\/\/www.sinprofaz.org.br\/?p=13107"},"modified":"2021-04-19T13:12:39","modified_gmt":"2021-04-19T16:12:39","slug":"vice-presidente-agradece-a-carreira-pelo-envio-das-procuracoes-da-ago-2021","status":"publish","type":"post","link":"https:\/\/sinprofaz.org.br\/2024\/noticias\/vice-presidente-agradece-a-carreira-pelo-envio-das-procuracoes-da-ago-2021\/","title":{"rendered":"VICE-PRESIDENTE AGRADECE \u00c0 CARREIRA PELO ENVIO DAS PROCURA\u00c7\u00d5ES DA AGO 2021"},"content":{"rendered":"<p>Roberto Rodrigues esteve em Bras\u00edlia\/DF para a AGO 2021 do SINPROFAZ. Em entrevista, o vice-presidente agradeceu pelo significativo n\u00famero de Procura\u00e7\u00f5es enviadas pelos filiados. Segundo Roberto Rodrigues, a participa\u00e7\u00e3o dos Colegas e o interesse pela atua\u00e7\u00e3o do SINPROFAZ demonstram o apoio aos dirigentes sindicais que trabalham, dia a dia, em defesa dos pleitos da Carreira.<\/p>\n<p>&#8220;Momento dif\u00edcil, situa\u00e7\u00e3o complicada, pandemia. Mas n\u00f3s n\u00e3o abrimos m\u00e3o, at\u00e9 pela responsabilidade da nossa fun\u00e7\u00e3o enquanto diretores, de fazer a representa\u00e7\u00e3o da Carreira da melhor forma poss\u00edvel. Quero aqui agradecer aos Colegas do Brasil inteiro que participaram da Assembleia atrav\u00e9s das Procura\u00e7\u00f5es&#8221;, ressaltou o vice-presidente.<\/p>\n<p>Assista \u00e0 \u00edntegra do v\u00eddeo: <a href=\"https:\/\/www.youtube.com\/watch?v=cQl_8RNUPwI\">youtu.be\/cQl_8RNUPwI<\/a><\/p>\n","protected":false},"excerpt":{"rendered":"<p>Roberto Rodrigues esteve em Bras\u00edlia\/DF para a AGO. Segundo o vice-presidente, a participa\u00e7\u00e3o dos Colegas na Assembleia e o interesse pela atua\u00e7\u00e3o do SINPROFAZ demonstram o apoio aos dirigentes sindicais que trabalham em defesa da Carreira.<\/p>\n","protected":false},"author":2,"featured_media":13108,"comment_status":"open","ping_status":"open","sticky":false,"template":"","format":"standard","meta":{"footnotes":""},"categories":[8],"tags":[41,32,25],"featured_image_url":"https:\/\/sinprofaz.org.br\/2024\/wp-content\/uploads\/2021\/04\/Roberto-Rodrigues.jpg","character_count":401,"formatted_date":"19\/04\/2021 - 08:00","contentNovo":"Roberto Rodrigues esteve em Bras\u00edlia\/DF para a AGO 2021 do SINPROFAZ. Em entrevista, o vice-presidente agradeceu pelo significativo n\u00famero de Procura\u00e7\u00f5es enviadas pelos filiados. Segundo Roberto Rodrigues, a participa\u00e7\u00e3o dos Colegas e o interesse pela atua\u00e7\u00e3o do SINPROFAZ demonstram o apoio aos dirigentes sindicais que trabalham, dia a dia, em defesa dos pleitos da Carreira.\r\n\r\n\"Momento dif\u00edcil, situa\u00e7\u00e3o complicada, pandemia. Mas n\u00f3s n\u00e3o abrimos m\u00e3o, at\u00e9 pela responsabilidade da nossa fun\u00e7\u00e3o enquanto diretores, de fazer a representa\u00e7\u00e3o da Carreira da melhor forma poss\u00edvel. Quero aqui agradecer aos Colegas do Brasil inteiro que participaram da Assembleia atrav\u00e9s das Procura\u00e7\u00f5es\", ressaltou o vice-presidente.\r\n\r\nAssista \u00e0 \u00edntegra do v\u00eddeo: <a href=\"https:\/\/www.youtube.com\/watch?v=cQl_8RNUPwI\">youtu.be\/cQl_8RNUPwI<\/a>","_links":{"self":[{"href":"https:\/\/sinprofaz.org.br\/2024\/wp-json\/wp\/v2\/posts\/13107"}],"collection":[{"href":"https:\/\/sinprofaz.org.br\/2024\/wp-json\/wp\/v2\/posts"}],"about":[{"href":"https:\/\/sinprofaz.org.br\/2024\/wp-json\/wp\/v2\/types\/post"}],"author":[{"embeddable":true,"href":"https:\/\/sinprofaz.org.br\/2024\/wp-json\/wp\/v2\/users\/2"}],"replies":[{"embeddable":true,"href":"https:\/\/sinprofaz.org.br\/2024\/wp-json\/wp\/v2\/comments?post=13107"}],"version-history":[{"count":2,"href":"https:\/\/sinprofaz.org.br\/2024\/wp-json\/wp\/v2\/posts\/13107\/revisions"}],"predecessor-version":[{"id":13111,"href":"https:\/\/sinprofaz.org.br\/2024\/wp-json\/wp\/v2\/posts\/13107\/revisions\/13111"}],"wp:featuredmedia":[{"embeddable":true,"href":"https:\/\/sinprofaz.org.br\/2024\/wp-json\/wp\/v2\/media\/13108"}],"wp:attachment":[{"href":"https:\/\/sinprofaz.org.br\/2024\/wp-json\/wp\/v2\/media?parent=13107"}],"wp:term":[{"taxonomy":"category","embeddable":true,"href":"https:\/\/sinprofaz.org.br\/2024\/wp-json\/wp\/v2\/categories?post=13107"},{"taxonomy":"post_tag","embeddable":true,"href":"https:\/\/sinprofaz.org.br\/2024\/wp-json\/wp\/v2\/tags?post=13107"}],"curies":[{"name":"wp","href":"https:\/\/api.w.org\/{rel}","templated":true}]}}