{"id":13100,"date":"2021-04-16T10:09:00","date_gmt":"2021-04-16T13:09:00","guid":{"rendered":"http:\/\/www.sinprofaz.org.br\/?p=13100"},"modified":"2021-04-19T13:13:23","modified_gmt":"2021-04-19T16:13:23","slug":"agu-promove-campanha-voltada-para-mulheres-e-meninas-refugiadas-no-brasil","status":"publish","type":"post","link":"https:\/\/sinprofaz.org.br\/2024\/noticias\/agu-promove-campanha-voltada-para-mulheres-e-meninas-refugiadas-no-brasil\/","title":{"rendered":"AGU PROMOVE CAMPANHA VOLTADA PARA MULHERES E MENINAS REFUGIADAS NO BRASIL"},"content":{"rendered":"<p>Motivada pela crise sanit\u00e1ria provocada pela Covid-19, a Advocacia-Geral da Uni\u00e3o est\u00e1 promovendo a campanha solid\u00e1ria <em>Todos por Elas<\/em>. A iniciativa tem por objetivo a distribui\u00e7\u00e3o de itens de higiene b\u00e1sica para meninas e mulheres refugiadas no Brasil. At\u00e9 o dia 9 de maio, os volunt\u00e1rios poder\u00e3o doar R$ 30 ou mais por meio da plataforma virtual do Programa Nacional de Incentivo ao Voluntariado do Governo Federal &#8211; P\u00e1tria Volunt\u00e1ria: <a href=\"https:\/\/patriavoluntaria.org\/pt-BR\/aggregators\/3cdcfc8e-67f9-44a7-b3e7-ba8ef7478c28\">bit.ly\/TodosporElasAGU<\/a>.<\/p>\n<p>Os valores arrecadados ser\u00e3o revertidos em kits a serem distribu\u00eddos pela organiza\u00e7\u00e3o humanit\u00e1ria IKMR. A distribui\u00e7\u00e3o ocorrer\u00e1 no in\u00edcio de junho, m\u00eas dos refugiados. A campanha integra o programa <em>AGU Pessoas,<\/em> da Secretaria-Geral de Administra\u00e7\u00e3o (SGA\/AGU), e ocorre em parceria com o P\u00e1tria Volunt\u00e1ria, o Minist\u00e9rio da Economia, o Minist\u00e9rio da Justi\u00e7a e Seguran\u00e7a P\u00fablica e o Minist\u00e9rio da Mulher, da Fam\u00edlia e dos Direitos Humanos.<\/p>\n<p><strong><em>Todos por Elas<\/em><\/strong><br \/>\nO lan\u00e7amento da campanha ocorreu no dia 29 de mar\u00e7o, durante evento virtual que marcou o encerramento do M\u00eas da Mulher na AGU. Na oportunidade, foi exibido v\u00eddeo gravado pela primeira-dama. Nele, Michelle Bolsonaro destacou que a empatia \u00e9 um dos sentimentos mais nobres que o ser humano pode ter: \u201cPara entender a necessidade de ajudar o pr\u00f3ximo, \u00e9 preciso se imaginar no lugar dele. Imagine voc\u00ea, mulher, sem acesso a produtos b\u00e1sicos de higiene pessoal. Convidamos a sociedade para participar e ajudar as mulheres nessas condi\u00e7\u00f5es&#8221;.<\/p>\n<p>Segundo I\u00eada Cagni, secret\u00e1ria-geral de Administra\u00e7\u00e3o da AGU, o projeto <em>Todos por Elas<\/em> surgiu a partir da urg\u00eancia em desenvolver iniciativas de promo\u00e7\u00e3o do conhecimento, al\u00e9m de a\u00e7\u00f5es voltadas para a valoriza\u00e7\u00e3o da mulher. &#8220;Especialmente nesta \u00e9poca em que enfrentamos uma pandemia em seu pior momento, \u00e9 indispens\u00e1vel fomentar a\u00e7\u00f5es direcionadas para a valoriza\u00e7\u00e3o n\u00e3o s\u00f3 da mulher, mas de todas as pessoas\u201d, afirmou.<\/p>\n<p>I\u00eada Cagni pediu o engajamento de todos na campanha solid\u00e1ria: \u201cTemos a meta de arrecadar R$ 50 mil para distribuir 1 mil kits de higiene. A participa\u00e7\u00e3o de todos \u00e9 muito importante. Durante a pandemia, temos ajudado muita gente. Por isso, pedimos mais uma vez essa ajuda. Um pouquinho de cada um de n\u00f3s ser\u00e1 muito para algu\u00e9m\u201d.<\/p>\n<p>A adjunta da Dire\u00e7\u00e3o Nacional da Escola da AGU, Rita Nolasco, fez um convite para que toda a sociedade participe da campanha. Ela ressaltou que o <em>Todos Por Elas<\/em> \u00e9 uma iniciativa de \u00e2mbito nacional e refor\u00e7ou que as doa\u00e7\u00f5es precisam ser feitas exclusivamente pela plataforma virtual do P\u00e1tria Volunt\u00e1ria, de modo a evitar o deslocamento de pessoas.<\/p>\n<p>De acordo com Rita Nolasco, a AGU est\u00e1 ciente de que as refugiadas enfrentam muitas dificuldades e que agora, com as medidas de isolamento adotadas para conter a pandemia da Covid-19, os desafios se intensificaram. \u201cEssas pessoas em situa\u00e7\u00e3o de ref\u00fagio, de vulnerabilidade social, sentiram ainda mais os efeitos da crise gerada pela pandemia, em especial as mulheres. Sensibilizada com essa situa\u00e7\u00e3o, a AGU escolheu direcionar a campanha para as meninas e mulheres em situa\u00e7\u00e3o de ref\u00fagio\u201d, explicou.<\/p>\n<p><strong>A IKMR<\/strong><br \/>\nA IKMR &#8211; &#8220;I Know My Rights&#8221; ou &#8220;Eu Conhe\u00e7o Meus Direitos&#8221; &#8211; \u00e9 uma organiza\u00e7\u00e3o n\u00e3o governamental brasileira, sem fins lucrativos, criada em 2012 e que se dedica \u00e0s crian\u00e7as refugiadas. A ONG \u00e9 regida pelas disposi\u00e7\u00f5es da Conven\u00e7\u00e3o Internacional dos Direitos das Crian\u00e7as, do Estatuto da Crian\u00e7a e do Adolescente, da Conven\u00e7\u00e3o de Genebra de 1951 e seu Protocolo de 1967, da Declara\u00e7\u00e3o de Cartagena, da Declara\u00e7\u00e3o e do Plano do M\u00e9xico, da Lei 9474\/97 e das resolu\u00e7\u00f5es do Comit\u00ea Nacional para Refugiados &#8211; CONARE.<\/p>\n<p>A fundadora e diretora-geral da IKMR, Viviane Reis, enfatizou a import\u00e2ncia de a campanha ter como p\u00fablico-alvo meninas e mulheres em situa\u00e7\u00e3o de ref\u00fagio. \u201cQuero parabeniz\u00e1-los e agradec\u00ea-los por terem feito essa escolha.\u201d Viviane Reis ressaltou que o foco da IKMR \u00e9 o acolhimento e a integra\u00e7\u00e3o das crian\u00e7as que buscam ref\u00fagio no Brasil: &#8220;De forma indireta, est\u00e1 entre as nossas prioridades fortalecer o n\u00facleo familiar e a comunidade em que as crian\u00e7as est\u00e3o inseridas. As mulheres que acompanham essas crian\u00e7as j\u00e1 passaram por desafios inimagin\u00e1veis\u201d.<\/p>\n<p>Secret\u00e1ria-executiva do P\u00e1tria Volunt\u00e1ria, Adriana Pinheiro declarou que o programa do Governo Federal est\u00e1 aberto para mais parcerias com a AGU. \u201cEsta campanha tem um lugar especial em nosso cora\u00e7\u00e3o, mas espero que seja a primeira de muitas. Como mulheres, sabemos como \u00e9 importante o cuidado com a higiene e a beleza e como isso restaura nossa dignidade. Esperamos que a campanha seja um grande sucesso ao ajudar mulheres que est\u00e3o precisando desse carinho em um momento t\u00e3o dif\u00edcil para toda a popula\u00e7\u00e3o.\u201d<\/p>\n\n\t\t<style type=\"text\/css\">\n\t\t\t#gallery-1 {\n\t\t\t\tmargin: auto;\n\t\t\t}\n\t\t\t#gallery-1 .gallery-item {\n\t\t\t\tfloat: left;\n\t\t\t\tmargin-top: 10px;\n\t\t\t\ttext-align: center;\n\t\t\t\twidth: 33%;\n\t\t\t}\n\t\t\t#gallery-1 img {\n\t\t\t\tborder: 2px solid #cfcfcf;\n\t\t\t}\n\t\t\t#gallery-1 .gallery-caption {\n\t\t\t\tmargin-left: 0;\n\t\t\t}\n\t\t\t\/* see gallery_shortcode() in wp-includes\/media.php *\/\n\t\t<\/style>\n\t\t<div id='gallery-1' class='gallery galleryid-13100 gallery-columns-3 gallery-size-thumbnail'><dl class='gallery-item'>\n\t\t\t<dt class='gallery-icon landscape'>\n\t\t\t\t<a href='https:\/\/sinprofaz.org.br\/2024\/wp-content\/uploads\/2021\/04\/2-1.jpg'><img loading=\"lazy\" decoding=\"async\" width=\"150\" height=\"150\" src=\"https:\/\/sinprofaz.org.br\/2024\/wp-content\/uploads\/2021\/04\/2-1-150x150.jpg\" class=\"attachment-thumbnail size-thumbnail\" alt=\"\" \/><\/a>\n\t\t\t<\/dt><\/dl>\n\t\t\t<br style='clear: both' \/>\n\t\t<\/div>\n\n","protected":false},"excerpt":{"rendered":"<p>A Advocacia-Geral da Uni\u00e3o est\u00e1 promovendo a campanha &#8220;Todos por Elas&#8221;. A iniciativa tem por objetivo a distribui\u00e7\u00e3o de itens de higiene b\u00e1sica para meninas e mulheres refugiadas no Brasil. At\u00e9 o dia 9 de maio, os volunt\u00e1rios poder\u00e3o doar R$ 30 ou mais.<\/p>\n","protected":false},"author":2,"featured_media":13102,"comment_status":"open","ping_status":"open","sticky":false,"template":"","format":"standard","meta":{"footnotes":""},"categories":[8],"tags":[43,32],"featured_image_url":"https:\/\/sinprofaz.org.br\/2024\/wp-content\/uploads\/2021\/04\/1-1.jpg","character_count":2608,"formatted_date":"16\/04\/2021 - 10:09","contentNovo":"Motivada pela crise sanit\u00e1ria provocada pela Covid-19, a Advocacia-Geral da Uni\u00e3o est\u00e1 promovendo a campanha solid\u00e1ria <em>Todos por Elas<\/em>. A iniciativa tem por objetivo a distribui\u00e7\u00e3o de itens de higiene b\u00e1sica para meninas e mulheres refugiadas no Brasil. At\u00e9 o dia 9 de maio, os volunt\u00e1rios poder\u00e3o doar R$ 30 ou mais por meio da plataforma virtual do Programa Nacional de Incentivo ao Voluntariado do Governo Federal - P\u00e1tria Volunt\u00e1ria: <a href=\"https:\/\/patriavoluntaria.org\/pt-BR\/aggregators\/3cdcfc8e-67f9-44a7-b3e7-ba8ef7478c28\">bit.ly\/TodosporElasAGU<\/a>.\r\n\r\nOs valores arrecadados ser\u00e3o revertidos em kits a serem distribu\u00eddos pela organiza\u00e7\u00e3o humanit\u00e1ria IKMR. A distribui\u00e7\u00e3o ocorrer\u00e1 no in\u00edcio de junho, m\u00eas dos refugiados. A campanha integra o programa <em>AGU Pessoas,<\/em> da Secretaria-Geral de Administra\u00e7\u00e3o (SGA\/AGU), e ocorre em parceria com o P\u00e1tria Volunt\u00e1ria, o Minist\u00e9rio da Economia, o Minist\u00e9rio da Justi\u00e7a e Seguran\u00e7a P\u00fablica e o Minist\u00e9rio da Mulher, da Fam\u00edlia e dos Direitos Humanos.\r\n\r\n<strong><em>Todos por Elas<\/em><\/strong>\r\nO lan\u00e7amento da campanha ocorreu no dia 29 de mar\u00e7o, durante evento virtual que marcou o encerramento do M\u00eas da Mulher na AGU. Na oportunidade, foi exibido v\u00eddeo gravado pela primeira-dama. Nele, Michelle Bolsonaro destacou que a empatia \u00e9 um dos sentimentos mais nobres que o ser humano pode ter: \u201cPara entender a necessidade de ajudar o pr\u00f3ximo, \u00e9 preciso se imaginar no lugar dele. Imagine voc\u00ea, mulher, sem acesso a produtos b\u00e1sicos de higiene pessoal. Convidamos a sociedade para participar e ajudar as mulheres nessas condi\u00e7\u00f5es\".\r\n\r\nSegundo I\u00eada Cagni, secret\u00e1ria-geral de Administra\u00e7\u00e3o da AGU, o projeto <em>Todos por Elas<\/em> surgiu a partir da urg\u00eancia em desenvolver iniciativas de promo\u00e7\u00e3o do conhecimento, al\u00e9m de a\u00e7\u00f5es voltadas para a valoriza\u00e7\u00e3o da mulher. \"Especialmente nesta \u00e9poca em que enfrentamos uma pandemia em seu pior momento, \u00e9 indispens\u00e1vel fomentar a\u00e7\u00f5es direcionadas para a valoriza\u00e7\u00e3o n\u00e3o s\u00f3 da mulher, mas de todas as pessoas\u201d, afirmou.\r\n\r\nI\u00eada Cagni pediu o engajamento de todos na campanha solid\u00e1ria: \u201cTemos a meta de arrecadar R$ 50 mil para distribuir 1 mil kits de higiene. A participa\u00e7\u00e3o de todos \u00e9 muito importante. Durante a pandemia, temos ajudado muita gente. Por isso, pedimos mais uma vez essa ajuda. Um pouquinho de cada um de n\u00f3s ser\u00e1 muito para algu\u00e9m\u201d.\r\n\r\nA adjunta da Dire\u00e7\u00e3o Nacional da Escola da AGU, Rita Nolasco, fez um convite para que toda a sociedade participe da campanha. Ela ressaltou que o <em>Todos Por Elas<\/em> \u00e9 uma iniciativa de \u00e2mbito nacional e refor\u00e7ou que as doa\u00e7\u00f5es precisam ser feitas exclusivamente pela plataforma virtual do P\u00e1tria Volunt\u00e1ria, de modo a evitar o deslocamento de pessoas.\r\n\r\nDe acordo com Rita Nolasco, a AGU est\u00e1 ciente de que as refugiadas enfrentam muitas dificuldades e que agora, com as medidas de isolamento adotadas para conter a pandemia da Covid-19, os desafios se intensificaram. \u201cEssas pessoas em situa\u00e7\u00e3o de ref\u00fagio, de vulnerabilidade social, sentiram ainda mais os efeitos da crise gerada pela pandemia, em especial as mulheres. Sensibilizada com essa situa\u00e7\u00e3o, a AGU escolheu direcionar a campanha para as meninas e mulheres em situa\u00e7\u00e3o de ref\u00fagio\u201d, explicou.\r\n\r\n<strong>A IKMR<\/strong>\r\nA IKMR - \"I Know My Rights\" ou \"Eu Conhe\u00e7o Meus Direitos\" - \u00e9 uma organiza\u00e7\u00e3o n\u00e3o governamental brasileira, sem fins lucrativos, criada em 2012 e que se dedica \u00e0s crian\u00e7as refugiadas. A ONG \u00e9 regida pelas disposi\u00e7\u00f5es da Conven\u00e7\u00e3o Internacional dos Direitos das Crian\u00e7as, do Estatuto da Crian\u00e7a e do Adolescente, da Conven\u00e7\u00e3o de Genebra de 1951 e seu Protocolo de 1967, da Declara\u00e7\u00e3o de Cartagena, da Declara\u00e7\u00e3o e do Plano do M\u00e9xico, da Lei 9474\/97 e das resolu\u00e7\u00f5es do Comit\u00ea Nacional para Refugiados - CONARE.\r\n\r\nA fundadora e diretora-geral da IKMR, Viviane Reis, enfatizou a import\u00e2ncia de a campanha ter como p\u00fablico-alvo meninas e mulheres em situa\u00e7\u00e3o de ref\u00fagio. \u201cQuero parabeniz\u00e1-los e agradec\u00ea-los por terem feito essa escolha.\u201d Viviane Reis ressaltou que o foco da IKMR \u00e9 o acolhimento e a integra\u00e7\u00e3o das crian\u00e7as que buscam ref\u00fagio no Brasil: \"De forma indireta, est\u00e1 entre as nossas prioridades fortalecer o n\u00facleo familiar e a comunidade em que as crian\u00e7as est\u00e3o inseridas. As mulheres que acompanham essas crian\u00e7as j\u00e1 passaram por desafios inimagin\u00e1veis\u201d.\r\n\r\nSecret\u00e1ria-executiva do P\u00e1tria Volunt\u00e1ria, Adriana Pinheiro declarou que o programa do Governo Federal est\u00e1 aberto para mais parcerias com a AGU. \u201cEsta campanha tem um lugar especial em nosso cora\u00e7\u00e3o, mas espero que seja a primeira de muitas. Como mulheres, sabemos como \u00e9 importante o cuidado com a higiene e a beleza e como isso restaura nossa dignidade. Esperamos que a campanha seja um grande sucesso ao ajudar mulheres que est\u00e3o precisando desse carinho em um momento t\u00e3o dif\u00edcil para toda a popula\u00e7\u00e3o.\u201d\r\n\r\n[gallery link=\"file\" ids=\"13101\"]","_links":{"self":[{"href":"https:\/\/sinprofaz.org.br\/2024\/wp-json\/wp\/v2\/posts\/13100"}],"collection":[{"href":"https:\/\/sinprofaz.org.br\/2024\/wp-json\/wp\/v2\/posts"}],"about":[{"href":"https:\/\/sinprofaz.org.br\/2024\/wp-json\/wp\/v2\/types\/post"}],"author":[{"embeddable":true,"href":"https:\/\/sinprofaz.org.br\/2024\/wp-json\/wp\/v2\/users\/2"}],"replies":[{"embeddable":true,"href":"https:\/\/sinprofaz.org.br\/2024\/wp-json\/wp\/v2\/comments?post=13100"}],"version-history":[{"count":4,"href":"https:\/\/sinprofaz.org.br\/2024\/wp-json\/wp\/v2\/posts\/13100\/revisions"}],"predecessor-version":[{"id":13112,"href":"https:\/\/sinprofaz.org.br\/2024\/wp-json\/wp\/v2\/posts\/13100\/revisions\/13112"}],"wp:featuredmedia":[{"embeddable":true,"href":"https:\/\/sinprofaz.org.br\/2024\/wp-json\/wp\/v2\/media\/13102"}],"wp:attachment":[{"href":"https:\/\/sinprofaz.org.br\/2024\/wp-json\/wp\/v2\/media?parent=13100"}],"wp:term":[{"taxonomy":"category","embeddable":true,"href":"https:\/\/sinprofaz.org.br\/2024\/wp-json\/wp\/v2\/categories?post=13100"},{"taxonomy":"post_tag","embeddable":true,"href":"https:\/\/sinprofaz.org.br\/2024\/wp-json\/wp\/v2\/tags?post=13100"}],"curies":[{"name":"wp","href":"https:\/\/api.w.org\/{rel}","templated":true}]}}