{"id":1310,"date":"2013-05-16T17:23:31","date_gmt":"2013-05-16T17:23:31","guid":{"rendered":""},"modified":"-0001-11-30T00:00:00","modified_gmt":"-0001-11-30T03:00:00","slug":"mais-um-parlamentar-atua-para-nomeacao-de-pfns-aprovados","status":"publish","type":"post","link":"https:\/\/sinprofaz.org.br\/2024\/noticias\/mais-um-parlamentar-atua-para-nomeacao-de-pfns-aprovados\/","title":{"rendered":"Mais um parlamentar atua para nomea\u00e7\u00e3o de PFNs aprovados"},"content":{"rendered":"<p>A iniciativa do deputado cearense atende a interven\u00e7\u00f5es da diretoria do SINPROFAZ no sentido de angariar apoio dos parlamentares para a nomea\u00e7\u00e3o imediata dos Procuradores da Fazenda aprovados no \u00faltimo concurso.<\/p>\n<p>A Indica\u00e7\u00e3o de Andr\u00e9 Figueiredo ao Minist\u00e9rio do Planejamento, Or\u00e7amento e Gest\u00e3o foi apresentada na ter\u00e7a-feira, 14 de maio.<\/p>\n<p>No documento, o deputado registra que \u201cembora haja previs\u00e3o legal para o preenchimento de 2.400 (dois mil e quatrocentos) cargos de Procurador da Fazenda Nacional, autorizado pela Lei 11.457, de 16 de mar\u00e7o de 2007, existem na Procuradoria da Fazenda Nacional o n\u00famero de 1.922 (mil,novecentos e vinte e dois) procuradores ativos, existindo, dessa forma, 478 (quatrocentos e setenta e oito) cargos vagos, conforme se extrai do \u2018Relat\u00f3rio Final GT \u2013 Carreira\u2019, publicado pela Advocacia-Geral da Uni\u00e3o em dezembro de 2012\u201d.<\/p>\n<p>Nas justificativas da Indica\u00e7\u00e3o, o deputado comenta ainda os impactos da aprova\u00e7\u00e3o da PEC 544\/02, que cria quatro novos tribunais federais e representa o crescimento da Justi\u00e7a Federal. Esse crescimento, alerta o parlamentar, traz a demanda de aumento tamb\u00e9m do quadro de Procuradores da Fazenda Nacional para fazer frente ao aumento da carga de trabalho nas capitais onde ser\u00e3o instalados os tribunais.<\/p>\n","protected":false},"excerpt":{"rendered":"<p>Indica\u00e7\u00e3o do deputado Andr\u00e9 Figueiredo, l\u00edder do PDT na C\u00e2mara, requer \u00e0 ministra do Planejamento a convoca\u00e7\u00e3o do grupo de excedentes do concurso para a carreira de PFN.<\/p>\n","protected":false},"author":1,"featured_media":0,"comment_status":"closed","ping_status":"open","sticky":false,"template":"","format":"standard","meta":{"footnotes":""},"categories":[8],"tags":[],"featured_image_url":"https:\/\/dummyimage.com\/720x400","character_count":649,"formatted_date":"16\/05\/2013 - 17:23","contentNovo":"\r\n<p>A iniciativa do deputado cearense atende a interven\u00e7\u00f5es da diretoria do SINPROFAZ no sentido de angariar apoio dos parlamentares para a nomea\u00e7\u00e3o imediata dos Procuradores da Fazenda aprovados no \u00faltimo concurso.<\/p>\r\n<p>A Indica\u00e7\u00e3o de Andr\u00e9 Figueiredo ao Minist\u00e9rio do Planejamento, Or\u00e7amento e Gest\u00e3o foi apresentada na ter\u00e7a-feira, 14 de maio.<\/p>\r\n<p>No documento, o deputado registra que \u201cembora haja previs\u00e3o legal para o preenchimento de 2.400 (dois mil e quatrocentos) cargos de Procurador da Fazenda Nacional, autorizado pela Lei 11.457, de 16 de mar\u00e7o de 2007, existem na Procuradoria da Fazenda Nacional o n\u00famero de 1.922 (mil,novecentos e vinte e dois) procuradores ativos, existindo, dessa forma, 478 (quatrocentos e setenta e oito) cargos vagos, conforme se extrai do \u2018Relat\u00f3rio Final GT \u2013 Carreira\u2019, publicado pela Advocacia-Geral da Uni\u00e3o em dezembro de 2012\u201d.<\/p>\r\n<p>Nas justificativas da Indica\u00e7\u00e3o, o deputado comenta ainda os impactos da aprova\u00e7\u00e3o da PEC 544\/02, que cria quatro novos tribunais federais e representa o crescimento da Justi\u00e7a Federal. Esse crescimento, alerta o parlamentar, traz a demanda de aumento tamb\u00e9m do quadro de Procuradores da Fazenda Nacional para fazer frente ao aumento da carga de trabalho nas capitais onde ser\u00e3o instalados os tribunais.<\/p>","_links":{"self":[{"href":"https:\/\/sinprofaz.org.br\/2024\/wp-json\/wp\/v2\/posts\/1310"}],"collection":[{"href":"https:\/\/sinprofaz.org.br\/2024\/wp-json\/wp\/v2\/posts"}],"about":[{"href":"https:\/\/sinprofaz.org.br\/2024\/wp-json\/wp\/v2\/types\/post"}],"author":[{"embeddable":true,"href":"https:\/\/sinprofaz.org.br\/2024\/wp-json\/wp\/v2\/users\/1"}],"replies":[{"embeddable":true,"href":"https:\/\/sinprofaz.org.br\/2024\/wp-json\/wp\/v2\/comments?post=1310"}],"version-history":[{"count":0,"href":"https:\/\/sinprofaz.org.br\/2024\/wp-json\/wp\/v2\/posts\/1310\/revisions"}],"wp:attachment":[{"href":"https:\/\/sinprofaz.org.br\/2024\/wp-json\/wp\/v2\/media?parent=1310"}],"wp:term":[{"taxonomy":"category","embeddable":true,"href":"https:\/\/sinprofaz.org.br\/2024\/wp-json\/wp\/v2\/categories?post=1310"},{"taxonomy":"post_tag","embeddable":true,"href":"https:\/\/sinprofaz.org.br\/2024\/wp-json\/wp\/v2\/tags?post=1310"}],"curies":[{"name":"wp","href":"https:\/\/api.w.org\/{rel}","templated":true}]}}