{"id":1306,"date":"2013-05-13T12:23:58","date_gmt":"2013-05-13T12:23:58","guid":{"rendered":""},"modified":"-0001-11-30T00:00:00","modified_gmt":"-0001-11-30T03:00:00","slug":"asacar-o-programa-automotivo-do-asaclub","status":"publish","type":"post","link":"https:\/\/sinprofaz.org.br\/2024\/noticias\/asacar-o-programa-automotivo-do-asaclub\/","title":{"rendered":"ASAcar, o programa automotivo do ASAclub"},"content":{"rendered":"<p>Foram muitas as negocia\u00e7\u00f5es e estudos de mercado at\u00e9 a concep\u00e7\u00e3o do programa automotivo ASAcar.<\/p>\n<p>Em 2009 o ASAclub iniciou seus primeiros passos no relacionamento com as montadoras, pois j\u00e1 percebia a for\u00e7a do segmento para o associado. Em seguida constatou que esta categoria de consumo era o \u2018carro-chefe\u2019 na \u00e1rea de conv\u00eanios.<\/p>\n<p style=\"text-align: justify;\">O&nbsp;ASAcar, programa automotivo ASAclub, foi criado para ser um diferencial no setor de compras de ve\u00edculos beneficiando o associado com a possibilidade de aquisi\u00e7\u00e3o diretamente das montadoras. O que acarreta num valor ainda menor.<\/p>\n<p style=\"text-align: justify;\">A facilidade em acessar o projeto &#8211; escolher a montadora de sua prefer\u00eancia, o modelo, vers\u00e3o, cor e adicionais que desejar ter em seu ve\u00edculo, e enviar o formul\u00e1rio do pedido para an\u00e1lise da montadora &#8211; foi pensada no quanto seria exclusiva do associado e o quanto \u00e9 importante a participa\u00e7\u00e3o e conhecimento em todas as etapas do programa.<\/p>\n<p style=\"text-align: justify;\">O ASAclub, por meio do ASAcar, segue com a mesma proposta de beneficiar os associados.<\/p>\n<p>Para mais informa\u00e7\u00f5es entre em contato pelo e-mail: <a href=\"mailto:contato@asaclub.org.br\">contato@asaclub.org.br<\/a>&nbsp;ou 0800 2160 100.<\/p>\n","protected":false},"excerpt":{"rendered":"<p>Foram muitas as negocia\u00e7\u00f5es e estudos de mercado at\u00e9 a concep\u00e7\u00e3o do programa automotivo ASAcar.<\/p>\n","protected":false},"author":1,"featured_media":0,"comment_status":"closed","ping_status":"open","sticky":false,"template":"","format":"standard","meta":{"footnotes":""},"categories":[8],"tags":[],"featured_image_url":"https:\/\/dummyimage.com\/720x400","character_count":564,"formatted_date":"13\/05\/2013 - 12:23","contentNovo":"\r\n<p>Foram muitas as negocia\u00e7\u00f5es e estudos de mercado at\u00e9 a concep\u00e7\u00e3o do programa automotivo ASAcar.<\/p>\r\n<p>Em 2009 o ASAclub iniciou seus primeiros passos no relacionamento com as montadoras, pois j\u00e1 percebia a for\u00e7a do segmento para o associado. Em seguida constatou que esta categoria de consumo era o \u2018carro-chefe\u2019 na \u00e1rea de conv\u00eanios.<\/p>\r\n<p style=\"text-align: justify;\">O&nbsp;ASAcar, programa automotivo ASAclub, foi criado para ser um diferencial no setor de compras de ve\u00edculos beneficiando o associado com a possibilidade de aquisi\u00e7\u00e3o diretamente das montadoras. O que acarreta num valor ainda menor.<\/p>\r\n<p style=\"text-align: justify;\">A facilidade em acessar o projeto - escolher a montadora de sua prefer\u00eancia, o modelo, vers\u00e3o, cor e adicionais que desejar ter em seu ve\u00edculo, e enviar o formul\u00e1rio do pedido para an\u00e1lise da montadora - foi pensada no quanto seria exclusiva do associado e o quanto \u00e9 importante a participa\u00e7\u00e3o e conhecimento em todas as etapas do programa.<\/p>\r\n<p style=\"text-align: justify;\">O ASAclub, por meio do ASAcar, segue com a mesma proposta de beneficiar os associados.<\/p>\r\n<p>Para mais informa\u00e7\u00f5es entre em contato pelo e-mail: <a href=\"mailto:contato@asaclub.org.br\">contato@asaclub.org.br<\/a>&nbsp;ou 0800 2160 100.<\/p>","_links":{"self":[{"href":"https:\/\/sinprofaz.org.br\/2024\/wp-json\/wp\/v2\/posts\/1306"}],"collection":[{"href":"https:\/\/sinprofaz.org.br\/2024\/wp-json\/wp\/v2\/posts"}],"about":[{"href":"https:\/\/sinprofaz.org.br\/2024\/wp-json\/wp\/v2\/types\/post"}],"author":[{"embeddable":true,"href":"https:\/\/sinprofaz.org.br\/2024\/wp-json\/wp\/v2\/users\/1"}],"replies":[{"embeddable":true,"href":"https:\/\/sinprofaz.org.br\/2024\/wp-json\/wp\/v2\/comments?post=1306"}],"version-history":[{"count":0,"href":"https:\/\/sinprofaz.org.br\/2024\/wp-json\/wp\/v2\/posts\/1306\/revisions"}],"wp:attachment":[{"href":"https:\/\/sinprofaz.org.br\/2024\/wp-json\/wp\/v2\/media?parent=1306"}],"wp:term":[{"taxonomy":"category","embeddable":true,"href":"https:\/\/sinprofaz.org.br\/2024\/wp-json\/wp\/v2\/categories?post=1306"},{"taxonomy":"post_tag","embeddable":true,"href":"https:\/\/sinprofaz.org.br\/2024\/wp-json\/wp\/v2\/tags?post=1306"}],"curies":[{"name":"wp","href":"https:\/\/api.w.org\/{rel}","templated":true}]}}