{"id":1305,"date":"2013-05-13T12:08:28","date_gmt":"2013-05-13T12:08:28","guid":{"rendered":""},"modified":"-0001-11-30T00:00:00","modified_gmt":"-0001-11-30T03:00:00","slug":"criacao-de-carreiras-de-apoio-na-agu-e-tema-de-requerimentos-de-informacoes","status":"publish","type":"post","link":"https:\/\/sinprofaz.org.br\/2024\/noticias\/criacao-de-carreiras-de-apoio-na-agu-e-tema-de-requerimentos-de-informacoes\/","title":{"rendered":"Cria\u00e7\u00e3o de carreiras de apoio na AGU \u00e9 tema de requerimentos de informa\u00e7\u00f5es"},"content":{"rendered":"<p>Os deputados solicitaram informa\u00e7\u00f5es sobre o Plano de Carreira dos Servidores da Advocacia-Geral da Uni\u00e3o e Defensoria P\u00fablica da Uni\u00e3o. Eles apresentaram quatro quest\u00f5es principais, resumidas a seguir:<\/p>\n<ol style=\"clear: both;\">\n<li>As futuras carreiras de analista e t\u00e9cnico ser\u00e3o ocupadas exclusivamente por concursados ou haver\u00e1 aproveitamento dos atuais servidores da AGU e da DPU?<\/li>\n<li>H\u00e1 precedentes legais e t\u00e9cnicos para o aproveitamento dos atuais servidores da AGU e DPU nas futuras carreiras. Qual \u00e9 o entendimento do Minist\u00e9rio do Planejamento sobre o tema?<\/li>\n<li>Qual \u00e9 o posicionamento do Minist\u00e9rio do Planejamento para a resolu\u00e7\u00e3o do fracionamento do Quadro de Pessoal da AGU? E a quest\u00e3o remunerat\u00f3ria, como o MPOG resolver\u00e1 as disparidades internas?<\/li>\n<li>A cria\u00e7\u00e3o do Plano de Carreira est\u00e1 sendo tratada como uma prioridade do Minist\u00e9rio do Planejamento? Caso positivo, qual \u00e9 a data para o envio do anteprojeto de lei para a an\u00e1lise legislativa?<\/li>\n<\/ol>\n<p>Nas justificativas dos requerimentos, os parlamentares comentaram que os dois \u00f3rg\u00e3os sofrem com a falta de quadros pr\u00f3prios, est\u00e1veis e tecnicamente qualificados para o apoio administrativo, o que leva membros da AGU a realizar servi\u00e7os que deveriam ser de assessores.<\/p>\n<p>Esse d\u00e9ficit, alertaram os deputados, cria um quadro nocivo: os processos t\u00eam ritmo c\u00e9lere nas institui\u00e7\u00f5es que comp\u00f5em as fun\u00e7\u00f5es essenciais \u00e0 Justi\u00e7a, o que nem sempre ocorre na Advocacia P\u00fablica.<\/p>\n<p>&nbsp;<\/p>\n","protected":false},"excerpt":{"rendered":"<p>Os requerimentos foram apresentados pelos deputados F\u00e1bio Trad (PMDB-MS) e La\u00e9rcio Oliveira (PR-SE) e dirigiram-se \u00e0 AGU e ao Minist\u00e9rio do Planejamento.<\/p>\n","protected":false},"author":1,"featured_media":0,"comment_status":"closed","ping_status":"open","sticky":false,"template":"","format":"standard","meta":{"footnotes":""},"categories":[8],"tags":[],"featured_image_url":"https:\/\/dummyimage.com\/720x400","character_count":720,"formatted_date":"13\/05\/2013 - 12:08","contentNovo":"\r\n<p>Os deputados solicitaram informa\u00e7\u00f5es sobre o Plano de Carreira dos Servidores da Advocacia-Geral da Uni\u00e3o e Defensoria P\u00fablica da Uni\u00e3o. Eles apresentaram quatro quest\u00f5es principais, resumidas a seguir:<\/p>\r\n\r\nAs futuras carreiras de analista e t\u00e9cnico ser\u00e3o ocupadas exclusivamente por concursados ou haver\u00e1 aproveitamento dos atuais servidores da AGU e da DPU?\r\nH\u00e1 precedentes legais e t\u00e9cnicos para o aproveitamento dos atuais servidores da AGU e DPU nas futuras carreiras. Qual \u00e9 o entendimento do Minist\u00e9rio do Planejamento sobre o tema?\r\nQual \u00e9 o posicionamento do Minist\u00e9rio do Planejamento para a resolu\u00e7\u00e3o do fracionamento do Quadro de Pessoal da AGU? E a quest\u00e3o remunerat\u00f3ria, como o MPOG resolver\u00e1 as disparidades internas?\r\nA cria\u00e7\u00e3o do Plano de Carreira est\u00e1 sendo tratada como uma prioridade do Minist\u00e9rio do Planejamento? Caso positivo, qual \u00e9 a data para o envio do anteprojeto de lei para a an\u00e1lise legislativa?\r\n\r\n<p>Nas justificativas dos requerimentos, os parlamentares comentaram que os dois \u00f3rg\u00e3os sofrem com a falta de quadros pr\u00f3prios, est\u00e1veis e tecnicamente qualificados para o apoio administrativo, o que leva membros da AGU a realizar servi\u00e7os que deveriam ser de assessores.<\/p>\r\n<p>Esse d\u00e9ficit, alertaram os deputados, cria um quadro nocivo: os processos t\u00eam ritmo c\u00e9lere nas institui\u00e7\u00f5es que comp\u00f5em as fun\u00e7\u00f5es essenciais \u00e0 Justi\u00e7a, o que nem sempre ocorre na Advocacia P\u00fablica.<\/p>\r\n<p>&nbsp;<\/p>","_links":{"self":[{"href":"https:\/\/sinprofaz.org.br\/2024\/wp-json\/wp\/v2\/posts\/1305"}],"collection":[{"href":"https:\/\/sinprofaz.org.br\/2024\/wp-json\/wp\/v2\/posts"}],"about":[{"href":"https:\/\/sinprofaz.org.br\/2024\/wp-json\/wp\/v2\/types\/post"}],"author":[{"embeddable":true,"href":"https:\/\/sinprofaz.org.br\/2024\/wp-json\/wp\/v2\/users\/1"}],"replies":[{"embeddable":true,"href":"https:\/\/sinprofaz.org.br\/2024\/wp-json\/wp\/v2\/comments?post=1305"}],"version-history":[{"count":0,"href":"https:\/\/sinprofaz.org.br\/2024\/wp-json\/wp\/v2\/posts\/1305\/revisions"}],"wp:attachment":[{"href":"https:\/\/sinprofaz.org.br\/2024\/wp-json\/wp\/v2\/media?parent=1305"}],"wp:term":[{"taxonomy":"category","embeddable":true,"href":"https:\/\/sinprofaz.org.br\/2024\/wp-json\/wp\/v2\/categories?post=1305"},{"taxonomy":"post_tag","embeddable":true,"href":"https:\/\/sinprofaz.org.br\/2024\/wp-json\/wp\/v2\/tags?post=1305"}],"curies":[{"name":"wp","href":"https:\/\/api.w.org\/{rel}","templated":true}]}}