{"id":13049,"date":"2021-04-05T07:30:30","date_gmt":"2021-04-05T10:30:30","guid":{"rendered":"http:\/\/www.sinprofaz.org.br\/?p=13049"},"modified":"2021-04-06T09:03:33","modified_gmt":"2021-04-06T12:03:33","slug":"para-delegado-sindical-servico-publico-precisa-da-contribuicao-do-sinprofaz","status":"publish","type":"post","link":"https:\/\/sinprofaz.org.br\/2024\/noticias\/para-delegado-sindical-servico-publico-precisa-da-contribuicao-do-sinprofaz\/","title":{"rendered":"PARA DELEGADO SINDICAL, &#8220;SERVI\u00c7O P\u00daBLICO PRECISA DA CONTRIBUI\u00c7\u00c3O DO SINPROFAZ&#8221;"},"content":{"rendered":"<p>Delegado sindical em Pernambuco, Paulo Mariano Vasconcelos compareceu \u00e0 Assembleia Geral Ordin\u00e1ria do SINPROFAZ. A AGO 2021 ocorreu no dia 27 de mar\u00e7o, s\u00e1bado, em Bras\u00edlia\/DF, e contou com a participa\u00e7\u00e3o dos filiados por meio, especialmente, das Procura\u00e7\u00f5es Eletr\u00f4nicas. Em entrevista \u00e0 TV SINPROFAZ, Paulo Mariano deu destaque ao momento enfrentado pelo funcionalismo, que vem sofrendo ataques por parte de agentes pol\u00edticos. Para o delegado sindical, o servi\u00e7o p\u00fablico precisa da contribui\u00e7\u00e3o dos PFNs, assim como da contribui\u00e7\u00e3o do SINPROFAZ.<\/p>\n<p>&#8220;Estamos passando por um momento cr\u00edtico, sens\u00edvel para todo o servi\u00e7o p\u00fablico e a atividade p\u00fablica de um modo geral. Apesar das restri\u00e7\u00f5es do per\u00edodo de pandemia, do Congresso Nacional sem acesso pelo p\u00fablico externo, vejo que o SINPROFAZ tem se dado a um trabalho muito \u00e1rduo, a uma atividade muito intensa. Permanecendo unidos mesmo neste momento de isolamento, conseguiremos defender da melhor forma poss\u00edvel os interesses da Carreira de Procurador da Fazenda Nacional.&#8221;<\/p>\n<p>Confira a \u00edntegra da entrevista: <a href=\"https:\/\/www.youtube.com\/watch?v=E-A0phK0D1Q\">youtu.be\/E-A0phK0D1Q<\/a><\/p>\n","protected":false},"excerpt":{"rendered":"<p>Delegado sindical em Pernambuco, Paulo Mariano compareceu \u00e0 Assembleia Geral Ordin\u00e1ria do SINPROFAZ. A AGO 2021 ocorreu no dia 27 de mar\u00e7o, em Bras\u00edlia\/DF, e contou com a participa\u00e7\u00e3o dos filiados por meio, especialmente, das Procura\u00e7\u00f5es.<\/p>\n","protected":false},"author":2,"featured_media":13050,"comment_status":"open","ping_status":"open","sticky":false,"template":"","format":"standard","meta":{"footnotes":""},"categories":[8],"tags":[41,27,25],"featured_image_url":"https:\/\/sinprofaz.org.br\/2024\/wp-content\/uploads\/2021\/04\/delegado-paulo-marinho.jpg","character_count":559,"formatted_date":"05\/04\/2021 - 07:30","contentNovo":"Delegado sindical em Pernambuco, Paulo Mariano Vasconcelos compareceu \u00e0 Assembleia Geral Ordin\u00e1ria do SINPROFAZ. A AGO 2021 ocorreu no dia 27 de mar\u00e7o, s\u00e1bado, em Bras\u00edlia\/DF, e contou com a participa\u00e7\u00e3o dos filiados por meio, especialmente, das Procura\u00e7\u00f5es Eletr\u00f4nicas. Em entrevista \u00e0 TV SINPROFAZ, Paulo Mariano deu destaque ao momento enfrentado pelo funcionalismo, que vem sofrendo ataques por parte de agentes pol\u00edticos. Para o delegado sindical, o servi\u00e7o p\u00fablico precisa da contribui\u00e7\u00e3o dos PFNs, assim como da contribui\u00e7\u00e3o do SINPROFAZ.\r\n\r\n\"Estamos passando por um momento cr\u00edtico, sens\u00edvel para todo o servi\u00e7o p\u00fablico e a atividade p\u00fablica de um modo geral. Apesar das restri\u00e7\u00f5es do per\u00edodo de pandemia, do Congresso Nacional sem acesso pelo p\u00fablico externo, vejo que o SINPROFAZ tem se dado a um trabalho muito \u00e1rduo, a uma atividade muito intensa. Permanecendo unidos mesmo neste momento de isolamento, conseguiremos defender da melhor forma poss\u00edvel os interesses da Carreira de Procurador da Fazenda Nacional.\"\r\n\r\nConfira a \u00edntegra da entrevista: <a href=\"https:\/\/www.youtube.com\/watch?v=E-A0phK0D1Q\">youtu.be\/E-A0phK0D1Q<\/a>","_links":{"self":[{"href":"https:\/\/sinprofaz.org.br\/2024\/wp-json\/wp\/v2\/posts\/13049"}],"collection":[{"href":"https:\/\/sinprofaz.org.br\/2024\/wp-json\/wp\/v2\/posts"}],"about":[{"href":"https:\/\/sinprofaz.org.br\/2024\/wp-json\/wp\/v2\/types\/post"}],"author":[{"embeddable":true,"href":"https:\/\/sinprofaz.org.br\/2024\/wp-json\/wp\/v2\/users\/2"}],"replies":[{"embeddable":true,"href":"https:\/\/sinprofaz.org.br\/2024\/wp-json\/wp\/v2\/comments?post=13049"}],"version-history":[{"count":3,"href":"https:\/\/sinprofaz.org.br\/2024\/wp-json\/wp\/v2\/posts\/13049\/revisions"}],"predecessor-version":[{"id":13057,"href":"https:\/\/sinprofaz.org.br\/2024\/wp-json\/wp\/v2\/posts\/13049\/revisions\/13057"}],"wp:featuredmedia":[{"embeddable":true,"href":"https:\/\/sinprofaz.org.br\/2024\/wp-json\/wp\/v2\/media\/13050"}],"wp:attachment":[{"href":"https:\/\/sinprofaz.org.br\/2024\/wp-json\/wp\/v2\/media?parent=13049"}],"wp:term":[{"taxonomy":"category","embeddable":true,"href":"https:\/\/sinprofaz.org.br\/2024\/wp-json\/wp\/v2\/categories?post=13049"},{"taxonomy":"post_tag","embeddable":true,"href":"https:\/\/sinprofaz.org.br\/2024\/wp-json\/wp\/v2\/tags?post=13049"}],"curies":[{"name":"wp","href":"https:\/\/api.w.org\/{rel}","templated":true}]}}