{"id":13040,"date":"2021-03-31T07:30:58","date_gmt":"2021-03-31T10:30:58","guid":{"rendered":"http:\/\/www.sinprofaz.org.br\/?p=13040"},"modified":"2021-03-31T08:37:40","modified_gmt":"2021-03-31T11:37:40","slug":"em-entrevista-ao-gazeta-do-povo-diretor-do-sinprofaz-fala-sobre-o-refis","status":"publish","type":"post","link":"https:\/\/sinprofaz.org.br\/2024\/noticias\/em-entrevista-ao-gazeta-do-povo-diretor-do-sinprofaz-fala-sobre-o-refis\/","title":{"rendered":"EM ENTREVISTA AO GAZETA DO POVO, DIRETOR DO SINPROFAZ FALA SOBRE O REFIS"},"content":{"rendered":"<p>O diretor do SINPROFAZ Ricardo Queiroz concedeu entrevista ao Gazeta do Povo, portal de not\u00edcias de Curitiba\/PR. A mat\u00e9ria tratou da inten\u00e7\u00e3o de Rodrigo Pacheco (DEM-MG) de lan\u00e7ar um novo Refis para renegocia\u00e7\u00e3o de d\u00edvidas com a Uni\u00e3o. A proposta do presidente do Senado Federal \u00e9 retomar o Programa Especial de Regulariza\u00e7\u00e3o Tribut\u00e1ria (Pert) lan\u00e7ado em 2017.<\/p>\n<p>Ao Gazeta do Povo, Ricardo Queiroz explicou que uma reabertura do Pert ocorreria em contradi\u00e7\u00e3o \u00e0 moderniza\u00e7\u00e3o da legisla\u00e7\u00e3o tribut\u00e1ria conquistada junto ao Congresso Nacional. Os perd\u00f5es seriam contradit\u00f3rios, ainda, \u00e0 recente PEC Emergencial, que previu a redu\u00e7\u00e3o de benef\u00edcios fiscais. Segundo o diretor, solu\u00e7\u00f5es como a transa\u00e7\u00e3o tribut\u00e1ria e a nova Lei de Fal\u00eancias e Recupera\u00e7\u00e3o Judicial s\u00e3o mais ben\u00e9ficas, pois consideram os detalhes de cada caso na negocia\u00e7\u00e3o. Com o Refis, surge tamb\u00e9m o risco da a\u00e7\u00e3o de devedores contumazes.<\/p>\n<p>&#8220;O Refis at\u00e9 permite, nas primeiras parcelas, alguma recupera\u00e7\u00e3o de valores. Geralmente [esses devedores] pagam uma, duas, tr\u00eas parcelas, ent\u00e3o conseguem a Certid\u00e3o Negativa de D\u00e9bitos e abandonam o que foi negociado. Quem se prejudica \u00e9 o bom pagador, que honra suas obriga\u00e7\u00f5es, porque a carga sobre ele aumenta, ao passo que esses outros pagam menos por causa do Refis. \u00c9 um verdadeiro c\u00edrculo vicioso&#8221;, destacou Ricardo Queiroz.<\/p>\n<p>Confira a \u00edntegra da mat\u00e9ria: <a href=\"https:\/\/www.gazetadopovo.com.br\/economia\/o-que-se-sabe-sobre-o-novo-refis-defendido-pelo-presidente-do-senado\/\">https:\/\/www.gazetadopovo.com.br\/economia\/o-que-se-sabe-sobre-o-novo-refis-defendido-pelo-presidente-do-senado\/<\/a><\/p>\n","protected":false},"excerpt":{"rendered":"<p>Ricardo Queiroz concedeu entrevista ao portal de not\u00edcias de Curitiba\/PR. A mat\u00e9ria tratou da inten\u00e7\u00e3o de Rodrigo Pacheco de lan\u00e7ar um novo Refis para renegocia\u00e7\u00e3o de d\u00edvidas com a Uni\u00e3o. A proposta do presidente do Senado \u00e9 retomar o Pert lan\u00e7ado em 2017.<\/p>\n","protected":false},"author":2,"featured_media":13041,"comment_status":"open","ping_status":"open","sticky":false,"template":"","format":"standard","meta":{"footnotes":""},"categories":[8],"tags":[45,146,92,25],"featured_image_url":"https:\/\/sinprofaz.org.br\/2024\/wp-content\/uploads\/2021\/03\/gazeta-do-povo.jpg","character_count":770,"formatted_date":"31\/03\/2021 - 07:30","contentNovo":"O diretor do SINPROFAZ Ricardo Queiroz concedeu entrevista ao Gazeta do Povo, portal de not\u00edcias de Curitiba\/PR. A mat\u00e9ria tratou da inten\u00e7\u00e3o de Rodrigo Pacheco (DEM-MG) de lan\u00e7ar um novo Refis para renegocia\u00e7\u00e3o de d\u00edvidas com a Uni\u00e3o. A proposta do presidente do Senado Federal \u00e9 retomar o Programa Especial de Regulariza\u00e7\u00e3o Tribut\u00e1ria (Pert) lan\u00e7ado em 2017.\r\n\r\nAo Gazeta do Povo, Ricardo Queiroz explicou que uma reabertura do Pert ocorreria em contradi\u00e7\u00e3o \u00e0 moderniza\u00e7\u00e3o da legisla\u00e7\u00e3o tribut\u00e1ria conquistada junto ao Congresso Nacional. Os perd\u00f5es seriam contradit\u00f3rios, ainda, \u00e0 recente PEC Emergencial, que previu a redu\u00e7\u00e3o de benef\u00edcios fiscais. Segundo o diretor, solu\u00e7\u00f5es como a transa\u00e7\u00e3o tribut\u00e1ria e a nova Lei de Fal\u00eancias e Recupera\u00e7\u00e3o Judicial s\u00e3o mais ben\u00e9ficas, pois consideram os detalhes de cada caso na negocia\u00e7\u00e3o. Com o Refis, surge tamb\u00e9m o risco da a\u00e7\u00e3o de devedores contumazes.\r\n\r\n\"O Refis at\u00e9 permite, nas primeiras parcelas, alguma recupera\u00e7\u00e3o de valores. Geralmente [esses devedores] pagam uma, duas, tr\u00eas parcelas, ent\u00e3o conseguem a Certid\u00e3o Negativa de D\u00e9bitos e abandonam o que foi negociado. Quem se prejudica \u00e9 o bom pagador, que honra suas obriga\u00e7\u00f5es, porque a carga sobre ele aumenta, ao passo que esses outros pagam menos por causa do Refis. \u00c9 um verdadeiro c\u00edrculo vicioso\", destacou Ricardo Queiroz.\r\n\r\nConfira a \u00edntegra da mat\u00e9ria: <a href=\"https:\/\/www.gazetadopovo.com.br\/economia\/o-que-se-sabe-sobre-o-novo-refis-defendido-pelo-presidente-do-senado\/\">https:\/\/www.gazetadopovo.com.br\/economia\/o-que-se-sabe-sobre-o-novo-refis-defendido-pelo-presidente-do-senado\/<\/a>","_links":{"self":[{"href":"https:\/\/sinprofaz.org.br\/2024\/wp-json\/wp\/v2\/posts\/13040"}],"collection":[{"href":"https:\/\/sinprofaz.org.br\/2024\/wp-json\/wp\/v2\/posts"}],"about":[{"href":"https:\/\/sinprofaz.org.br\/2024\/wp-json\/wp\/v2\/types\/post"}],"author":[{"embeddable":true,"href":"https:\/\/sinprofaz.org.br\/2024\/wp-json\/wp\/v2\/users\/2"}],"replies":[{"embeddable":true,"href":"https:\/\/sinprofaz.org.br\/2024\/wp-json\/wp\/v2\/comments?post=13040"}],"version-history":[{"count":1,"href":"https:\/\/sinprofaz.org.br\/2024\/wp-json\/wp\/v2\/posts\/13040\/revisions"}],"predecessor-version":[{"id":13042,"href":"https:\/\/sinprofaz.org.br\/2024\/wp-json\/wp\/v2\/posts\/13040\/revisions\/13042"}],"wp:featuredmedia":[{"embeddable":true,"href":"https:\/\/sinprofaz.org.br\/2024\/wp-json\/wp\/v2\/media\/13041"}],"wp:attachment":[{"href":"https:\/\/sinprofaz.org.br\/2024\/wp-json\/wp\/v2\/media?parent=13040"}],"wp:term":[{"taxonomy":"category","embeddable":true,"href":"https:\/\/sinprofaz.org.br\/2024\/wp-json\/wp\/v2\/categories?post=13040"},{"taxonomy":"post_tag","embeddable":true,"href":"https:\/\/sinprofaz.org.br\/2024\/wp-json\/wp\/v2\/tags?post=13040"}],"curies":[{"name":"wp","href":"https:\/\/api.w.org\/{rel}","templated":true}]}}