{"id":13033,"date":"2021-03-30T08:24:59","date_gmt":"2021-03-30T11:24:59","guid":{"rendered":"http:\/\/www.sinprofaz.org.br\/?p=13033"},"modified":"2021-03-30T08:24:59","modified_gmt":"2021-03-30T11:24:59","slug":"sinprofaz-se-reune-com-deputado-gervasio-maia-representante-do-psb-na-paraiba","status":"publish","type":"post","link":"https:\/\/sinprofaz.org.br\/2024\/noticias\/sinprofaz-se-reune-com-deputado-gervasio-maia-representante-do-psb-na-paraiba\/","title":{"rendered":"SINPROFAZ SE RE\u00daNE COM DEPUTADO GERV\u00c1SIO MAIA, REPRESENTANTE DO PSB NA PARA\u00cdBA"},"content":{"rendered":"<p>O SINPROFAZ, representado pelo presidente Jos\u00e9 Ernane Brito, esteve ontem (29) em reuni\u00e3o virtual com o deputado federal Gerv\u00e1sio Maia (PSB\/PB). O parlamentar \u00e9 uma importante lideran\u00e7a no Congresso Nacional e atuou fortemente em defesa dos servidores p\u00fablicos durante os tr\u00e2mites da PEC Emergencial, a &#8220;PEC do ajuste fiscal&#8221;, que resultou na emenda 109\/2021.<\/p>\n<p>Gerv\u00e1sio Maia colocou-se \u00e0 disposi\u00e7\u00e3o do SINPROFAZ, da Carreira e da Advocacia P\u00fablica como um todo para ajudar no que for necess\u00e1rio ao longo dos debates sobre a reforma administrativa. Da mesma forma, o Sindicato e a Diretoria est\u00e3o \u00e0 disposi\u00e7\u00e3o para subsidiar o parlamentar com informa\u00e7\u00f5es a respeito do importante papel desempenhado pelo servi\u00e7o p\u00fablico nacional. O SINPROFAZ agradece a disponibilidade e a disposi\u00e7\u00e3o do deputado.<\/p>\n","protected":false},"excerpt":{"rendered":"<p>O SINPROFAZ esteve em reuni\u00e3o virtual com Gerv\u00e1sio Maia (PSB\/PB). O parlamentar \u00e9 uma importante lideran\u00e7a no Congresso Nacional e atuou fortemente em defesa dos servidores p\u00fablicos durante os tr\u00e2mites da PEC Emergencial.<\/p>\n","protected":false},"author":2,"featured_media":11737,"comment_status":"open","ping_status":"open","sticky":false,"template":"","format":"standard","meta":{"footnotes":""},"categories":[8],"tags":[48,73,146,25],"featured_image_url":"https:\/\/sinprofaz.org.br\/2024\/wp-content\/uploads\/2020\/07\/logo-sinprofaz-1.png","character_count":415,"formatted_date":"30\/03\/2021 - 08:24","contentNovo":"O SINPROFAZ, representado pelo presidente Jos\u00e9 Ernane Brito, esteve ontem (29) em reuni\u00e3o virtual com o deputado federal Gerv\u00e1sio Maia (PSB\/PB). O parlamentar \u00e9 uma importante lideran\u00e7a no Congresso Nacional e atuou fortemente em defesa dos servidores p\u00fablicos durante os tr\u00e2mites da PEC Emergencial, a \"PEC do ajuste fiscal\", que resultou na emenda 109\/2021.\r\n\r\nGerv\u00e1sio Maia colocou-se \u00e0 disposi\u00e7\u00e3o do SINPROFAZ, da Carreira e da Advocacia P\u00fablica como um todo para ajudar no que for necess\u00e1rio ao longo dos debates sobre a reforma administrativa. Da mesma forma, o Sindicato e a Diretoria est\u00e3o \u00e0 disposi\u00e7\u00e3o para subsidiar o parlamentar com informa\u00e7\u00f5es a respeito do importante papel desempenhado pelo servi\u00e7o p\u00fablico nacional. O SINPROFAZ agradece a disponibilidade e a disposi\u00e7\u00e3o do deputado.","_links":{"self":[{"href":"https:\/\/sinprofaz.org.br\/2024\/wp-json\/wp\/v2\/posts\/13033"}],"collection":[{"href":"https:\/\/sinprofaz.org.br\/2024\/wp-json\/wp\/v2\/posts"}],"about":[{"href":"https:\/\/sinprofaz.org.br\/2024\/wp-json\/wp\/v2\/types\/post"}],"author":[{"embeddable":true,"href":"https:\/\/sinprofaz.org.br\/2024\/wp-json\/wp\/v2\/users\/2"}],"replies":[{"embeddable":true,"href":"https:\/\/sinprofaz.org.br\/2024\/wp-json\/wp\/v2\/comments?post=13033"}],"version-history":[{"count":1,"href":"https:\/\/sinprofaz.org.br\/2024\/wp-json\/wp\/v2\/posts\/13033\/revisions"}],"predecessor-version":[{"id":13034,"href":"https:\/\/sinprofaz.org.br\/2024\/wp-json\/wp\/v2\/posts\/13033\/revisions\/13034"}],"wp:featuredmedia":[{"embeddable":true,"href":"https:\/\/sinprofaz.org.br\/2024\/wp-json\/wp\/v2\/media\/11737"}],"wp:attachment":[{"href":"https:\/\/sinprofaz.org.br\/2024\/wp-json\/wp\/v2\/media?parent=13033"}],"wp:term":[{"taxonomy":"category","embeddable":true,"href":"https:\/\/sinprofaz.org.br\/2024\/wp-json\/wp\/v2\/categories?post=13033"},{"taxonomy":"post_tag","embeddable":true,"href":"https:\/\/sinprofaz.org.br\/2024\/wp-json\/wp\/v2\/tags?post=13033"}],"curies":[{"name":"wp","href":"https:\/\/api.w.org\/{rel}","templated":true}]}}