{"id":13018,"date":"2021-03-29T15:43:32","date_gmt":"2021-03-29T18:43:32","guid":{"rendered":"http:\/\/www.sinprofaz.org.br\/?p=13018"},"modified":"2021-03-30T09:00:25","modified_gmt":"2021-03-30T12:00:25","slug":"palestras-sobre-masculinidades-e-violencia-encerram-projeto-pfn-e-genero","status":"publish","type":"post","link":"https:\/\/sinprofaz.org.br\/2024\/noticias\/palestras-sobre-masculinidades-e-violencia-encerram-projeto-pfn-e-genero\/","title":{"rendered":"PALESTRAS SOBRE MASCULINIDADES E VIOL\u00caNCIA ENCERRAM PROJETO &#8220;PFN E G\u00caNERO&#8221;"},"content":{"rendered":"<p>O projeto &#8220;PFN e G\u00eanero: Sensibiliza\u00e7\u00e3o, Conscientiza\u00e7\u00e3o e Di\u00e1logos&#8221; marcou o M\u00eas da Mulher com debates sobre ra\u00e7a, classe, tributa\u00e7\u00e3o e v\u00e1rios outros temas. Para encerrar a s\u00e9rie de eventos, o SINPROFAZ apresentou hoje (29) o webinar &#8220;Olhos nos olhos, quero ver o que voc\u00ea faz! &#8211; A constru\u00e7\u00e3o das masculinidades e a an\u00e1lise psicol\u00f3gica da viol\u00eancia masculina&#8221;. O evento contou com a presen\u00e7a de representantes da Diretoria, da AGU e da PGFN, al\u00e9m dos palestrantes convidados. Assim como nos encontros anteriores, o webinar teve por anfitri\u00e3s a diretora Val\u00e9ria Ferreira e a filiada Beatriz Pereira, idealizadoras do projeto e integrantes do Grupo de Sa\u00fade Mental PFN-SP. Para assistir \u00e0 \u00edntegra das palestras, acesse <a href=\"https:\/\/www.youtube.com\/watch?v=EQzG5skW1iE\">bit.ly\/WebinarOlhosNosOlhos<\/a>.<\/p>\n<p><strong>Representantes institucionais<\/strong><br \/>\nOs diretores Achilles Frias, Giuliano Menezes, Ricardo Queiroz, Carlos Alexandre Torres e S\u00e9rgio Andrade compuseram a mesa do evento virtual, na qual o SINPROFAZ tamb\u00e9m foi representado pelo presidente Jos\u00e9 Ernane Brito. Ao abrir o webinar, o dirigente sindical agradeceu aos realizadores e apoiadores do projeto PFN e G\u00eanero, ao longo do qual &#8220;foram lan\u00e7adas sementes que dizem respeito a assuntos caros ao Sindicato. O SINPROFAZ tem grandes bandeiras internas e externas. N\u00e3o vamos descurar dos temas ra\u00e7a, cor e g\u00eanero e seguiremos na luta constante. Neste M\u00eas da Mulher, o nosso parab\u00e9ns \u00e0s procuradoras da Fazenda Nacional, servidoras e estagi\u00e1rias que tanto colaboram com a PFN&#8221;.<\/p>\n<p>Fabr\u00edcio Da Soller, advogado-geral da Uni\u00e3o substituto, e Aleksey Cardoso, diretor do Departamento de Gest\u00e3o Corporativa da PGFN, foram convidados para representar as Institui\u00e7\u00f5es nas quais atuam. Para Da Soller, o evento revelou &#8220;uma maturidade da Carreira, que se abre para temas n\u00e3o corporativos. Enquanto filiado, fico muito feliz pela iniciativa. \u00c9 nosso papel, tanto na Administra\u00e7\u00e3o como na entidade sindical, darmos a devida import\u00e2ncia a essas tem\u00e1ticas&#8221;. Ao fazer uso da palavra, o tamb\u00e9m filiado Aleksey Cardoso parabenizou o SINPROFAZ pelo projeto e demonstrou &#8220;a satisfa\u00e7\u00e3o em ver o Sindicato abra\u00e7ar o tema &#8216;PFN e G\u00eanero&#8217;. A preocupa\u00e7\u00e3o sindical deve ir al\u00e9m das pautas econ\u00f4micas e envolver o corpo funcional&#8221;.<\/p>\n<p><strong>Especialistas convidados<\/strong><br \/>\nA palestrante Ana Lucia Gomes abriu as exposi\u00e7\u00f5es. Fundadora e gerente de projetos da BeChange &#8211; Consultoria de Impacto Pol\u00edtico e Social, ela \u00e9 mestra em sa\u00fade coletiva pela UFRGS no campo da viol\u00eancia de g\u00eanero. De acordo com a especialista, dentro da cultura patriarcal em que vivemos, somos ensinados desde crian\u00e7as a representar pap\u00e9is definidos pelo g\u00eanero. A cultura machista, de domina\u00e7\u00e3o e opress\u00e3o das mulheres, imp\u00f5e, por exemplo, as caracter\u00edsticas esperadas para o homem: ele deve ser forte, viril, invulner\u00e1vel e provedor. &#8220;Essa masculinidade perversa tem consequ\u00eancias muito perigosas para os homens e tamb\u00e9m para as mulheres, que s\u00e3o v\u00edtimas de viol\u00eancia patrimonial, f\u00edsica e psicol\u00f3gica, de estupros e de feminic\u00eddios.&#8221;<\/p>\n<p>O educador, soci\u00f3logo e fil\u00f3sofo S\u00e9rgio Barbosa deu continuidade \u00e0s palestras. Barbosa \u00e9 especialista em viol\u00eancia de g\u00eanero, masculinidades, sexualidade masculina e pol\u00edticas p\u00fablicas e, ao iniciar a exposi\u00e7\u00e3o, destacou o grave problema da viol\u00eancia contra a mulher. &#8220;A pandemia do novo coronav\u00edrus revela uma outra pandemia: o de mulheres que s\u00e3o mortas, estupradas. E n\u00e3o por um desconhecido, mas, infelizmente, por algu\u00e9m que conhece sua intimidade e rotina.&#8221; De acordo com Barbosa, as masculinidades representam um conjunto de express\u00f5es projetadas dentro de um padr\u00e3o com o intuito de afirmar valores, legitimar atitudes e justificar pensamentos. O resultado desse processo \u00e9 &#8220;um mundo de privil\u00e9gios, que aceitamos como sendo naturais&#8221;.<\/p>\n<p>Coube ao psic\u00f3logo Cristiano Costa fechar o ciclo de exposi\u00e7\u00f5es. Coordenador do Projeto de Sa\u00fade Mental e Qualidade de Vida na PFN e s\u00f3cio-administrador da Psych &#8211; Psicologia Cl\u00ednica e Organizacional, Costa trouxe \u00e0 mesa a Teoria dos Arqu\u00e9tipos, de Carl Gustav Jung, segundo a qual &#8220;Previamente ao que a cultura vai estabelecendo como comportamento aceit\u00e1vel para cada sexo, existe a quest\u00e3o da polaridade do psiquismo humano&#8221;. A primeira dessas dualidades, de acordo com Costa, \u00e9 a do consciente e inconsciente, que se desdobra na polaridade masculino e feminino. &#8220;O pesquisador Erich Neumann trata do masculino e do feminino a partir de vieses que s\u00e3o realmente psicol\u00f3gicos: o humano \u00e9 o mesmo, ainda que polarizado.&#8221;<\/p>\n<p><strong>Sorteios de livros<\/strong><br \/>\nO encerramento do projeto &#8220;PFN e G\u00eanero: Sensibiliza\u00e7\u00e3o, Conscientiza\u00e7\u00e3o e Di\u00e1logos&#8221; se deu com o an\u00fancio dos ganhadores dos livros sorteados. As filiadas e o filiado contemplados foram Katia Aparecida de Oliveira, ganhadora da obra <em>Mulheres de minha alma<\/em>, de Isabel Allende; Maria Dionne de Ara\u00fajo, contemplada com o livro <em>Os homens explicam tudo para mim<\/em>, de Rebecca Solnit; e Gabriel De Toledo e Souza, premiado com <em>A princesa salva a si mesma neste livro<\/em>, de Amanda Lovelace. Os sorteios representaram uma das perpectivas do projeto do SINPROFAZ: o incentivo \u00e0 literatura feminina, por meio da divulga\u00e7\u00e3o de autoras que privilegiam o ponto de vista da mulher em suas obras. Agradecemos a todas e todos que concorreram aos livros!<\/p>\n\n\t\t<style type=\"text\/css\">\n\t\t\t#gallery-1 {\n\t\t\t\tmargin: auto;\n\t\t\t}\n\t\t\t#gallery-1 .gallery-item {\n\t\t\t\tfloat: left;\n\t\t\t\tmargin-top: 10px;\n\t\t\t\ttext-align: center;\n\t\t\t\twidth: 33%;\n\t\t\t}\n\t\t\t#gallery-1 img {\n\t\t\t\tborder: 2px solid #cfcfcf;\n\t\t\t}\n\t\t\t#gallery-1 .gallery-caption {\n\t\t\t\tmargin-left: 0;\n\t\t\t}\n\t\t\t\/* see gallery_shortcode() in wp-includes\/media.php *\/\n\t\t<\/style>\n\t\t<div id='gallery-1' class='gallery galleryid-13018 gallery-columns-3 gallery-size-thumbnail'><dl class='gallery-item'>\n\t\t\t<dt class='gallery-icon landscape'>\n\t\t\t\t<a href='https:\/\/sinprofaz.org.br\/2024\/wp-content\/uploads\/2021\/03\/2-8.jpg'><img loading=\"lazy\" decoding=\"async\" width=\"150\" height=\"150\" src=\"https:\/\/sinprofaz.org.br\/2024\/wp-content\/uploads\/2021\/03\/2-8-150x150.jpg\" class=\"attachment-thumbnail size-thumbnail\" alt=\"\" \/><\/a>\n\t\t\t<\/dt><\/dl><dl class='gallery-item'>\n\t\t\t<dt class='gallery-icon landscape'>\n\t\t\t\t<a href='https:\/\/sinprofaz.org.br\/2024\/wp-content\/uploads\/2021\/03\/3-6.jpg'><img loading=\"lazy\" decoding=\"async\" width=\"150\" height=\"150\" src=\"https:\/\/sinprofaz.org.br\/2024\/wp-content\/uploads\/2021\/03\/3-6-150x150.jpg\" class=\"attachment-thumbnail size-thumbnail\" alt=\"\" \/><\/a>\n\t\t\t<\/dt><\/dl><dl class='gallery-item'>\n\t\t\t<dt class='gallery-icon landscape'>\n\t\t\t\t<a href='https:\/\/sinprofaz.org.br\/2024\/wp-content\/uploads\/2021\/03\/4-4.jpg'><img loading=\"lazy\" decoding=\"async\" width=\"150\" height=\"150\" src=\"https:\/\/sinprofaz.org.br\/2024\/wp-content\/uploads\/2021\/03\/4-4-150x150.jpg\" class=\"attachment-thumbnail size-thumbnail\" alt=\"\" \/><\/a>\n\t\t\t<\/dt><\/dl><br style=\"clear: both\" \/><dl class='gallery-item'>\n\t\t\t<dt class='gallery-icon landscape'>\n\t\t\t\t<a href='https:\/\/sinprofaz.org.br\/2024\/wp-content\/uploads\/2021\/03\/nota-sinprofaz-3.jpg'><img loading=\"lazy\" decoding=\"async\" width=\"150\" height=\"150\" src=\"https:\/\/sinprofaz.org.br\/2024\/wp-content\/uploads\/2021\/03\/nota-sinprofaz-3-150x150.jpg\" class=\"attachment-thumbnail size-thumbnail\" alt=\"\" \/><\/a>\n\t\t\t<\/dt><\/dl><dl class='gallery-item'>\n\t\t\t<dt class='gallery-icon landscape'>\n\t\t\t\t<a href='https:\/\/sinprofaz.org.br\/2024\/wp-content\/uploads\/2021\/03\/5-4.jpg'><img loading=\"lazy\" decoding=\"async\" width=\"150\" height=\"150\" src=\"https:\/\/sinprofaz.org.br\/2024\/wp-content\/uploads\/2021\/03\/5-4-150x150.jpg\" class=\"attachment-thumbnail size-thumbnail\" alt=\"\" \/><\/a>\n\t\t\t<\/dt><\/dl><dl class='gallery-item'>\n\t\t\t<dt class='gallery-icon landscape'>\n\t\t\t\t<a href='https:\/\/sinprofaz.org.br\/2024\/wp-content\/uploads\/2021\/03\/6-3.jpg'><img loading=\"lazy\" decoding=\"async\" width=\"150\" height=\"150\" src=\"https:\/\/sinprofaz.org.br\/2024\/wp-content\/uploads\/2021\/03\/6-3-150x150.jpg\" class=\"attachment-thumbnail size-thumbnail\" alt=\"\" \/><\/a>\n\t\t\t<\/dt><\/dl><br style=\"clear: both\" \/><dl class='gallery-item'>\n\t\t\t<dt class='gallery-icon landscape'>\n\t\t\t\t<a href='https:\/\/sinprofaz.org.br\/2024\/wp-content\/uploads\/2021\/03\/7-3.jpg'><img loading=\"lazy\" decoding=\"async\" width=\"150\" height=\"150\" src=\"https:\/\/sinprofaz.org.br\/2024\/wp-content\/uploads\/2021\/03\/7-3-150x150.jpg\" class=\"attachment-thumbnail size-thumbnail\" alt=\"\" \/><\/a>\n\t\t\t<\/dt><\/dl><dl class='gallery-item'>\n\t\t\t<dt class='gallery-icon landscape'>\n\t\t\t\t<a href='https:\/\/sinprofaz.org.br\/2024\/wp-content\/uploads\/2021\/03\/8-3.jpg'><img loading=\"lazy\" decoding=\"async\" width=\"150\" height=\"150\" src=\"https:\/\/sinprofaz.org.br\/2024\/wp-content\/uploads\/2021\/03\/8-3-150x150.jpg\" class=\"attachment-thumbnail size-thumbnail\" alt=\"\" \/><\/a>\n\t\t\t<\/dt><\/dl>\n\t\t\t<br style='clear: both' \/>\n\t\t<\/div>\n\n","protected":false},"excerpt":{"rendered":"<p>Para encerrar a s\u00e9rie de eventos do M\u00eas da Mulher, o SINPROFAZ apresentou o webinar &#8220;Olhos nos olhos, quero ver o que voc\u00ea faz! &#8211; A constru\u00e7\u00e3o das masculinidades e a an\u00e1lise psicol\u00f3gica da viol\u00eancia masculina&#8221;. Quer saber como foi o evento? Acesse!<\/p>\n","protected":false},"author":2,"featured_media":13025,"comment_status":"open","ping_status":"open","sticky":false,"template":"","format":"standard","meta":{"footnotes":""},"categories":[8],"tags":[32,166,25],"featured_image_url":"https:\/\/sinprofaz.org.br\/2024\/wp-content\/uploads\/2021\/03\/1-8.jpg","character_count":2953,"formatted_date":"29\/03\/2021 - 15:43","contentNovo":"O projeto \"PFN e G\u00eanero: Sensibiliza\u00e7\u00e3o, Conscientiza\u00e7\u00e3o e Di\u00e1logos\" marcou o M\u00eas da Mulher com debates sobre ra\u00e7a, classe, tributa\u00e7\u00e3o e v\u00e1rios outros temas. Para encerrar a s\u00e9rie de eventos, o SINPROFAZ apresentou hoje (29) o webinar \"Olhos nos olhos, quero ver o que voc\u00ea faz! - A constru\u00e7\u00e3o das masculinidades e a an\u00e1lise psicol\u00f3gica da viol\u00eancia masculina\". O evento contou com a presen\u00e7a de representantes da Diretoria, da AGU e da PGFN, al\u00e9m dos palestrantes convidados. Assim como nos encontros anteriores, o webinar teve por anfitri\u00e3s a diretora Val\u00e9ria Ferreira e a filiada Beatriz Pereira, idealizadoras do projeto e integrantes do Grupo de Sa\u00fade Mental PFN-SP. Para assistir \u00e0 \u00edntegra das palestras, acesse <a href=\"https:\/\/www.youtube.com\/watch?v=EQzG5skW1iE\">bit.ly\/WebinarOlhosNosOlhos<\/a>.\r\n\r\n<strong>Representantes institucionais<\/strong>\r\nOs diretores Achilles Frias, Giuliano Menezes, Ricardo Queiroz, Carlos Alexandre Torres e S\u00e9rgio Andrade compuseram a mesa do evento virtual, na qual o SINPROFAZ tamb\u00e9m foi representado pelo presidente Jos\u00e9 Ernane Brito. Ao abrir o webinar, o dirigente sindical agradeceu aos realizadores e apoiadores do projeto PFN e G\u00eanero, ao longo do qual \"foram lan\u00e7adas sementes que dizem respeito a assuntos caros ao Sindicato. O SINPROFAZ tem grandes bandeiras internas e externas. N\u00e3o vamos descurar dos temas ra\u00e7a, cor e g\u00eanero e seguiremos na luta constante. Neste M\u00eas da Mulher, o nosso parab\u00e9ns \u00e0s procuradoras da Fazenda Nacional, servidoras e estagi\u00e1rias que tanto colaboram com a PFN\".\r\n\r\nFabr\u00edcio Da Soller, advogado-geral da Uni\u00e3o substituto, e Aleksey Cardoso, diretor do Departamento de Gest\u00e3o Corporativa da PGFN, foram convidados para representar as Institui\u00e7\u00f5es nas quais atuam. Para Da Soller, o evento revelou \"uma maturidade da Carreira, que se abre para temas n\u00e3o corporativos. Enquanto filiado, fico muito feliz pela iniciativa. \u00c9 nosso papel, tanto na Administra\u00e7\u00e3o como na entidade sindical, darmos a devida import\u00e2ncia a essas tem\u00e1ticas\". Ao fazer uso da palavra, o tamb\u00e9m filiado Aleksey Cardoso parabenizou o SINPROFAZ pelo projeto e demonstrou \"a satisfa\u00e7\u00e3o em ver o Sindicato abra\u00e7ar o tema 'PFN e G\u00eanero'. A preocupa\u00e7\u00e3o sindical deve ir al\u00e9m das pautas econ\u00f4micas e envolver o corpo funcional\".\r\n\r\n<strong>Especialistas convidados<\/strong>\r\nA palestrante Ana Lucia Gomes abriu as exposi\u00e7\u00f5es. Fundadora e gerente de projetos da BeChange - Consultoria de Impacto Pol\u00edtico e Social, ela \u00e9 mestra em sa\u00fade coletiva pela UFRGS no campo da viol\u00eancia de g\u00eanero. De acordo com a especialista, dentro da cultura patriarcal em que vivemos, somos ensinados desde crian\u00e7as a representar pap\u00e9is definidos pelo g\u00eanero. A cultura machista, de domina\u00e7\u00e3o e opress\u00e3o das mulheres, imp\u00f5e, por exemplo, as caracter\u00edsticas esperadas para o homem: ele deve ser forte, viril, invulner\u00e1vel e provedor. \"Essa masculinidade perversa tem consequ\u00eancias muito perigosas para os homens e tamb\u00e9m para as mulheres, que s\u00e3o v\u00edtimas de viol\u00eancia patrimonial, f\u00edsica e psicol\u00f3gica, de estupros e de feminic\u00eddios.\"\r\n\r\nO educador, soci\u00f3logo e fil\u00f3sofo S\u00e9rgio Barbosa deu continuidade \u00e0s palestras. Barbosa \u00e9 especialista em viol\u00eancia de g\u00eanero, masculinidades, sexualidade masculina e pol\u00edticas p\u00fablicas e, ao iniciar a exposi\u00e7\u00e3o, destacou o grave problema da viol\u00eancia contra a mulher. \"A pandemia do novo coronav\u00edrus revela uma outra pandemia: o de mulheres que s\u00e3o mortas, estupradas. E n\u00e3o por um desconhecido, mas, infelizmente, por algu\u00e9m que conhece sua intimidade e rotina.\" De acordo com Barbosa, as masculinidades representam um conjunto de express\u00f5es projetadas dentro de um padr\u00e3o com o intuito de afirmar valores, legitimar atitudes e justificar pensamentos. O resultado desse processo \u00e9 \"um mundo de privil\u00e9gios, que aceitamos como sendo naturais\".\r\n\r\nCoube ao psic\u00f3logo Cristiano Costa fechar o ciclo de exposi\u00e7\u00f5es. Coordenador do Projeto de Sa\u00fade Mental e Qualidade de Vida na PFN e s\u00f3cio-administrador da Psych - Psicologia Cl\u00ednica e Organizacional, Costa trouxe \u00e0 mesa a Teoria dos Arqu\u00e9tipos, de Carl Gustav Jung, segundo a qual \"Previamente ao que a cultura vai estabelecendo como comportamento aceit\u00e1vel para cada sexo, existe a quest\u00e3o da polaridade do psiquismo humano\". A primeira dessas dualidades, de acordo com Costa, \u00e9 a do consciente e inconsciente, que se desdobra na polaridade masculino e feminino. \"O pesquisador Erich Neumann trata do masculino e do feminino a partir de vieses que s\u00e3o realmente psicol\u00f3gicos: o humano \u00e9 o mesmo, ainda que polarizado.\"\r\n\r\n<strong>Sorteios de livros<\/strong>\r\nO encerramento do projeto \"PFN e G\u00eanero: Sensibiliza\u00e7\u00e3o, Conscientiza\u00e7\u00e3o e Di\u00e1logos\" se deu com o an\u00fancio dos ganhadores dos livros sorteados. As filiadas e o filiado contemplados foram Katia Aparecida de Oliveira, ganhadora da obra <em>Mulheres de minha alma<\/em>, de Isabel Allende; Maria Dionne de Ara\u00fajo, contemplada com o livro <em>Os homens explicam tudo para mim<\/em>, de Rebecca Solnit; e Gabriel De Toledo e Souza, premiado com <em>A princesa salva a si mesma neste livro<\/em>, de Amanda Lovelace. Os sorteios representaram uma das perpectivas do projeto do SINPROFAZ: o incentivo \u00e0 literatura feminina, por meio da divulga\u00e7\u00e3o de autoras que privilegiam o ponto de vista da mulher em suas obras. Agradecemos a todas e todos que concorreram aos livros!\r\n\r\n[gallery link=\"file\" ids=\"13026,13022,13023,13028,13024,13019,13020,13021\"]","_links":{"self":[{"href":"https:\/\/sinprofaz.org.br\/2024\/wp-json\/wp\/v2\/posts\/13018"}],"collection":[{"href":"https:\/\/sinprofaz.org.br\/2024\/wp-json\/wp\/v2\/posts"}],"about":[{"href":"https:\/\/sinprofaz.org.br\/2024\/wp-json\/wp\/v2\/types\/post"}],"author":[{"embeddable":true,"href":"https:\/\/sinprofaz.org.br\/2024\/wp-json\/wp\/v2\/users\/2"}],"replies":[{"embeddable":true,"href":"https:\/\/sinprofaz.org.br\/2024\/wp-json\/wp\/v2\/comments?post=13018"}],"version-history":[{"count":6,"href":"https:\/\/sinprofaz.org.br\/2024\/wp-json\/wp\/v2\/posts\/13018\/revisions"}],"predecessor-version":[{"id":13035,"href":"https:\/\/sinprofaz.org.br\/2024\/wp-json\/wp\/v2\/posts\/13018\/revisions\/13035"}],"wp:featuredmedia":[{"embeddable":true,"href":"https:\/\/sinprofaz.org.br\/2024\/wp-json\/wp\/v2\/media\/13025"}],"wp:attachment":[{"href":"https:\/\/sinprofaz.org.br\/2024\/wp-json\/wp\/v2\/media?parent=13018"}],"wp:term":[{"taxonomy":"category","embeddable":true,"href":"https:\/\/sinprofaz.org.br\/2024\/wp-json\/wp\/v2\/categories?post=13018"},{"taxonomy":"post_tag","embeddable":true,"href":"https:\/\/sinprofaz.org.br\/2024\/wp-json\/wp\/v2\/tags?post=13018"}],"curies":[{"name":"wp","href":"https:\/\/api.w.org\/{rel}","templated":true}]}}