{"id":13015,"date":"2021-03-29T09:24:21","date_gmt":"2021-03-29T12:24:21","guid":{"rendered":"http:\/\/www.sinprofaz.org.br\/?p=13015"},"modified":"2021-03-30T09:00:47","modified_gmt":"2021-03-30T12:00:47","slug":"confira-os-resultados-da-assembleia-geral-ordinaria-2021-do-sinprofaz","status":"publish","type":"post","link":"https:\/\/sinprofaz.org.br\/2024\/noticias\/confira-os-resultados-da-assembleia-geral-ordinaria-2021-do-sinprofaz\/","title":{"rendered":"CONFIRA OS RESULTADOS DA ASSEMBLEIA GERAL ORDIN\u00c1RIA 2021 DO SINPROFAZ"},"content":{"rendered":"<p>No s\u00e1bado, 27 de mar\u00e7o, no Hotel Comfort Suites Bras\u00edlia, foi realizada a Assembleia Geral Ordin\u00e1ria 2021 do SINPROFAZ. Confira os resultados:<\/p>\n<p>1) Ata da Assembleia Geral Ordin\u00e1ria 2020: Aprovada<\/p>\n<p>2) Contas do exerc\u00edcio de 2020: Aprovadas<\/p>\n<p>3) Proposta de or\u00e7amento para o exerc\u00edcio de 2021: Aprovada<\/p>\n<p>4) Autoriza\u00e7\u00e3o para o SINPROFAZ propor a\u00e7\u00f5es judiciais e ratificar a\u00e7\u00f5es recentemente propostas: Aprovada<\/p>\n<p>5) Autoriza\u00e7\u00e3o para despesas extraordin\u00e1rias em raz\u00e3o de eventuais mobiliza\u00e7\u00f5es para defesa da Carreira no contexto da Reforma Administrativa e\/ou para defesa de prerrogativas: Aprovada<\/p>\n<p>A Diretoria do SINPROFAZ agradece a todos os Filiados e a todas as Filiadas que participaram das delibera\u00e7\u00f5es mediante o preenchimento das Procura\u00e7\u00f5es Eletr\u00f4nicas e Impressas.<\/p>\n","protected":false},"excerpt":{"rendered":"<p>No s\u00e1bado, 27 de mar\u00e7o, em Bras\u00edlia\/DF, foi realizada a Assembleia Geral Ordin\u00e1ria 2021 do SINPROFAZ. A Diretoria agradece a todos os Filiados e a todas as Filiadas que participaram das delibera\u00e7\u00f5es mediante o preenchimento das Procura\u00e7\u00f5es.<\/p>\n","protected":false},"author":2,"featured_media":11737,"comment_status":"open","ping_status":"open","sticky":false,"template":"","format":"standard","meta":{"footnotes":""},"categories":[8],"tags":[41,32,146,25],"featured_image_url":"https:\/\/sinprofaz.org.br\/2024\/wp-content\/uploads\/2020\/07\/logo-sinprofaz-1.png","character_count":395,"formatted_date":"29\/03\/2021 - 09:24","contentNovo":"No s\u00e1bado, 27 de mar\u00e7o, no Hotel Comfort Suites Bras\u00edlia, foi realizada a Assembleia Geral Ordin\u00e1ria 2021 do SINPROFAZ. Confira os resultados:\r\n\r\n1) Ata da Assembleia Geral Ordin\u00e1ria 2020: Aprovada\r\n\r\n2) Contas do exerc\u00edcio de 2020: Aprovadas\r\n\r\n3) Proposta de or\u00e7amento para o exerc\u00edcio de 2021: Aprovada\r\n\r\n4) Autoriza\u00e7\u00e3o para o SINPROFAZ propor a\u00e7\u00f5es judiciais e ratificar a\u00e7\u00f5es recentemente propostas: Aprovada\r\n\r\n5) Autoriza\u00e7\u00e3o para despesas extraordin\u00e1rias em raz\u00e3o de eventuais mobiliza\u00e7\u00f5es para defesa da Carreira no contexto da Reforma Administrativa e\/ou para defesa de prerrogativas: Aprovada\r\n\r\nA Diretoria do SINPROFAZ agradece a todos os Filiados e a todas as Filiadas que participaram das delibera\u00e7\u00f5es mediante o preenchimento das Procura\u00e7\u00f5es Eletr\u00f4nicas e Impressas.","_links":{"self":[{"href":"https:\/\/sinprofaz.org.br\/2024\/wp-json\/wp\/v2\/posts\/13015"}],"collection":[{"href":"https:\/\/sinprofaz.org.br\/2024\/wp-json\/wp\/v2\/posts"}],"about":[{"href":"https:\/\/sinprofaz.org.br\/2024\/wp-json\/wp\/v2\/types\/post"}],"author":[{"embeddable":true,"href":"https:\/\/sinprofaz.org.br\/2024\/wp-json\/wp\/v2\/users\/2"}],"replies":[{"embeddable":true,"href":"https:\/\/sinprofaz.org.br\/2024\/wp-json\/wp\/v2\/comments?post=13015"}],"version-history":[{"count":2,"href":"https:\/\/sinprofaz.org.br\/2024\/wp-json\/wp\/v2\/posts\/13015\/revisions"}],"predecessor-version":[{"id":13036,"href":"https:\/\/sinprofaz.org.br\/2024\/wp-json\/wp\/v2\/posts\/13015\/revisions\/13036"}],"wp:featuredmedia":[{"embeddable":true,"href":"https:\/\/sinprofaz.org.br\/2024\/wp-json\/wp\/v2\/media\/11737"}],"wp:attachment":[{"href":"https:\/\/sinprofaz.org.br\/2024\/wp-json\/wp\/v2\/media?parent=13015"}],"wp:term":[{"taxonomy":"category","embeddable":true,"href":"https:\/\/sinprofaz.org.br\/2024\/wp-json\/wp\/v2\/categories?post=13015"},{"taxonomy":"post_tag","embeddable":true,"href":"https:\/\/sinprofaz.org.br\/2024\/wp-json\/wp\/v2\/tags?post=13015"}],"curies":[{"name":"wp","href":"https:\/\/api.w.org\/{rel}","templated":true}]}}