{"id":13012,"date":"2021-03-26T09:00:54","date_gmt":"2021-03-26T12:00:54","guid":{"rendered":"http:\/\/www.sinprofaz.org.br\/?p=13012"},"modified":"2021-03-29T09:32:23","modified_gmt":"2021-03-29T12:32:23","slug":"ultimo-dia-acesse-agora-a-area-do-filiado-e-preencha-a-procuracao-eletronica-da-ago-2021","status":"publish","type":"post","link":"https:\/\/sinprofaz.org.br\/2024\/noticias\/ultimo-dia-acesse-agora-a-area-do-filiado-e-preencha-a-procuracao-eletronica-da-ago-2021\/","title":{"rendered":"\u00daLTIMO DIA: ACESSE AGORA A \u00c1REA DO FILIADO E PREENCHA A PROCURA\u00c7\u00c3O ELETR\u00d4NICA DA AGO 2021"},"content":{"rendered":"<p>Hoje, sexta-feira, \u00e9 o \u00faltimo dia do prazo para preenchimento da Procura\u00e7\u00e3o Eletr\u00f4nica &#8211; AGO 2021!<\/p>\n<p>Mediante o preenchimento, o Filiado e a Filiada garantem o direito \u00e0 participa\u00e7\u00e3o nas delibera\u00e7\u00f5es da Assembleia Geral, que ocorre amanh\u00e3 (27), em Bras\u00edlia\/DF. A pauta da AGO, com os itens a serem deliberados, consta na Procura\u00e7\u00e3o, que est\u00e1 dispon\u00edvel na \u00c1rea do Filiado.<\/p>\n<p>Se voc\u00ea ainda n\u00e3o garantiu sua participa\u00e7\u00e3o, fique atento: acesse j\u00e1 <a href=\"https:\/\/areadofiliado.sinprofaz.org.br\/pages\/login.php\">areadofiliado.sinprofaz.org.br<\/a> e realize o preenchimento!<\/p>\n","protected":false},"excerpt":{"rendered":"<p>Mediante o preenchimento, o Filiado garante o direito \u00e0 participa\u00e7\u00e3o nas delibera\u00e7\u00f5es da Assembleia Geral. A pauta da AGO, com os itens a serem deliberados, consta na Procura\u00e7\u00e3o Eletr\u00f4nica.<\/p>\n","protected":false},"author":2,"featured_media":11737,"comment_status":"open","ping_status":"open","sticky":false,"template":"","format":"standard","meta":{"footnotes":""},"categories":[8],"tags":[41,32,146,25],"featured_image_url":"https:\/\/sinprofaz.org.br\/2024\/wp-content\/uploads\/2020\/07\/logo-sinprofaz-1.png","character_count":263,"formatted_date":"26\/03\/2021 - 09:00","contentNovo":"Hoje, sexta-feira, \u00e9 o \u00faltimo dia do prazo para preenchimento da Procura\u00e7\u00e3o Eletr\u00f4nica - AGO 2021!\r\n\r\nMediante o preenchimento, o Filiado e a Filiada garantem o direito \u00e0 participa\u00e7\u00e3o nas delibera\u00e7\u00f5es da Assembleia Geral, que ocorre amanh\u00e3 (27), em Bras\u00edlia\/DF. A pauta da AGO, com os itens a serem deliberados, consta na Procura\u00e7\u00e3o, que est\u00e1 dispon\u00edvel na \u00c1rea do Filiado.\r\n\r\nSe voc\u00ea ainda n\u00e3o garantiu sua participa\u00e7\u00e3o, fique atento: acesse j\u00e1 <a href=\"https:\/\/areadofiliado.sinprofaz.org.br\/pages\/login.php\">areadofiliado.sinprofaz.org.br<\/a> e realize o preenchimento!","_links":{"self":[{"href":"https:\/\/sinprofaz.org.br\/2024\/wp-json\/wp\/v2\/posts\/13012"}],"collection":[{"href":"https:\/\/sinprofaz.org.br\/2024\/wp-json\/wp\/v2\/posts"}],"about":[{"href":"https:\/\/sinprofaz.org.br\/2024\/wp-json\/wp\/v2\/types\/post"}],"author":[{"embeddable":true,"href":"https:\/\/sinprofaz.org.br\/2024\/wp-json\/wp\/v2\/users\/2"}],"replies":[{"embeddable":true,"href":"https:\/\/sinprofaz.org.br\/2024\/wp-json\/wp\/v2\/comments?post=13012"}],"version-history":[{"count":2,"href":"https:\/\/sinprofaz.org.br\/2024\/wp-json\/wp\/v2\/posts\/13012\/revisions"}],"predecessor-version":[{"id":13017,"href":"https:\/\/sinprofaz.org.br\/2024\/wp-json\/wp\/v2\/posts\/13012\/revisions\/13017"}],"wp:featuredmedia":[{"embeddable":true,"href":"https:\/\/sinprofaz.org.br\/2024\/wp-json\/wp\/v2\/media\/11737"}],"wp:attachment":[{"href":"https:\/\/sinprofaz.org.br\/2024\/wp-json\/wp\/v2\/media?parent=13012"}],"wp:term":[{"taxonomy":"category","embeddable":true,"href":"https:\/\/sinprofaz.org.br\/2024\/wp-json\/wp\/v2\/categories?post=13012"},{"taxonomy":"post_tag","embeddable":true,"href":"https:\/\/sinprofaz.org.br\/2024\/wp-json\/wp\/v2\/tags?post=13012"}],"curies":[{"name":"wp","href":"https:\/\/api.w.org\/{rel}","templated":true}]}}