{"id":13004,"date":"2021-03-25T13:00:44","date_gmt":"2021-03-25T16:00:44","guid":{"rendered":"http:\/\/www.sinprofaz.org.br\/?p=13004"},"modified":"2021-03-25T11:09:15","modified_gmt":"2021-03-25T14:09:15","slug":"prazo-final-preencha-agora-a-procuracao-eletronica-e-participe-da-ago-2021","status":"publish","type":"post","link":"https:\/\/sinprofaz.org.br\/2024\/noticias\/prazo-final-preencha-agora-a-procuracao-eletronica-e-participe-da-ago-2021\/","title":{"rendered":"PRAZO FINAL: PREENCHA AGORA A PROCURA\u00c7\u00c3O ELETR\u00d4NICA E PARTICIPE DA AGO 2021"},"content":{"rendered":"<p>Esta \u00e9 sua \u00faltima oportunidade de participar da AGO 2021!<\/p>\n<p>Na \u00c1rea do Filiado, os PFNs encontram a Procura\u00e7\u00e3o Eletr\u00f4nica com a pauta da Assembleia. Basta preencher o documento e selecionar o bot\u00e3o &#8220;Enviar&#8221; ao final da p\u00e1gina. A Procura\u00e7\u00e3o preenchida segue de forma autom\u00e1tica para a Secretaria do SINPROFAZ.<\/p>\n<p>Acesse agora <a href=\"https:\/\/areadofiliado.sinprofaz.org.br\/pages\/login.php\">areadofiliado.sinprofaz.org.br<\/a> e realize o preenchimento!<\/p>\n","protected":false},"excerpt":{"rendered":"<p>Esta \u00e9 sua \u00faltima oportunidade de participar da AGO 2021! Na \u00c1rea do Filiado, os PFNs encontram a Procura\u00e7\u00e3o Eletr\u00f4nica com a pauta da Assembleia. Basta preencher o documento e selecionar o bot\u00e3o &#8220;Enviar&#8221; ao final da p\u00e1gina. <\/p>\n","protected":false},"author":2,"featured_media":11737,"comment_status":"open","ping_status":"open","sticky":false,"template":"","format":"standard","meta":{"footnotes":""},"categories":[8],"tags":[41,32,146,25],"featured_image_url":"https:\/\/sinprofaz.org.br\/2024\/wp-content\/uploads\/2020\/07\/logo-sinprofaz-1.png","character_count":201,"formatted_date":"25\/03\/2021 - 13:00","contentNovo":"Esta \u00e9 sua \u00faltima oportunidade de participar da AGO 2021!\r\n\r\nNa \u00c1rea do Filiado, os PFNs encontram a Procura\u00e7\u00e3o Eletr\u00f4nica com a pauta da Assembleia. Basta preencher o documento e selecionar o bot\u00e3o \"Enviar\" ao final da p\u00e1gina. A Procura\u00e7\u00e3o preenchida segue de forma autom\u00e1tica para a Secretaria do SINPROFAZ.\r\n\r\nAcesse agora <a href=\"https:\/\/areadofiliado.sinprofaz.org.br\/pages\/login.php\">areadofiliado.sinprofaz.org.br<\/a> e realize o preenchimento!","_links":{"self":[{"href":"https:\/\/sinprofaz.org.br\/2024\/wp-json\/wp\/v2\/posts\/13004"}],"collection":[{"href":"https:\/\/sinprofaz.org.br\/2024\/wp-json\/wp\/v2\/posts"}],"about":[{"href":"https:\/\/sinprofaz.org.br\/2024\/wp-json\/wp\/v2\/types\/post"}],"author":[{"embeddable":true,"href":"https:\/\/sinprofaz.org.br\/2024\/wp-json\/wp\/v2\/users\/2"}],"replies":[{"embeddable":true,"href":"https:\/\/sinprofaz.org.br\/2024\/wp-json\/wp\/v2\/comments?post=13004"}],"version-history":[{"count":2,"href":"https:\/\/sinprofaz.org.br\/2024\/wp-json\/wp\/v2\/posts\/13004\/revisions"}],"predecessor-version":[{"id":13006,"href":"https:\/\/sinprofaz.org.br\/2024\/wp-json\/wp\/v2\/posts\/13004\/revisions\/13006"}],"wp:featuredmedia":[{"embeddable":true,"href":"https:\/\/sinprofaz.org.br\/2024\/wp-json\/wp\/v2\/media\/11737"}],"wp:attachment":[{"href":"https:\/\/sinprofaz.org.br\/2024\/wp-json\/wp\/v2\/media?parent=13004"}],"wp:term":[{"taxonomy":"category","embeddable":true,"href":"https:\/\/sinprofaz.org.br\/2024\/wp-json\/wp\/v2\/categories?post=13004"},{"taxonomy":"post_tag","embeddable":true,"href":"https:\/\/sinprofaz.org.br\/2024\/wp-json\/wp\/v2\/tags?post=13004"}],"curies":[{"name":"wp","href":"https:\/\/api.w.org\/{rel}","templated":true}]}}