{"id":130,"date":"2011-02-02T13:04:14","date_gmt":"2011-02-02T13:04:14","guid":{"rendered":""},"modified":"-0001-11-30T00:00:00","modified_gmt":"-0001-11-30T03:00:00","slug":"200634000267973","status":"publish","type":"post","link":"https:\/\/sinprofaz.org.br\/2024\/sem-categoria\/200634000267973\/","title":{"rendered":"2006.34.00.026787-3"},"content":{"rendered":"","protected":false},"excerpt":{"rendered":"<p><strong>Arquivos:<\/strong><br \/> <a class=\"book_icon\" title=\"Processo 2006.34.00.026787.3 VOL 1\" href=\"images\/stories\/processos\/2006.34.00.026797.3_vol1.pdf\" target=\"_blank\">Volume 1<\/a><\/p>\n<p><b>IMPORTANTE:<\/b> (OS N\u00daMEROS DE FLS. INDICADOS S\u00c3O OS DO ARQUIVO DIGITAL. O VOLUME CORRESPONDE A UM DOS ARQUIVOS DIGITAIS QUE S\u00c3O DIVIDIDOS EM VOLUMES)<\/p>\n<p><b>\u00cdndice:<\/b><\/p>\n<table class=\"tb_processo\">\n<thead>\n<tr>\n<td>Identifica\u00e7\u00e3o<\/td>\n<td>Fl.<\/td>\n<td>Vol.<\/td>\n<\/tr>\n<\/thead>\n<tbody>\n<tr>\n<td>Peti\u00e7\u00e3o inicial<\/td>\n<td>03<\/td>\n<td>01<\/td>\n<\/tr>\n<tr>\n<td>Lista de Associados<\/td>\n<td>102<\/td>\n<td>01<\/td>\n<\/tr>\n<tr>\n<td>Contesta\u00e7\u00e3o<\/td>\n<td>146<\/td>\n<td>01<\/td>\n<\/tr>\n<tr>\n<td>R\u00e9plica<\/td>\n<td>172<\/td>\n<td>01<\/td>\n<\/tr>\n<tr>\n<td>Senten\u00e7a<\/td>\n<td>217<\/td>\n<td>01<\/td>\n<\/tr>\n<tr>\n<td>Apela\u00e7\u00e3o Uni\u00e3o<\/td>\n<td>226<\/td>\n<td>01<\/td>\n<\/tr>\n<tr>\n<td>Embargos de Declara\u00e7\u00e3o Sinprofaz<\/td>\n<td>247<\/td>\n<td>01<\/td>\n<\/tr>\n<\/tbody>\n<\/table>\n<p><!--\n\n<p><b>Data de atualiza\u00e7\u00e3o:<\/b> 10\/12\/2010<\/p>\n\n--><\/p>\n<p><b>\u00daltima folha:<\/b> 242<\/p>\n<p><b>OBJETO\/PEDIDO:<\/b> Declarar o direito dos Substitu\u00eddos \u00e0 incorpora\u00e7\u00e3o de quintos at\u00e9 4 de setembro de 2001, momento em que passam a constituir VPNI, conforme a MP nO2.225-45\/2001;<br \/> Declarar o direito dos Substitu\u00eddos que j\u00e1 tinham quintos incorporados em 9 de abril de 1998 e que, posteriormente a essa data, exerceram cargos\/fun\u00e7\u00f5es de n\u00edveis mais elevados, \u00e0 atualiza\u00e7\u00e3o das parcelas incorporadas, de acordo com os requisitos que cumprirem at\u00e9 4 de setembro de 2001;<\/p>\n<p>Declarar o direito dos Substitu\u00eddos \u00e1 corre\u00e7\u00e3o dos quintos j\u00e1 incorporados em 9 de abril de 1998, neles refletindo todas as altera\u00e7\u00f5es remunerat\u00f3rias verificadas na retribui\u00e7\u00e3o dos cargos e fun\u00e7\u00f5es de confian\u00e7a at\u00e9 04 de setembro de 2001.<\/p>\n<p>Determinar \u00e1 r\u00e9 que proceda \u00e1 inclus\u00e3o das referidas parcelas na folha de pagamento dos Substitu\u00eddos, conforme a sistem\u00e1tica requerida nos pedidos &#8220;b.1&#8221;, &#8220;b.2&#8221; e &#8220;b.3&#8221;;<\/p>\n<p>Condenar a r\u00e9 ao pagamento dos valores atrasados referentes aos quintos, na forma do pedido &#8220;b.1&#8221;, &#8220;b.2&#8221; e &#8220;b.3&#8221; acima, tudo acrescido de juros de mora (no percentual de 1% ao m\u00eas, conforme disp\u00f5e o artigo 161, 9 1\u00b0 do CTN; ou, sucessivamente, considerando a natureza alimentar, \u00e1 taxa de 1% ao m\u00eas, com fulcro na Lei 8.177\/91 e no Decreto-Lei 2.322\/87) e de corre\u00e7\u00e3o monet\u00e1ria, ambos desde a les\u00e3o;<\/p>\n<p>Condenar a r\u00e9, ainda, a arcar integralmente com as custas judiciais e os honor\u00e1rios de advogado, estes arbitrados em 20% sobre o valor da condena\u00e7\u00e3o, bem como com eventuais despesas referentes \u00e1 contrata\u00e7\u00e3o de peritos, com fulcro nos artigos 20, 9 2\u00b0 e 604 do C\u00f3digo de Processo Civil;<\/p>\n","protected":false},"author":1,"featured_media":0,"comment_status":"closed","ping_status":"open","sticky":false,"template":"","format":"standard","meta":{"footnotes":""},"categories":[1],"tags":[],"featured_image_url":"https:\/\/dummyimage.com\/720x400","character_count":0,"formatted_date":"02\/02\/2011 - 13:04","contentNovo":"","_links":{"self":[{"href":"https:\/\/sinprofaz.org.br\/2024\/wp-json\/wp\/v2\/posts\/130"}],"collection":[{"href":"https:\/\/sinprofaz.org.br\/2024\/wp-json\/wp\/v2\/posts"}],"about":[{"href":"https:\/\/sinprofaz.org.br\/2024\/wp-json\/wp\/v2\/types\/post"}],"author":[{"embeddable":true,"href":"https:\/\/sinprofaz.org.br\/2024\/wp-json\/wp\/v2\/users\/1"}],"replies":[{"embeddable":true,"href":"https:\/\/sinprofaz.org.br\/2024\/wp-json\/wp\/v2\/comments?post=130"}],"version-history":[{"count":0,"href":"https:\/\/sinprofaz.org.br\/2024\/wp-json\/wp\/v2\/posts\/130\/revisions"}],"wp:attachment":[{"href":"https:\/\/sinprofaz.org.br\/2024\/wp-json\/wp\/v2\/media?parent=130"}],"wp:term":[{"taxonomy":"category","embeddable":true,"href":"https:\/\/sinprofaz.org.br\/2024\/wp-json\/wp\/v2\/categories?post=130"},{"taxonomy":"post_tag","embeddable":true,"href":"https:\/\/sinprofaz.org.br\/2024\/wp-json\/wp\/v2\/tags?post=130"}],"curies":[{"name":"wp","href":"https:\/\/api.w.org\/{rel}","templated":true}]}}