{"id":12993,"date":"2021-03-24T07:30:00","date_gmt":"2021-03-24T10:30:00","guid":{"rendered":"http:\/\/www.sinprofaz.org.br\/?p=12993"},"modified":"2021-03-25T09:02:44","modified_gmt":"2021-03-25T12:02:44","slug":"ultimos-dias-para-preenchimento-da-procuracao-eletronica-garanta-sua-participacao-na-ago","status":"publish","type":"post","link":"https:\/\/sinprofaz.org.br\/2024\/noticias\/ultimos-dias-para-preenchimento-da-procuracao-eletronica-garanta-sua-participacao-na-ago\/","title":{"rendered":"\u00daLTIMOS DIAS PARA PREENCHIMENTO DA PROCURA\u00c7\u00c3O ELETR\u00d4NICA. GARANTA SUA PARTICIPA\u00c7\u00c3O NA AGO!"},"content":{"rendered":"<p>Se voc\u00ea, Filiado ou Filiada, ainda n\u00e3o preencheu a Procura\u00e7\u00e3o Eletr\u00f4nica da AGO 2021, fique atento e atenta: o prazo para participa\u00e7\u00e3o nas delibera\u00e7\u00f5es da Assembleia Geral Ordin\u00e1ria do SINPROFAZ est\u00e1 se esgotando!<\/p>\n<p><strong>\u00daltimos dias<\/strong><br \/>\nA AGO ocorre no pr\u00f3ximo s\u00e1bado, dia 27 de mar\u00e7o. Tendo em vista a pandemia, a Diretoria orienta os PFNs a se resguardarem e a participarem da Assembleia mediante o preenchimento da Procura\u00e7\u00e3o Eletr\u00f4nica. O documento cont\u00e9m a pauta da AGO 2021 e, assim que preenchido, \u00e9 enviado automaticamente \u00e0 Secretaria do SINPROFAZ, outorgando a representa\u00e7\u00e3o, na Assembleia, ao presidente do Sindicato.<\/p>\n<p>Garanta sua participa\u00e7\u00e3o! Acesse agora <a href=\"https:\/\/areadofiliado.sinprofaz.org.br\/pages\/login.php\">areadofiliado.sinprofaz.org.br<\/a> e preencha a Procura\u00e7\u00e3o.<\/p>\n","protected":false},"excerpt":{"rendered":"<p>Se voc\u00ea, Filiado ou Filiada, ainda n\u00e3o preencheu a Procura\u00e7\u00e3o Eletr\u00f4nica da AGO 2021, fique atento e atenta: o prazo para participa\u00e7\u00e3o nas delibera\u00e7\u00f5es da Assembleia Geral Ordin\u00e1ria est\u00e1 se esgotando!<\/p>\n","protected":false},"author":2,"featured_media":11737,"comment_status":"open","ping_status":"open","sticky":false,"template":"","format":"standard","meta":{"footnotes":""},"categories":[8],"tags":[41,32,146,25],"featured_image_url":"https:\/\/sinprofaz.org.br\/2024\/wp-content\/uploads\/2020\/07\/logo-sinprofaz-1.png","character_count":371,"formatted_date":"24\/03\/2021 - 07:30","contentNovo":"Se voc\u00ea, Filiado ou Filiada, ainda n\u00e3o preencheu a Procura\u00e7\u00e3o Eletr\u00f4nica da AGO 2021, fique atento e atenta: o prazo para participa\u00e7\u00e3o nas delibera\u00e7\u00f5es da Assembleia Geral Ordin\u00e1ria do SINPROFAZ est\u00e1 se esgotando!\r\n\r\n<strong>\u00daltimos dias<\/strong>\r\nA AGO ocorre no pr\u00f3ximo s\u00e1bado, dia 27 de mar\u00e7o. Tendo em vista a pandemia, a Diretoria orienta os PFNs a se resguardarem e a participarem da Assembleia mediante o preenchimento da Procura\u00e7\u00e3o Eletr\u00f4nica. O documento cont\u00e9m a pauta da AGO 2021 e, assim que preenchido, \u00e9 enviado automaticamente \u00e0 Secretaria do SINPROFAZ, outorgando a representa\u00e7\u00e3o, na Assembleia, ao presidente do Sindicato.\r\n\r\nGaranta sua participa\u00e7\u00e3o! Acesse agora <a href=\"https:\/\/areadofiliado.sinprofaz.org.br\/pages\/login.php\">areadofiliado.sinprofaz.org.br<\/a> e preencha a Procura\u00e7\u00e3o.","_links":{"self":[{"href":"https:\/\/sinprofaz.org.br\/2024\/wp-json\/wp\/v2\/posts\/12993"}],"collection":[{"href":"https:\/\/sinprofaz.org.br\/2024\/wp-json\/wp\/v2\/posts"}],"about":[{"href":"https:\/\/sinprofaz.org.br\/2024\/wp-json\/wp\/v2\/types\/post"}],"author":[{"embeddable":true,"href":"https:\/\/sinprofaz.org.br\/2024\/wp-json\/wp\/v2\/users\/2"}],"replies":[{"embeddable":true,"href":"https:\/\/sinprofaz.org.br\/2024\/wp-json\/wp\/v2\/comments?post=12993"}],"version-history":[{"count":2,"href":"https:\/\/sinprofaz.org.br\/2024\/wp-json\/wp\/v2\/posts\/12993\/revisions"}],"predecessor-version":[{"id":13002,"href":"https:\/\/sinprofaz.org.br\/2024\/wp-json\/wp\/v2\/posts\/12993\/revisions\/13002"}],"wp:featuredmedia":[{"embeddable":true,"href":"https:\/\/sinprofaz.org.br\/2024\/wp-json\/wp\/v2\/media\/11737"}],"wp:attachment":[{"href":"https:\/\/sinprofaz.org.br\/2024\/wp-json\/wp\/v2\/media?parent=12993"}],"wp:term":[{"taxonomy":"category","embeddable":true,"href":"https:\/\/sinprofaz.org.br\/2024\/wp-json\/wp\/v2\/categories?post=12993"},{"taxonomy":"post_tag","embeddable":true,"href":"https:\/\/sinprofaz.org.br\/2024\/wp-json\/wp\/v2\/tags?post=12993"}],"curies":[{"name":"wp","href":"https:\/\/api.w.org\/{rel}","templated":true}]}}