{"id":12979,"date":"2021-03-23T13:00:43","date_gmt":"2021-03-23T16:00:43","guid":{"rendered":"http:\/\/www.sinprofaz.org.br\/?p=12979"},"modified":"2021-03-23T13:34:05","modified_gmt":"2021-03-23T16:34:05","slug":"a-saude-mental-das-mulheres-e-tema-de-evento-do-projeto-pfn-e-genero","status":"publish","type":"post","link":"https:\/\/sinprofaz.org.br\/2024\/noticias\/a-saude-mental-das-mulheres-e-tema-de-evento-do-projeto-pfn-e-genero\/","title":{"rendered":"A SA\u00daDE MENTAL DAS MULHERES \u00c9 TEMA DE EVENTO DO PROJETO &#8220;PFN E G\u00caNERO&#8221;"},"content":{"rendered":"<p>Em webinar realizado na segunda-feira (22), palestrantes, convidadas e convidados debateram o tema &#8220;A Sa\u00fade Mental das Mulheres: loucas ou sobrecarregadas?&#8221;. O evento integrou a s\u00e9rie <em>PFN e G\u00eanero: Sensibiliza\u00e7\u00e3o, Conscientiza\u00e7\u00e3o e Di\u00e1logos<\/em>, cujas a\u00e7\u00f5es v\u00eam marcando o M\u00eas da Mulher. Idealizado por Val\u00e9ria Ferreira, diretora do SINPROFAZ, e Beatriz Pereira, integrante do Grupo de Sa\u00fade Mental PFN-SP, o webinar teve as duas como anfitri\u00e3s e tamb\u00e9m contou com a participa\u00e7\u00e3o do psic\u00f3logo Cristiano Costa, coordenador do <em>Projeto do SINPROFAZ de Sa\u00fade Mental e Qualidade de Vida na PFN<\/em>. Para assistir \u00e0 \u00edntegra das palestras e das exposi\u00e7\u00f5es, acesse o canal do SINPROFAZ no YouTube: <a href=\"https:\/\/www.youtube.com\/watch?v=XSAqOy0qF4A\">bit.ly\/SaudeMentaldasMulheres<\/a>.<\/p>\n<p>Convidado para representar a PGFN no evento, Aleksey Cardoso \u00e9 diretor do Departamento de Gest\u00e3o Corporativa &#8211; DGC, onde, juntamente com a equipe, vem promovendo iniciativas como o <em>PGFN Plural<\/em>. De acordo com o filiado, o webinar realizado pelo SINPROFAZ reuniu duas vertentes dos debates que ocorrem na Institui\u00e7\u00e3o: a quest\u00e3o do g\u00eanero e a quest\u00e3o da sa\u00fade mental. &#8220;Para construir um ambiente de trabalho saud\u00e1vel, de qualidade de vida, devemos ter respeito \u00e0 diversidade em todos os seus enfoques. Que fa\u00e7amos cada vez mais a nossa parte, na tentativa de transformar o nosso ambiente familiar, para, a partir da\u00ed, transformar o ambiente da Institui\u00e7\u00e3o e, como gotas num grande oceano, transformar a cultura dentro do nosso pa\u00eds&#8221;, destacou.<\/p>\n<p>Carlos Alexandre Torres, diretor do SINPROFAZ, e Maya Lisboa, do Grupo de Sa\u00fade Mental PFN-SP, representaram a Carreira na oportunidade. De acordo com o dirigente sindical, &#8220;Por tudo que passamos recentemente, \u00e9 muito gratificante ver esse ciclo de palestras acontecendo. A sa\u00fade mental, apesar de ser uma preocupa\u00e7\u00e3o para muitos, raramente era tema de projetos que sa\u00edam do papel&#8221;. Ao reiterar a fala do diretor, Maya Lisboa ressaltou a import\u00e2ncia do cuidado com a sa\u00fade emocional, especialmente a da mulher: &#8220;Mesmo hoje, que temos mais participa\u00e7\u00e3o dos homens nas fun\u00e7\u00f5es dom\u00e9sticas, a gest\u00e3o do dia a dia, com a fam\u00edlia, a casa e as crian\u00e7as, ainda \u00e9 das mulheres. Essa carga mental nos leva a uma situa\u00e7\u00e3o de esgotamento que, aos olhos da sociedade, nos faz parecer surtadas&#8221;.<\/p>\n<p><strong>A Sa\u00fade Mental das Mulheres<\/strong><br \/>\nCarla Cristina Garcia foi a primeira chamada a palestrar. Segundo a professora de Psicologia Social e Ci\u00eancias Sociais da PUC SP, debates como os promovidos ao longo do m\u00eas de mar\u00e7o representam a continua\u00e7\u00e3o do trabalho de mulheres ocidentais que, tanto na filosofia quanto no mundo pr\u00e1tico, discutiram quest\u00f5es como &#8220;os preconceitos sociais que colocaram as mulheres do lado daquilo que, ao longo dos s\u00e9culos, viemos a chamar de loucura e, os homens, do lado do que viemos a chamar de raz\u00e3o&#8221;. A partir do s\u00e9culo XVIII, conforme ensina Carla Cristina Garcia, cresceu a associa\u00e7\u00e3o entre as mulheres e a loucura e definiu-se o lugar das rebeldes e revolucion\u00e1rias dentro da sociedade. &#8220;As dissidentes pol\u00edticas tinham dois destinos b\u00e1sicos: a guilhotina ou o manic\u00f4mio.&#8221;<\/p>\n<p>Para fechar as exposi\u00e7\u00f5es, Adriana Fregonese tratou da tem\u00e1tica do cuidado, principalmente no contexto da maternidade. Coordenadora do Servi\u00e7o de Psicologia do Hospital do Cora\u00e7\u00e3o &#8211; HCor e professora da Faculdade de Ci\u00eancias M\u00e9dicas da Santa Casa de S\u00e3o Paulo, Adriana Fregonese destacou a necessidade de que o cuidado v\u00e1 al\u00e9m da sa\u00fade f\u00edsica e inclua tamb\u00e9m a sa\u00fade emocional. &#8220;Historicamente, a gestante foi pouco assistida do ponto de vista da sa\u00fade mental, pois acreditava-se que a gesta\u00e7\u00e3o era uma fase plena, de alegria e de tranquilidade. Hoje sabemos que os sintomas e transtornos psiqui\u00e1tricos s\u00e3o muito frequentes. Em nosso sistema de sa\u00fade, temos o pr\u00e9-natal, mas n\u00e3o uma aten\u00e7\u00e3o \u00e0 sa\u00fade mental da gestante&#8221;, informou a professora.<\/p>\n<p><strong>Sorteios de livros<\/strong><br \/>\nUma das perspectivas do projeto <em>PFN e G\u00eanero: Sensibiliza\u00e7\u00e3o, Conscientiza\u00e7\u00e3o e Di\u00e1logos<\/em> \u00e9 o incentivo \u00e0s mulheres autoras. Visando \u00e0 divulga\u00e7\u00e3o de livros que privilegiam a perspectiva da mulher, o SINPROFAZ vem promovendo sorteios ao longo do m\u00eas de mar\u00e7o. Na ocasi\u00e3o do webinar realizado ontem, foram sorteadas as obras <em>O conto da aia<\/em>, de Margaret Atwood, e <em>Um teto todo seu<\/em>, de Virginia Woolf, cujas ganhadoras foram as filiadas Gabriela Arraes Cavalcanti e Cec\u00edlia Nayara Morais. J\u00e1 o Grupo de Sa\u00fade Mental PFN-SP foi respons\u00e1vel pelo sorteio da obra <em>Ovelhas na n\u00e9voa: um estudo sobre as mulheres e a loucura<\/em>, de autoria da palestrante Carla Cristina Garcia. A contemplada foi a procuradora da Fazenda Nacional Vivian Leinz.<\/p>\n\n\t\t<style type=\"text\/css\">\n\t\t\t#gallery-1 {\n\t\t\t\tmargin: auto;\n\t\t\t}\n\t\t\t#gallery-1 .gallery-item {\n\t\t\t\tfloat: left;\n\t\t\t\tmargin-top: 10px;\n\t\t\t\ttext-align: center;\n\t\t\t\twidth: 33%;\n\t\t\t}\n\t\t\t#gallery-1 img {\n\t\t\t\tborder: 2px solid #cfcfcf;\n\t\t\t}\n\t\t\t#gallery-1 .gallery-caption {\n\t\t\t\tmargin-left: 0;\n\t\t\t}\n\t\t\t\/* see gallery_shortcode() in wp-includes\/media.php *\/\n\t\t<\/style>\n\t\t<div id='gallery-1' class='gallery galleryid-12979 gallery-columns-3 gallery-size-thumbnail'><dl class='gallery-item'>\n\t\t\t<dt class='gallery-icon landscape'>\n\t\t\t\t<a href='https:\/\/sinprofaz.org.br\/2024\/wp-content\/uploads\/2021\/03\/2-6.jpg'><img loading=\"lazy\" decoding=\"async\" width=\"150\" height=\"150\" src=\"https:\/\/sinprofaz.org.br\/2024\/wp-content\/uploads\/2021\/03\/2-6-150x150.jpg\" class=\"attachment-thumbnail size-thumbnail\" alt=\"\" \/><\/a>\n\t\t\t<\/dt><\/dl><dl class='gallery-item'>\n\t\t\t<dt class='gallery-icon landscape'>\n\t\t\t\t<a href='https:\/\/sinprofaz.org.br\/2024\/wp-content\/uploads\/2021\/03\/3-4.jpg'><img loading=\"lazy\" decoding=\"async\" width=\"150\" height=\"150\" src=\"https:\/\/sinprofaz.org.br\/2024\/wp-content\/uploads\/2021\/03\/3-4-150x150.jpg\" class=\"attachment-thumbnail size-thumbnail\" alt=\"\" \/><\/a>\n\t\t\t<\/dt><\/dl><dl class='gallery-item'>\n\t\t\t<dt class='gallery-icon landscape'>\n\t\t\t\t<a href='https:\/\/sinprofaz.org.br\/2024\/wp-content\/uploads\/2021\/03\/4-3.jpg'><img loading=\"lazy\" decoding=\"async\" width=\"150\" height=\"150\" src=\"https:\/\/sinprofaz.org.br\/2024\/wp-content\/uploads\/2021\/03\/4-3-150x150.jpg\" class=\"attachment-thumbnail size-thumbnail\" alt=\"\" \/><\/a>\n\t\t\t<\/dt><\/dl><br style=\"clear: both\" \/><dl class='gallery-item'>\n\t\t\t<dt class='gallery-icon landscape'>\n\t\t\t\t<a href='https:\/\/sinprofaz.org.br\/2024\/wp-content\/uploads\/2021\/03\/5-3.jpg'><img loading=\"lazy\" decoding=\"async\" width=\"150\" height=\"150\" src=\"https:\/\/sinprofaz.org.br\/2024\/wp-content\/uploads\/2021\/03\/5-3-150x150.jpg\" class=\"attachment-thumbnail size-thumbnail\" alt=\"\" \/><\/a>\n\t\t\t<\/dt><\/dl><dl class='gallery-item'>\n\t\t\t<dt class='gallery-icon landscape'>\n\t\t\t\t<a href='https:\/\/sinprofaz.org.br\/2024\/wp-content\/uploads\/2021\/03\/6-2.jpg'><img loading=\"lazy\" decoding=\"async\" width=\"150\" height=\"150\" src=\"https:\/\/sinprofaz.org.br\/2024\/wp-content\/uploads\/2021\/03\/6-2-150x150.jpg\" class=\"attachment-thumbnail size-thumbnail\" alt=\"\" \/><\/a>\n\t\t\t<\/dt><\/dl><dl class='gallery-item'>\n\t\t\t<dt class='gallery-icon landscape'>\n\t\t\t\t<a href='https:\/\/sinprofaz.org.br\/2024\/wp-content\/uploads\/2021\/03\/7-2.jpg'><img loading=\"lazy\" decoding=\"async\" width=\"150\" height=\"150\" src=\"https:\/\/sinprofaz.org.br\/2024\/wp-content\/uploads\/2021\/03\/7-2-150x150.jpg\" class=\"attachment-thumbnail size-thumbnail\" alt=\"\" \/><\/a>\n\t\t\t<\/dt><\/dl><br style=\"clear: both\" \/><dl class='gallery-item'>\n\t\t\t<dt class='gallery-icon landscape'>\n\t\t\t\t<a href='https:\/\/sinprofaz.org.br\/2024\/wp-content\/uploads\/2021\/03\/8-2.jpg'><img loading=\"lazy\" decoding=\"async\" width=\"150\" height=\"150\" src=\"https:\/\/sinprofaz.org.br\/2024\/wp-content\/uploads\/2021\/03\/8-2-150x150.jpg\" class=\"attachment-thumbnail size-thumbnail\" alt=\"\" \/><\/a>\n\t\t\t<\/dt><\/dl><dl class='gallery-item'>\n\t\t\t<dt class='gallery-icon landscape'>\n\t\t\t\t<a href='https:\/\/sinprofaz.org.br\/2024\/wp-content\/uploads\/2021\/03\/9-1.jpg'><img loading=\"lazy\" decoding=\"async\" width=\"150\" height=\"150\" src=\"https:\/\/sinprofaz.org.br\/2024\/wp-content\/uploads\/2021\/03\/9-1-150x150.jpg\" class=\"attachment-thumbnail size-thumbnail\" alt=\"\" \/><\/a>\n\t\t\t<\/dt><\/dl>\n\t\t\t<br style='clear: both' \/>\n\t\t<\/div>\n\n","protected":false},"excerpt":{"rendered":"<p>Palestrantes, convidadas e convidados debateram o tema &#8220;A Sa\u00fade Mental das Mulheres: loucas ou sobrecarregadas?&#8221;. O evento integrou a s\u00e9rie &#8220;PFN e G\u00eanero: Sensibiliza\u00e7\u00e3o, Conscientiza\u00e7\u00e3o e Di\u00e1logos&#8221;, cujas a\u00e7\u00f5es v\u00eam marcando o M\u00eas da Mulher.<\/p>\n","protected":false},"author":2,"featured_media":12984,"comment_status":"open","ping_status":"open","sticky":false,"template":"","format":"standard","meta":{"footnotes":""},"categories":[8],"tags":[32,166,25],"featured_image_url":"https:\/\/sinprofaz.org.br\/2024\/wp-content\/uploads\/2021\/03\/1-6.jpg","character_count":2594,"formatted_date":"23\/03\/2021 - 13:00","contentNovo":"Em webinar realizado na segunda-feira (22), palestrantes, convidadas e convidados debateram o tema \"A Sa\u00fade Mental das Mulheres: loucas ou sobrecarregadas?\". O evento integrou a s\u00e9rie <em>PFN e G\u00eanero: Sensibiliza\u00e7\u00e3o, Conscientiza\u00e7\u00e3o e Di\u00e1logos<\/em>, cujas a\u00e7\u00f5es v\u00eam marcando o M\u00eas da Mulher. Idealizado por Val\u00e9ria Ferreira, diretora do SINPROFAZ, e Beatriz Pereira, integrante do Grupo de Sa\u00fade Mental PFN-SP, o webinar teve as duas como anfitri\u00e3s e tamb\u00e9m contou com a participa\u00e7\u00e3o do psic\u00f3logo Cristiano Costa, coordenador do <em>Projeto do SINPROFAZ de Sa\u00fade Mental e Qualidade de Vida na PFN<\/em>. Para assistir \u00e0 \u00edntegra das palestras e das exposi\u00e7\u00f5es, acesse o canal do SINPROFAZ no YouTube: <a href=\"https:\/\/www.youtube.com\/watch?v=XSAqOy0qF4A\">bit.ly\/SaudeMentaldasMulheres<\/a>.\r\n\r\nConvidado para representar a PGFN no evento, Aleksey Cardoso \u00e9 diretor do Departamento de Gest\u00e3o Corporativa - DGC, onde, juntamente com a equipe, vem promovendo iniciativas como o <em>PGFN Plural<\/em>. De acordo com o filiado, o webinar realizado pelo SINPROFAZ reuniu duas vertentes dos debates que ocorrem na Institui\u00e7\u00e3o: a quest\u00e3o do g\u00eanero e a quest\u00e3o da sa\u00fade mental. \"Para construir um ambiente de trabalho saud\u00e1vel, de qualidade de vida, devemos ter respeito \u00e0 diversidade em todos os seus enfoques. Que fa\u00e7amos cada vez mais a nossa parte, na tentativa de transformar o nosso ambiente familiar, para, a partir da\u00ed, transformar o ambiente da Institui\u00e7\u00e3o e, como gotas num grande oceano, transformar a cultura dentro do nosso pa\u00eds\", destacou.\r\n\r\nCarlos Alexandre Torres, diretor do SINPROFAZ, e Maya Lisboa, do Grupo de Sa\u00fade Mental PFN-SP, representaram a Carreira na oportunidade. De acordo com o dirigente sindical, \"Por tudo que passamos recentemente, \u00e9 muito gratificante ver esse ciclo de palestras acontecendo. A sa\u00fade mental, apesar de ser uma preocupa\u00e7\u00e3o para muitos, raramente era tema de projetos que sa\u00edam do papel\". Ao reiterar a fala do diretor, Maya Lisboa ressaltou a import\u00e2ncia do cuidado com a sa\u00fade emocional, especialmente a da mulher: \"Mesmo hoje, que temos mais participa\u00e7\u00e3o dos homens nas fun\u00e7\u00f5es dom\u00e9sticas, a gest\u00e3o do dia a dia, com a fam\u00edlia, a casa e as crian\u00e7as, ainda \u00e9 das mulheres. Essa carga mental nos leva a uma situa\u00e7\u00e3o de esgotamento que, aos olhos da sociedade, nos faz parecer surtadas\".\r\n\r\n<strong>A Sa\u00fade Mental das Mulheres<\/strong>\r\nCarla Cristina Garcia foi a primeira chamada a palestrar. Segundo a professora de Psicologia Social e Ci\u00eancias Sociais da PUC SP, debates como os promovidos ao longo do m\u00eas de mar\u00e7o representam a continua\u00e7\u00e3o do trabalho de mulheres ocidentais que, tanto na filosofia quanto no mundo pr\u00e1tico, discutiram quest\u00f5es como \"os preconceitos sociais que colocaram as mulheres do lado daquilo que, ao longo dos s\u00e9culos, viemos a chamar de loucura e, os homens, do lado do que viemos a chamar de raz\u00e3o\". A partir do s\u00e9culo XVIII, conforme ensina Carla Cristina Garcia, cresceu a associa\u00e7\u00e3o entre as mulheres e a loucura e definiu-se o lugar das rebeldes e revolucion\u00e1rias dentro da sociedade. \"As dissidentes pol\u00edticas tinham dois destinos b\u00e1sicos: a guilhotina ou o manic\u00f4mio.\"\r\n\r\nPara fechar as exposi\u00e7\u00f5es, Adriana Fregonese tratou da tem\u00e1tica do cuidado, principalmente no contexto da maternidade. Coordenadora do Servi\u00e7o de Psicologia do Hospital do Cora\u00e7\u00e3o - HCor e professora da Faculdade de Ci\u00eancias M\u00e9dicas da Santa Casa de S\u00e3o Paulo, Adriana Fregonese destacou a necessidade de que o cuidado v\u00e1 al\u00e9m da sa\u00fade f\u00edsica e inclua tamb\u00e9m a sa\u00fade emocional. \"Historicamente, a gestante foi pouco assistida do ponto de vista da sa\u00fade mental, pois acreditava-se que a gesta\u00e7\u00e3o era uma fase plena, de alegria e de tranquilidade. Hoje sabemos que os sintomas e transtornos psiqui\u00e1tricos s\u00e3o muito frequentes. Em nosso sistema de sa\u00fade, temos o pr\u00e9-natal, mas n\u00e3o uma aten\u00e7\u00e3o \u00e0 sa\u00fade mental da gestante\", informou a professora.\r\n\r\n<strong>Sorteios de livros<\/strong>\r\nUma das perspectivas do projeto <em>PFN e G\u00eanero: Sensibiliza\u00e7\u00e3o, Conscientiza\u00e7\u00e3o e Di\u00e1logos<\/em> \u00e9 o incentivo \u00e0s mulheres autoras. Visando \u00e0 divulga\u00e7\u00e3o de livros que privilegiam a perspectiva da mulher, o SINPROFAZ vem promovendo sorteios ao longo do m\u00eas de mar\u00e7o. Na ocasi\u00e3o do webinar realizado ontem, foram sorteadas as obras <em>O conto da aia<\/em>, de Margaret Atwood, e <em>Um teto todo seu<\/em>, de Virginia Woolf, cujas ganhadoras foram as filiadas Gabriela Arraes Cavalcanti e Cec\u00edlia Nayara Morais. J\u00e1 o Grupo de Sa\u00fade Mental PFN-SP foi respons\u00e1vel pelo sorteio da obra <em>Ovelhas na n\u00e9voa: um estudo sobre as mulheres e a loucura<\/em>, de autoria da palestrante Carla Cristina Garcia. A contemplada foi a procuradora da Fazenda Nacional Vivian Leinz.\r\n\r\n[gallery link=\"file\" ids=\"12985,12986,12987,12988,12980,12981,12982,12983\"]","_links":{"self":[{"href":"https:\/\/sinprofaz.org.br\/2024\/wp-json\/wp\/v2\/posts\/12979"}],"collection":[{"href":"https:\/\/sinprofaz.org.br\/2024\/wp-json\/wp\/v2\/posts"}],"about":[{"href":"https:\/\/sinprofaz.org.br\/2024\/wp-json\/wp\/v2\/types\/post"}],"author":[{"embeddable":true,"href":"https:\/\/sinprofaz.org.br\/2024\/wp-json\/wp\/v2\/users\/2"}],"replies":[{"embeddable":true,"href":"https:\/\/sinprofaz.org.br\/2024\/wp-json\/wp\/v2\/comments?post=12979"}],"version-history":[{"count":2,"href":"https:\/\/sinprofaz.org.br\/2024\/wp-json\/wp\/v2\/posts\/12979\/revisions"}],"predecessor-version":[{"id":12990,"href":"https:\/\/sinprofaz.org.br\/2024\/wp-json\/wp\/v2\/posts\/12979\/revisions\/12990"}],"wp:featuredmedia":[{"embeddable":true,"href":"https:\/\/sinprofaz.org.br\/2024\/wp-json\/wp\/v2\/media\/12984"}],"wp:attachment":[{"href":"https:\/\/sinprofaz.org.br\/2024\/wp-json\/wp\/v2\/media?parent=12979"}],"wp:term":[{"taxonomy":"category","embeddable":true,"href":"https:\/\/sinprofaz.org.br\/2024\/wp-json\/wp\/v2\/categories?post=12979"},{"taxonomy":"post_tag","embeddable":true,"href":"https:\/\/sinprofaz.org.br\/2024\/wp-json\/wp\/v2\/tags?post=12979"}],"curies":[{"name":"wp","href":"https:\/\/api.w.org\/{rel}","templated":true}]}}