{"id":12974,"date":"2021-03-22T15:00:32","date_gmt":"2021-03-22T18:00:32","guid":{"rendered":"http:\/\/www.sinprofaz.org.br\/?p=12974"},"modified":"2021-03-23T13:34:29","modified_gmt":"2021-03-23T16:34:29","slug":"ultima-semana-para-preenchimento-da-procuracao-eletronica-nao-perca-o-prazo","status":"publish","type":"post","link":"https:\/\/sinprofaz.org.br\/2024\/noticias\/ultima-semana-para-preenchimento-da-procuracao-eletronica-nao-perca-o-prazo\/","title":{"rendered":"\u00daLTIMA SEMANA PARA PREENCHIMENTO DA PROCURA\u00c7\u00c3O ELETR\u00d4NICA. N\u00c3O PERCA O PRAZO!"},"content":{"rendered":"<p>A Assembleia Geral Ordin\u00e1ria do SINPROFAZ ocorre no pr\u00f3ximo s\u00e1bado, dia 27. Visando resguardar a sa\u00fade de filiados e filiadas, a Diretoria do SINPROFAZ orienta os PFNs a participarem da AGO mediante o preenchimento da Procura\u00e7\u00e3o Eletr\u00f4nica, a qual est\u00e1 dispon\u00edvel na \u00c1rea do Filiado.<\/p>\n<p><strong>Tire suas d\u00favidas sobre a Procura\u00e7\u00e3o<\/strong><br \/>\nO documento eletr\u00f4nico cont\u00e9m a pauta da AGO 2021 e, quando preenchido, \u00e9 enviado de forma autom\u00e1tica \u00e0 Secretaria do SINPROFAZ. A Procura\u00e7\u00e3o outorga a representa\u00e7\u00e3o na Assembleia ao presidente do Sindicato e pode ser encontrada na \u00e1rea restrita do <em>site<\/em>. Eventuais problemas com a senha cadastrada na \u00c1rea do Filiado devem ser solucionados por meio do contato <a href=\"secretaria@sinprofaz.org.br\">secretaria@sinprofaz.org.br<\/a>.<\/p>\n<p>N\u00e3o perca o prazo: acesse agora <a href=\"https:\/\/areadofiliado.sinprofaz.org.br\/pages\/login.php\">areadofiliado.sinprofaz.org.br<\/a> e preencha a Procura\u00e7\u00e3o!<\/p>\n","protected":false},"excerpt":{"rendered":"<p>A Assembleia Geral Ordin\u00e1ria do SINPROFAZ ocorre no pr\u00f3ximo s\u00e1bado, dia 27. Visando resguardar a sa\u00fade de filiados e filiadas, a Diretoria orienta os PFNs a participarem da AGO mediante o preenchimento da Procura\u00e7\u00e3o Eletr\u00f4nica.<\/p>\n","protected":false},"author":2,"featured_media":11737,"comment_status":"open","ping_status":"open","sticky":false,"template":"","format":"standard","meta":{"footnotes":""},"categories":[8],"tags":[41,32,146,25],"featured_image_url":"https:\/\/sinprofaz.org.br\/2024\/wp-content\/uploads\/2020\/07\/logo-sinprofaz-1.png","character_count":413,"formatted_date":"22\/03\/2021 - 15:00","contentNovo":"A Assembleia Geral Ordin\u00e1ria do SINPROFAZ ocorre no pr\u00f3ximo s\u00e1bado, dia 27. Visando resguardar a sa\u00fade de filiados e filiadas, a Diretoria do SINPROFAZ orienta os PFNs a participarem da AGO mediante o preenchimento da Procura\u00e7\u00e3o Eletr\u00f4nica, a qual est\u00e1 dispon\u00edvel na \u00c1rea do Filiado.\r\n\r\n<strong>Tire suas d\u00favidas sobre a Procura\u00e7\u00e3o<\/strong>\r\nO documento eletr\u00f4nico cont\u00e9m a pauta da AGO 2021 e, quando preenchido, \u00e9 enviado de forma autom\u00e1tica \u00e0 Secretaria do SINPROFAZ. A Procura\u00e7\u00e3o outorga a representa\u00e7\u00e3o na Assembleia ao presidente do Sindicato e pode ser encontrada na \u00e1rea restrita do <em>site<\/em>. Eventuais problemas com a senha cadastrada na \u00c1rea do Filiado devem ser solucionados por meio do contato <a href=\"secretaria@sinprofaz.org.br\">secretaria@sinprofaz.org.br<\/a>.\r\n\r\nN\u00e3o perca o prazo: acesse agora <a href=\"https:\/\/areadofiliado.sinprofaz.org.br\/pages\/login.php\">areadofiliado.sinprofaz.org.br<\/a> e preencha a Procura\u00e7\u00e3o!","_links":{"self":[{"href":"https:\/\/sinprofaz.org.br\/2024\/wp-json\/wp\/v2\/posts\/12974"}],"collection":[{"href":"https:\/\/sinprofaz.org.br\/2024\/wp-json\/wp\/v2\/posts"}],"about":[{"href":"https:\/\/sinprofaz.org.br\/2024\/wp-json\/wp\/v2\/types\/post"}],"author":[{"embeddable":true,"href":"https:\/\/sinprofaz.org.br\/2024\/wp-json\/wp\/v2\/users\/2"}],"replies":[{"embeddable":true,"href":"https:\/\/sinprofaz.org.br\/2024\/wp-json\/wp\/v2\/comments?post=12974"}],"version-history":[{"count":2,"href":"https:\/\/sinprofaz.org.br\/2024\/wp-json\/wp\/v2\/posts\/12974\/revisions"}],"predecessor-version":[{"id":12991,"href":"https:\/\/sinprofaz.org.br\/2024\/wp-json\/wp\/v2\/posts\/12974\/revisions\/12991"}],"wp:featuredmedia":[{"embeddable":true,"href":"https:\/\/sinprofaz.org.br\/2024\/wp-json\/wp\/v2\/media\/11737"}],"wp:attachment":[{"href":"https:\/\/sinprofaz.org.br\/2024\/wp-json\/wp\/v2\/media?parent=12974"}],"wp:term":[{"taxonomy":"category","embeddable":true,"href":"https:\/\/sinprofaz.org.br\/2024\/wp-json\/wp\/v2\/categories?post=12974"},{"taxonomy":"post_tag","embeddable":true,"href":"https:\/\/sinprofaz.org.br\/2024\/wp-json\/wp\/v2\/tags?post=12974"}],"curies":[{"name":"wp","href":"https:\/\/api.w.org\/{rel}","templated":true}]}}