{"id":12967,"date":"2021-03-18T08:39:24","date_gmt":"2021-03-18T11:39:24","guid":{"rendered":"http:\/\/www.sinprofaz.org.br\/?p=12967"},"modified":"2021-03-18T09:12:53","modified_gmt":"2021-03-18T12:12:53","slug":"ago-2021-presidente-do-sinprofaz-solicita-aos-filiados-o-preenchimento-da-procuracao-eletronica","status":"publish","type":"post","link":"https:\/\/sinprofaz.org.br\/2024\/noticias\/ago-2021-presidente-do-sinprofaz-solicita-aos-filiados-o-preenchimento-da-procuracao-eletronica\/","title":{"rendered":"AGO 2021: PRESIDENTE DO SINPROFAZ SOLICITA AOS FILIADOS O PREENCHIMENTO DA PROCURA\u00c7\u00c3O ELETR\u00d4NICA"},"content":{"rendered":"<p>Prezado(a) Filiado(a),<\/p>\n<p>Por determina\u00e7\u00e3o estatut\u00e1ria (Art.10), a Assembleia Geral do SINPROFAZ deve se reunir ordinariamente no m\u00eas de mar\u00e7o. Este ano, a AGO ser\u00e1 realizada no dia 27 de mar\u00e7o.<\/p>\n<p>Infelizmente, em virtude da pandemia que enfrentamos e do <em>lockdown<\/em> que vigora em Bras\u00edlia\/DF, o SINPROFAZ n\u00e3o tem condi\u00e7\u00f5es de exigir a presen\u00e7a f\u00edsica dos nossos Filiados em nossa AGO 2021.<\/p>\n<p>Nessa senda, visando resguardar a sa\u00fade dos Procuradores e das Procuradoras da Fazenda Nacional, assim como garantir a participa\u00e7\u00e3o de todas e todos os Colegas, venho solicitar o preenchimento e envio da nossa Procura\u00e7\u00e3o Eletr\u00f4nica, que encontra-se na \u00c1rea do Filiado.<\/p>\n<p><strong>Sobre a Procura\u00e7\u00e3o Eletr\u00f4nica<\/strong><br \/>\nO documento eletr\u00f4nico, que cont\u00e9m a pauta da AGO 2021, outorga a representa\u00e7\u00e3o ao Presidente do Sindicato e se encontra na \u00e1rea restrita do site do SINPROFAZ.<\/p>\n<p>Caso haja problemas com a senha de acesso, o Procurador ou a Procuradora deve contatar o Sindicato pelo e-mail <a href=\"secretaria@sinprofaz.org.br\">secretaria@sinprofaz.org.br<\/a>.<\/p>\n<p>Ressaltamos, ainda, a import\u00e2ncia de n\u00e3o deixar o envio para o derradeiro momento: se poss\u00edvel, acesse agora o endere\u00e7o <a href=\"https:\/\/areadofiliado.sinprofaz.org.br\/pages\/login.php\">areadofiliado.sinprofaz.org.br<\/a> e dedique alguns breves minutos ao preenchimento da Procura\u00e7\u00e3o.<\/p>\n<p>Grato pela compreens\u00e3o dos Colegas, seguimos na luta, sempre \u00e0 disposi\u00e7\u00e3o de todos!<\/p>\n<p>Cordialmente,<\/p>\n<p style=\"text-align: center;\">Jos\u00e9 Ernane de Souza Brito<br \/>\nPresidente do SINPROFAZ<\/p>\n","protected":false},"excerpt":{"rendered":"<p>Visando resguardar a sa\u00fade dos Procuradores e das Procuradoras da Fazenda Nacional, assim como garantir a participa\u00e7\u00e3o de todas e todos os Colegas, o Presidente solicita o preenchimento e envio da Procura\u00e7\u00e3o Eletr\u00f4nica.<\/p>\n","protected":false},"author":2,"featured_media":11737,"comment_status":"open","ping_status":"open","sticky":false,"template":"","format":"standard","meta":{"footnotes":""},"categories":[8],"tags":[41,32,146,25],"featured_image_url":"https:\/\/sinprofaz.org.br\/2024\/wp-content\/uploads\/2020\/07\/logo-sinprofaz-1.png","character_count":693,"formatted_date":"18\/03\/2021 - 08:39","contentNovo":"Prezado(a) Filiado(a),\r\n\r\nPor determina\u00e7\u00e3o estatut\u00e1ria (Art.10), a Assembleia Geral do SINPROFAZ deve se reunir ordinariamente no m\u00eas de mar\u00e7o. Este ano, a AGO ser\u00e1 realizada no dia 27 de mar\u00e7o.\r\n\r\nInfelizmente, em virtude da pandemia que enfrentamos e do <em>lockdown<\/em> que vigora em Bras\u00edlia\/DF, o SINPROFAZ n\u00e3o tem condi\u00e7\u00f5es de exigir a presen\u00e7a f\u00edsica dos nossos Filiados em nossa AGO 2021.\r\n\r\nNessa senda, visando resguardar a sa\u00fade dos Procuradores e das Procuradoras da Fazenda Nacional, assim como garantir a participa\u00e7\u00e3o de todas e todos os Colegas, venho solicitar o preenchimento e envio da nossa Procura\u00e7\u00e3o Eletr\u00f4nica, que encontra-se na \u00c1rea do Filiado.\r\n\r\n<strong>Sobre a Procura\u00e7\u00e3o Eletr\u00f4nica<\/strong>\r\nO documento eletr\u00f4nico, que cont\u00e9m a pauta da AGO 2021, outorga a representa\u00e7\u00e3o ao Presidente do Sindicato e se encontra na \u00e1rea restrita do site do SINPROFAZ.\r\n\r\nCaso haja problemas com a senha de acesso, o Procurador ou a Procuradora deve contatar o Sindicato pelo e-mail <a href=\"secretaria@sinprofaz.org.br\">secretaria@sinprofaz.org.br<\/a>.\r\n\r\nRessaltamos, ainda, a import\u00e2ncia de n\u00e3o deixar o envio para o derradeiro momento: se poss\u00edvel, acesse agora o endere\u00e7o <a href=\"https:\/\/areadofiliado.sinprofaz.org.br\/pages\/login.php\">areadofiliado.sinprofaz.org.br<\/a> e dedique alguns breves minutos ao preenchimento da Procura\u00e7\u00e3o.\r\n\r\nGrato pela compreens\u00e3o dos Colegas, seguimos na luta, sempre \u00e0 disposi\u00e7\u00e3o de todos!\r\n\r\nCordialmente,\r\n<p style=\"text-align: center;\">Jos\u00e9 Ernane de Souza Brito\r\nPresidente do SINPROFAZ<\/p>","_links":{"self":[{"href":"https:\/\/sinprofaz.org.br\/2024\/wp-json\/wp\/v2\/posts\/12967"}],"collection":[{"href":"https:\/\/sinprofaz.org.br\/2024\/wp-json\/wp\/v2\/posts"}],"about":[{"href":"https:\/\/sinprofaz.org.br\/2024\/wp-json\/wp\/v2\/types\/post"}],"author":[{"embeddable":true,"href":"https:\/\/sinprofaz.org.br\/2024\/wp-json\/wp\/v2\/users\/2"}],"replies":[{"embeddable":true,"href":"https:\/\/sinprofaz.org.br\/2024\/wp-json\/wp\/v2\/comments?post=12967"}],"version-history":[{"count":1,"href":"https:\/\/sinprofaz.org.br\/2024\/wp-json\/wp\/v2\/posts\/12967\/revisions"}],"predecessor-version":[{"id":12968,"href":"https:\/\/sinprofaz.org.br\/2024\/wp-json\/wp\/v2\/posts\/12967\/revisions\/12968"}],"wp:featuredmedia":[{"embeddable":true,"href":"https:\/\/sinprofaz.org.br\/2024\/wp-json\/wp\/v2\/media\/11737"}],"wp:attachment":[{"href":"https:\/\/sinprofaz.org.br\/2024\/wp-json\/wp\/v2\/media?parent=12967"}],"wp:term":[{"taxonomy":"category","embeddable":true,"href":"https:\/\/sinprofaz.org.br\/2024\/wp-json\/wp\/v2\/categories?post=12967"},{"taxonomy":"post_tag","embeddable":true,"href":"https:\/\/sinprofaz.org.br\/2024\/wp-json\/wp\/v2\/tags?post=12967"}],"curies":[{"name":"wp","href":"https:\/\/api.w.org\/{rel}","templated":true}]}}