{"id":12911,"date":"2021-03-12T08:24:19","date_gmt":"2021-03-12T11:24:19","guid":{"rendered":"http:\/\/www.sinprofaz.org.br\/?p=12911"},"modified":"2021-03-12T08:25:19","modified_gmt":"2021-03-12T11:25:19","slug":"ago-2021-sinprofaz-segue-recebendo-procuracoes-eletronicas-preencha-a-sua","status":"publish","type":"post","link":"https:\/\/sinprofaz.org.br\/2024\/noticias\/ago-2021-sinprofaz-segue-recebendo-procuracoes-eletronicas-preencha-a-sua\/","title":{"rendered":"AGO 2021: SINPROFAZ SEGUE RECEBENDO PROCURA\u00c7\u00d5ES ELETR\u00d4NICAS. PREENCHA A SUA!"},"content":{"rendered":"<p>A AGO 2021 se aproxima: a Assembleia ser\u00e1 realizada no dia 27 de mar\u00e7o, em Bras\u00edlia\/DF. Para participa\u00e7\u00e3o da Carreira na Assembleia, o SINPROFAZ disponibiliza Procura\u00e7\u00f5es Eletr\u00f4nicas e Impressas.<\/p>\n<p><strong>Procura\u00e7\u00e3o Impressa<\/strong><br \/>\nPara outorgar a representa\u00e7\u00e3o na AGO ao delegado sindical, deve-se utilizar a vers\u00e3o impressa, a qual precisa ser preenchida e entregue ao representante do Estado correspondente ou encaminhada ao SINPROFAZ via Correios.<\/p>\n<p><strong>Procura\u00e7\u00e3o Eletr\u00f4nica<\/strong><br \/>\nOutorga a representa\u00e7\u00e3o ao presidente do Sindicato. Para acess\u00e1-la, basta realizar o login na \u00c1rea do Filiado. Ap\u00f3s o preenchimento de todos os itens, clique no bot\u00e3o Enviar, ao final da p\u00e1gina. Uma mensagem avisar\u00e1 que o envio foi conclu\u00eddo com sucesso.<\/p>\n<p>Preencha agora a Procura\u00e7\u00e3o Eletr\u00f4nica e garanta sua particpa\u00e7\u00e3o na AGO 2021: <a href=\"https:\/\/areadofiliado.sinprofaz.org.br\/pages\/login.php\">bit.ly\/AreadoFiliadoSINPROFAZ<\/a><\/p>\n","protected":false},"excerpt":{"rendered":"<p>A Procura\u00e7\u00e3o Eletr\u00f4nica outorga a representa\u00e7\u00e3o ao presidente do Sindicato. Para acess\u00e1-la, basta realizar o login na \u00c1rea do Filiado. Ap\u00f3s o preenchimento, clique no bot\u00e3o Enviar, ao final da p\u00e1gina. Uma mensagem avisar\u00e1 que o envio foi conclu\u00eddo com sucesso.<\/p>\n","protected":false},"author":2,"featured_media":11737,"comment_status":"open","ping_status":"open","sticky":false,"template":"","format":"standard","meta":{"footnotes":""},"categories":[8],"tags":[41,32,146,25],"featured_image_url":"https:\/\/sinprofaz.org.br\/2024\/wp-content\/uploads\/2020\/07\/logo-sinprofaz-1.png","character_count":426,"formatted_date":"12\/03\/2021 - 08:24","contentNovo":"A AGO 2021 se aproxima: a Assembleia ser\u00e1 realizada no dia 27 de mar\u00e7o, em Bras\u00edlia\/DF. Para participa\u00e7\u00e3o da Carreira na Assembleia, o SINPROFAZ disponibiliza Procura\u00e7\u00f5es Eletr\u00f4nicas e Impressas.\r\n\r\n<strong>Procura\u00e7\u00e3o Impressa<\/strong>\r\nPara outorgar a representa\u00e7\u00e3o na AGO ao delegado sindical, deve-se utilizar a vers\u00e3o impressa, a qual precisa ser preenchida e entregue ao representante do Estado correspondente ou encaminhada ao SINPROFAZ via Correios.\r\n\r\n<strong>Procura\u00e7\u00e3o Eletr\u00f4nica<\/strong>\r\nOutorga a representa\u00e7\u00e3o ao presidente do Sindicato. Para acess\u00e1-la, basta realizar o login na \u00c1rea do Filiado. Ap\u00f3s o preenchimento de todos os itens, clique no bot\u00e3o Enviar, ao final da p\u00e1gina. Uma mensagem avisar\u00e1 que o envio foi conclu\u00eddo com sucesso.\r\n\r\nPreencha agora a Procura\u00e7\u00e3o Eletr\u00f4nica e garanta sua particpa\u00e7\u00e3o na AGO 2021: <a href=\"https:\/\/areadofiliado.sinprofaz.org.br\/pages\/login.php\">bit.ly\/AreadoFiliadoSINPROFAZ<\/a>","_links":{"self":[{"href":"https:\/\/sinprofaz.org.br\/2024\/wp-json\/wp\/v2\/posts\/12911"}],"collection":[{"href":"https:\/\/sinprofaz.org.br\/2024\/wp-json\/wp\/v2\/posts"}],"about":[{"href":"https:\/\/sinprofaz.org.br\/2024\/wp-json\/wp\/v2\/types\/post"}],"author":[{"embeddable":true,"href":"https:\/\/sinprofaz.org.br\/2024\/wp-json\/wp\/v2\/users\/2"}],"replies":[{"embeddable":true,"href":"https:\/\/sinprofaz.org.br\/2024\/wp-json\/wp\/v2\/comments?post=12911"}],"version-history":[{"count":1,"href":"https:\/\/sinprofaz.org.br\/2024\/wp-json\/wp\/v2\/posts\/12911\/revisions"}],"predecessor-version":[{"id":12912,"href":"https:\/\/sinprofaz.org.br\/2024\/wp-json\/wp\/v2\/posts\/12911\/revisions\/12912"}],"wp:featuredmedia":[{"embeddable":true,"href":"https:\/\/sinprofaz.org.br\/2024\/wp-json\/wp\/v2\/media\/11737"}],"wp:attachment":[{"href":"https:\/\/sinprofaz.org.br\/2024\/wp-json\/wp\/v2\/media?parent=12911"}],"wp:term":[{"taxonomy":"category","embeddable":true,"href":"https:\/\/sinprofaz.org.br\/2024\/wp-json\/wp\/v2\/categories?post=12911"},{"taxonomy":"post_tag","embeddable":true,"href":"https:\/\/sinprofaz.org.br\/2024\/wp-json\/wp\/v2\/tags?post=12911"}],"curies":[{"name":"wp","href":"https:\/\/api.w.org\/{rel}","templated":true}]}}