{"id":129,"date":"2011-02-02T12:54:51","date_gmt":"2011-02-02T12:54:51","guid":{"rendered":""},"modified":"-0001-11-30T00:00:00","modified_gmt":"-0001-11-30T03:00:00","slug":"200634000226059","status":"publish","type":"post","link":"https:\/\/sinprofaz.org.br\/2024\/sem-categoria\/200634000226059\/","title":{"rendered":"2006.34.00.022605-9"},"content":{"rendered":"","protected":false},"excerpt":{"rendered":"<p><strong>Arquivos:<\/strong><br \/> <a class=\"book_icon\" title=\"Processo 2006.34.00.022605.9 VOL 1\" href=\"images\/stories\/processos\/2006.34.00.022605.9_vol1.pdf\" target=\"_blank\">Volume 1<\/a><br \/> <a class=\"book_icon\" title=\"Processo 2006.34.00.022605.9 VOL 2\" href=\"images\/stories\/processos\/2006.34.00.022605.9_vol2.pdf\" target=\"_blank\">Volume 2<\/a><\/p>\n<p><b>IMPORTANTE:<\/b> (OS N\u00daMEROS DE FLS. INDICADOS S\u00c3O OS DO ARQUIVO DIGITAL. O VOLUME CORRESPONDE A UM DOS ARQUIVOS DIGITAIS QUE S\u00c3O DIVIDIDOS EM VOLUMES)<\/p>\n<p><b>\u00cdndice:<\/b><\/p>\n<table class=\"tb_processo\">\n<thead>\n<tr>\n<td>Identifica\u00e7\u00e3o<\/td>\n<td>Fl.<\/td>\n<td>Vol.<\/td>\n<\/tr>\n<\/thead>\n<tbody>\n<tr>\n<td>Peti\u00e7\u00e3o inicial<\/td>\n<td>03<\/td>\n<td>01<\/td>\n<\/tr>\n<tr>\n<td>Lista de Associados<\/td>\n<td>32<\/td>\n<td>01<\/td>\n<\/tr>\n<tr>\n<td>Decis\u00e3o liminar<\/td>\n<td>07<\/td>\n<td>02<\/td>\n<\/tr>\n<tr>\n<td>Contesta\u00e7\u00e3o<\/td>\n<td>22<\/td>\n<td>02<\/td>\n<\/tr>\n<tr>\n<td>R\u00e9plica<\/td>\n<td>160<\/td>\n<td>02<\/td>\n<\/tr>\n<\/tbody>\n<\/table>\n<p><!--\n\n<p><b>Data de atualiza\u00e7\u00e3o:<\/b> 08\/12\/2010<\/p>\n\n--><\/p>\n<p><b>\u00daltima folha:<\/b> 1073<\/p>\n<p><b>OBJETO:<\/b> Seja deferida a antecipa\u00e7\u00e3o de tutela prevista o artigo 273, do C\u00f3digo de Processo Civil, a fim de sejam imediatamente incorporados aos vencimentos dos substitu\u00eddos, para todos os efeitos, os benef\u00edcios oriundos da contagem do tempo de servi\u00e7o com os anu\u00eanios pleiteados.<\/p>\n<p>A proced\u00eancia do pedido para condenar a r\u00e9 para que cumpra o disposto no artigo 100, da Lei 8112190, reconhecendo o direito dos substitu\u00eddos aos anu\u00eanios e toda a conseq\u00fc\u00eancia financeira e funcional, pagando a diferen\u00e7a a ser apurada no que se refere aos vencimentos dos \u00faltimos cinco anos, al\u00e9m de determinar seja o mesmo aplicado \u00e0 sua remunera\u00e7\u00e3o nos per\u00edodos vincendos, condenando-se ainda nas verbas de sucumb\u00eancia.<\/p>\n","protected":false},"author":1,"featured_media":0,"comment_status":"closed","ping_status":"open","sticky":false,"template":"","format":"standard","meta":{"footnotes":""},"categories":[1],"tags":[],"featured_image_url":"https:\/\/dummyimage.com\/720x400","character_count":0,"formatted_date":"02\/02\/2011 - 12:54","contentNovo":"","_links":{"self":[{"href":"https:\/\/sinprofaz.org.br\/2024\/wp-json\/wp\/v2\/posts\/129"}],"collection":[{"href":"https:\/\/sinprofaz.org.br\/2024\/wp-json\/wp\/v2\/posts"}],"about":[{"href":"https:\/\/sinprofaz.org.br\/2024\/wp-json\/wp\/v2\/types\/post"}],"author":[{"embeddable":true,"href":"https:\/\/sinprofaz.org.br\/2024\/wp-json\/wp\/v2\/users\/1"}],"replies":[{"embeddable":true,"href":"https:\/\/sinprofaz.org.br\/2024\/wp-json\/wp\/v2\/comments?post=129"}],"version-history":[{"count":0,"href":"https:\/\/sinprofaz.org.br\/2024\/wp-json\/wp\/v2\/posts\/129\/revisions"}],"wp:attachment":[{"href":"https:\/\/sinprofaz.org.br\/2024\/wp-json\/wp\/v2\/media?parent=129"}],"wp:term":[{"taxonomy":"category","embeddable":true,"href":"https:\/\/sinprofaz.org.br\/2024\/wp-json\/wp\/v2\/categories?post=129"},{"taxonomy":"post_tag","embeddable":true,"href":"https:\/\/sinprofaz.org.br\/2024\/wp-json\/wp\/v2\/tags?post=129"}],"curies":[{"name":"wp","href":"https:\/\/api.w.org\/{rel}","templated":true}]}}