{"id":12890,"date":"2021-03-10T09:09:40","date_gmt":"2021-03-10T12:09:40","guid":{"rendered":"http:\/\/www.sinprofaz.org.br\/?p=12890"},"modified":"2021-03-10T15:18:05","modified_gmt":"2021-03-10T18:18:05","slug":"ja-preencheu-a-procuracao-eletronica-da-ago-2021-nao-perca-tempo","status":"publish","type":"post","link":"https:\/\/sinprofaz.org.br\/2024\/noticias\/ja-preencheu-a-procuracao-eletronica-da-ago-2021-nao-perca-tempo\/","title":{"rendered":"J\u00c1 PREENCHEU A PROCURA\u00c7\u00c3O ELETR\u00d4NICA DA AGO 2021? N\u00c3O PERCA TEMPO!"},"content":{"rendered":"<p>Por determina\u00e7\u00e3o estatut\u00e1ria, a Assembl\u00e9ia Geral do SINPROFAZ deve se reunir ordinariamente sempre no m\u00eas de mar\u00e7o. A data escolhida pela Diretoria para o encontro deste ano \u00e9 dia 27. A AGO ocorre a partir das 9h30, no Comfort Suites Bras\u00edlia, localizado no SHN Quadra 4, Bloco D, Asa Norte, Bras\u00edlia\/DF.<\/p>\n<p>Considerando o momento de pandemia, muitos filiados n\u00e3o se sentir\u00e3o confort\u00e1veis para comparecer \u00e0 AGO. Com o intuito de garantir a participa\u00e7\u00e3o de todos nas delibera\u00e7\u00f5es, o SINPROFAZ est\u00e1 disponibilizando Procura\u00e7\u00f5es Eletr\u00f4nicas e Impressas. Quanto \u00e0s \u00faltimas, o Sindicato j\u00e1 realizou o envio, via Correios, para as resid\u00eancias de todos os filiados.<\/p>\n<p><strong>Tire suas d\u00favidas sobre a Procura\u00e7\u00e3o Eletr\u00f4nica<\/strong><br \/>\n&#8211; Ela est\u00e1 dispon\u00edvel no Painel de Notifica\u00e7\u00f5es da \u00c1rea do Filiado (<a href=\"http:\/\/www.areadofiliado.sinprofaz.org.br\">www.areadofiliado.sinprofaz.org.br<\/a>)<br \/>\n&#8211; Ap\u00f3s o preenchimento de todos os itens da Procura\u00e7\u00e3o, clique no bot\u00e3o Enviar, ao final da p\u00e1gina. Uma mensagem na tela do computador, tablet ou celular avisar\u00e1 que o envio foi conclu\u00eddo com sucesso<br \/>\n&#8211; Ser\u00e1 permitido ao filiado realizar at\u00e9 dois envios. Caso haja um segundo envio, o primeiro ser\u00e1 desconsiderado<br \/>\n&#8211; A Procura\u00e7\u00e3o Eletr\u00f4nica outorga a representa\u00e7\u00e3o na Assembleia ao presidente do Sindicato<\/p>\n<p>Filiado, n\u00e3o perca tempo: preencha a Procura\u00e7\u00e3o e participe da AGO 2021!<\/p>\n","protected":false},"excerpt":{"rendered":"<p>Considerando o momento de pandemia, muitos filiados n\u00e3o se sentir\u00e3o confort\u00e1veis para comparecer \u00e0 AGO. Com o intuito de garantir a participa\u00e7\u00e3o de todos, o SINPROFAZ est\u00e1 disponibilizando Procura\u00e7\u00f5es Eletr\u00f4nicas e Impressas.<\/p>\n","protected":false},"author":2,"featured_media":11737,"comment_status":"open","ping_status":"open","sticky":false,"template":"","format":"standard","meta":{"footnotes":""},"categories":[8],"tags":[41,32,146,25],"featured_image_url":"https:\/\/sinprofaz.org.br\/2024\/wp-content\/uploads\/2020\/07\/logo-sinprofaz-1.png","character_count":681,"formatted_date":"10\/03\/2021 - 09:09","contentNovo":"Por determina\u00e7\u00e3o estatut\u00e1ria, a Assembl\u00e9ia Geral do SINPROFAZ deve se reunir ordinariamente sempre no m\u00eas de mar\u00e7o. A data escolhida pela Diretoria para o encontro deste ano \u00e9 dia 27. A AGO ocorre a partir das 9h30, no Comfort Suites Bras\u00edlia, localizado no SHN Quadra 4, Bloco D, Asa Norte, Bras\u00edlia\/DF.\r\n\r\nConsiderando o momento de pandemia, muitos filiados n\u00e3o se sentir\u00e3o confort\u00e1veis para comparecer \u00e0 AGO. Com o intuito de garantir a participa\u00e7\u00e3o de todos nas delibera\u00e7\u00f5es, o SINPROFAZ est\u00e1 disponibilizando Procura\u00e7\u00f5es Eletr\u00f4nicas e Impressas. Quanto \u00e0s \u00faltimas, o Sindicato j\u00e1 realizou o envio, via Correios, para as resid\u00eancias de todos os filiados.\r\n\r\n<strong>Tire suas d\u00favidas sobre a Procura\u00e7\u00e3o Eletr\u00f4nica<\/strong>\r\n- Ela est\u00e1 dispon\u00edvel no Painel de Notifica\u00e7\u00f5es da \u00c1rea do Filiado (<a href=\"http:\/\/www.areadofiliado.sinprofaz.org.br\">www.areadofiliado.sinprofaz.org.br<\/a>)\r\n- Ap\u00f3s o preenchimento de todos os itens da Procura\u00e7\u00e3o, clique no bot\u00e3o Enviar, ao final da p\u00e1gina. Uma mensagem na tela do computador, tablet ou celular avisar\u00e1 que o envio foi conclu\u00eddo com sucesso\r\n- Ser\u00e1 permitido ao filiado realizar at\u00e9 dois envios. Caso haja um segundo envio, o primeiro ser\u00e1 desconsiderado\r\n- A Procura\u00e7\u00e3o Eletr\u00f4nica outorga a representa\u00e7\u00e3o na Assembleia ao presidente do Sindicato\r\n\r\nFiliado, n\u00e3o perca tempo: preencha a Procura\u00e7\u00e3o e participe da AGO 2021!","_links":{"self":[{"href":"https:\/\/sinprofaz.org.br\/2024\/wp-json\/wp\/v2\/posts\/12890"}],"collection":[{"href":"https:\/\/sinprofaz.org.br\/2024\/wp-json\/wp\/v2\/posts"}],"about":[{"href":"https:\/\/sinprofaz.org.br\/2024\/wp-json\/wp\/v2\/types\/post"}],"author":[{"embeddable":true,"href":"https:\/\/sinprofaz.org.br\/2024\/wp-json\/wp\/v2\/users\/2"}],"replies":[{"embeddable":true,"href":"https:\/\/sinprofaz.org.br\/2024\/wp-json\/wp\/v2\/comments?post=12890"}],"version-history":[{"count":3,"href":"https:\/\/sinprofaz.org.br\/2024\/wp-json\/wp\/v2\/posts\/12890\/revisions"}],"predecessor-version":[{"id":12896,"href":"https:\/\/sinprofaz.org.br\/2024\/wp-json\/wp\/v2\/posts\/12890\/revisions\/12896"}],"wp:featuredmedia":[{"embeddable":true,"href":"https:\/\/sinprofaz.org.br\/2024\/wp-json\/wp\/v2\/media\/11737"}],"wp:attachment":[{"href":"https:\/\/sinprofaz.org.br\/2024\/wp-json\/wp\/v2\/media?parent=12890"}],"wp:term":[{"taxonomy":"category","embeddable":true,"href":"https:\/\/sinprofaz.org.br\/2024\/wp-json\/wp\/v2\/categories?post=12890"},{"taxonomy":"post_tag","embeddable":true,"href":"https:\/\/sinprofaz.org.br\/2024\/wp-json\/wp\/v2\/tags?post=12890"}],"curies":[{"name":"wp","href":"https:\/\/api.w.org\/{rel}","templated":true}]}}