{"id":12865,"date":"2021-03-08T09:24:31","date_gmt":"2021-03-08T12:24:31","guid":{"rendered":"http:\/\/www.sinprofaz.org.br\/?p=12865"},"modified":"2021-03-08T09:46:53","modified_gmt":"2021-03-08T12:46:53","slug":"ago-2021-confira-o-passo-a-passo-para-preenchimento-da-procuracao-eletronica","status":"publish","type":"post","link":"https:\/\/sinprofaz.org.br\/2024\/noticias\/ago-2021-confira-o-passo-a-passo-para-preenchimento-da-procuracao-eletronica\/","title":{"rendered":"AGO 2021: CONFIRA O PASSO A PASSO PARA PREENCHIMENTO DA PROCURA\u00c7\u00c3O ELETR\u00d4NICA"},"content":{"rendered":"<p>A AGO do SINPROFAZ j\u00e1 tem data marcada: dia 27 de mar\u00e7o de 2021. Para possibilitar que todos os Filiados participem das delibera\u00e7\u00f5es, o SINPROFAZ disponibiliza Procura\u00e7\u00f5es Eletr\u00f4nicas. Saiba como preench\u00ea-las!<\/p>\n<p><strong>Passo 1:<\/strong> Acesse a \u00c1rea do Filiado (<a href=\"https:\/\/areadofiliado.sinprofaz.org.br\/pages\/login.php\">https:\/\/areadofiliado.sinprofaz.org.br<\/a>). Para efetuar o login, digite a matr\u00edcula SIAPE e a senha cadastrada.<\/p>\n<p><strong>Passo 2:<\/strong> Abra a Procura\u00e7\u00e3o Eletr\u00f4nica. Ela est\u00e1 dispon\u00edvel no Painel de Notifica\u00e7\u00f5es da \u00c1rea do Filiado, no topo da p\u00e1gina, assim como no menu do lado esquerdo. A Procura\u00e7\u00e3o Eletr\u00f4nica outorga a representa\u00e7\u00e3o na AGO ao presidente do SINPROFAZ.<\/p>\n<p><strong>Passo 3:<\/strong> Ap\u00f3s o preenchimento de todos os itens da Procura\u00e7\u00e3o, clique no bot\u00e3o Enviar, ao final da p\u00e1gina. Uma mensagem na tela do computador, tablet ou celular avisar\u00e1 que o envio foi conclu\u00eddo com sucesso. Ser\u00e1 permitido ao Filiado realizar at\u00e9 dois envios. Caso haja um segundo envio, o primeiro ser\u00e1 desconsiderado.<\/p>\n<p>D\u00favidas? Enviei e-mail para <a href=\"secretaria@sinprofaz.org.br\">secretaria@sinprofaz.org.br<\/a>.<\/p>\n\n\t\t<style type=\"text\/css\">\n\t\t\t#gallery-1 {\n\t\t\t\tmargin: auto;\n\t\t\t}\n\t\t\t#gallery-1 .gallery-item {\n\t\t\t\tfloat: left;\n\t\t\t\tmargin-top: 10px;\n\t\t\t\ttext-align: center;\n\t\t\t\twidth: 33%;\n\t\t\t}\n\t\t\t#gallery-1 img {\n\t\t\t\tborder: 2px solid #cfcfcf;\n\t\t\t}\n\t\t\t#gallery-1 .gallery-caption {\n\t\t\t\tmargin-left: 0;\n\t\t\t}\n\t\t\t\/* see gallery_shortcode() in wp-includes\/media.php *\/\n\t\t<\/style>\n\t\t<div id='gallery-1' class='gallery galleryid-12865 gallery-columns-3 gallery-size-thumbnail'><dl class='gallery-item'>\n\t\t\t<dt class='gallery-icon landscape'>\n\t\t\t\t<a href='https:\/\/sinprofaz.org.br\/2024\/wp-content\/uploads\/2021\/03\/print-area-do-filiado.jpg'><img loading=\"lazy\" decoding=\"async\" width=\"150\" height=\"150\" src=\"https:\/\/sinprofaz.org.br\/2024\/wp-content\/uploads\/2021\/03\/print-area-do-filiado-150x150.jpg\" class=\"attachment-thumbnail size-thumbnail\" alt=\"\" \/><\/a>\n\t\t\t<\/dt><\/dl>\n\t\t\t<br style='clear: both' \/>\n\t\t<\/div>\n\n","protected":false},"excerpt":{"rendered":"<p>A AGO do SINPROFAZ j\u00e1 tem data marcada: dia 27 de mar\u00e7o de 2021. Para possibilitar que todos os Filiados participem das delibera\u00e7\u00f5es, o SINPROFAZ disponibiliza Procura\u00e7\u00f5es Eletr\u00f4nicas. Saiba como preench\u00ea-las!<\/p>\n","protected":false},"author":2,"featured_media":11737,"comment_status":"open","ping_status":"open","sticky":false,"template":"","format":"standard","meta":{"footnotes":""},"categories":[8],"tags":[41,32,146,25],"featured_image_url":"https:\/\/sinprofaz.org.br\/2024\/wp-content\/uploads\/2020\/07\/logo-sinprofaz-1.png","character_count":684,"formatted_date":"08\/03\/2021 - 09:24","contentNovo":"A AGO do SINPROFAZ j\u00e1 tem data marcada: dia 27 de mar\u00e7o de 2021. Para possibilitar que todos os Filiados participem das delibera\u00e7\u00f5es, o SINPROFAZ disponibiliza Procura\u00e7\u00f5es Eletr\u00f4nicas. Saiba como preench\u00ea-las!\r\n\r\n<strong>Passo 1:<\/strong> Acesse a \u00c1rea do Filiado (<a href=\"https:\/\/areadofiliado.sinprofaz.org.br\/pages\/login.php\">https:\/\/areadofiliado.sinprofaz.org.br<\/a>). Para efetuar o login, digite a matr\u00edcula SIAPE e a senha cadastrada.\r\n\r\n<strong>Passo 2:<\/strong> Abra a Procura\u00e7\u00e3o Eletr\u00f4nica. Ela est\u00e1 dispon\u00edvel no Painel de Notifica\u00e7\u00f5es da \u00c1rea do Filiado, no topo da p\u00e1gina, assim como no menu do lado esquerdo. A Procura\u00e7\u00e3o Eletr\u00f4nica outorga a representa\u00e7\u00e3o na AGO ao presidente do SINPROFAZ.\r\n\r\n<strong>Passo 3:<\/strong> Ap\u00f3s o preenchimento de todos os itens da Procura\u00e7\u00e3o, clique no bot\u00e3o Enviar, ao final da p\u00e1gina. Uma mensagem na tela do computador, tablet ou celular avisar\u00e1 que o envio foi conclu\u00eddo com sucesso. Ser\u00e1 permitido ao Filiado realizar at\u00e9 dois envios. Caso haja um segundo envio, o primeiro ser\u00e1 desconsiderado.\r\n\r\nD\u00favidas? Enviei e-mail para <a href=\"secretaria@sinprofaz.org.br\">secretaria@sinprofaz.org.br<\/a>.\r\n\r\n[gallery link=\"file\" ids=\"12867\"]","_links":{"self":[{"href":"https:\/\/sinprofaz.org.br\/2024\/wp-json\/wp\/v2\/posts\/12865"}],"collection":[{"href":"https:\/\/sinprofaz.org.br\/2024\/wp-json\/wp\/v2\/posts"}],"about":[{"href":"https:\/\/sinprofaz.org.br\/2024\/wp-json\/wp\/v2\/types\/post"}],"author":[{"embeddable":true,"href":"https:\/\/sinprofaz.org.br\/2024\/wp-json\/wp\/v2\/users\/2"}],"replies":[{"embeddable":true,"href":"https:\/\/sinprofaz.org.br\/2024\/wp-json\/wp\/v2\/comments?post=12865"}],"version-history":[{"count":2,"href":"https:\/\/sinprofaz.org.br\/2024\/wp-json\/wp\/v2\/posts\/12865\/revisions"}],"predecessor-version":[{"id":12869,"href":"https:\/\/sinprofaz.org.br\/2024\/wp-json\/wp\/v2\/posts\/12865\/revisions\/12869"}],"wp:featuredmedia":[{"embeddable":true,"href":"https:\/\/sinprofaz.org.br\/2024\/wp-json\/wp\/v2\/media\/11737"}],"wp:attachment":[{"href":"https:\/\/sinprofaz.org.br\/2024\/wp-json\/wp\/v2\/media?parent=12865"}],"wp:term":[{"taxonomy":"category","embeddable":true,"href":"https:\/\/sinprofaz.org.br\/2024\/wp-json\/wp\/v2\/categories?post=12865"},{"taxonomy":"post_tag","embeddable":true,"href":"https:\/\/sinprofaz.org.br\/2024\/wp-json\/wp\/v2\/tags?post=12865"}],"curies":[{"name":"wp","href":"https:\/\/api.w.org\/{rel}","templated":true}]}}