{"id":12859,"date":"2021-03-05T08:00:38","date_gmt":"2021-03-05T11:00:38","guid":{"rendered":"http:\/\/www.sinprofaz.org.br\/?p=12859"},"modified":"2021-03-09T10:27:45","modified_gmt":"2021-03-09T13:27:45","slug":"filiado-preencha-a-procuracao-eletronica-e-participe-da-ago-2021","status":"publish","type":"post","link":"https:\/\/sinprofaz.org.br\/2024\/noticias\/filiado-preencha-a-procuracao-eletronica-e-participe-da-ago-2021\/","title":{"rendered":"FILIADO, PREENCHA A PROCURA\u00c7\u00c3O ELETR\u00d4NICA E PARTICIPE DA AGO 2021"},"content":{"rendered":"<p>A Assembleia Geral Ordin\u00e1ria do SINPROFAZ tem data marcada: ela ocorre no dia 27 de mar\u00e7o, a partir das 9h30, no Comfort Suites Bras\u00edlia, localizado no SHN Quadra 4, Bloco D, Asa Norte, Bras\u00edlia\/DF.<\/p>\n<p>Aos filiados que n\u00e3o poder\u00e3o comparecer, o SINPROFAZ disponibiliza Procura\u00e7\u00f5es Eletr\u00f4nicas e Impressas. A Procura\u00e7\u00e3o Eletr\u00f4nica outorga a representa\u00e7\u00e3o na AGO ao presidente do Sindicato. Para indicar outro outorgado, a Carreira deve utilizar a vers\u00e3o Impressa.<\/p>\n<p><strong>\u00c1rea do Filiado<\/strong><br \/>\nPara ingresso em <a href=\"https:\/\/areadofiliado.sinprofaz.org.br\/pages\/login.php\">www.areadofiliado.sinprofaz.org.br<\/a>, os PFNs devem digitar matr\u00edcula SIAPE e senha. Por meio da plataforma restrita, a Carreira acessa todos os documentos pertinentes \u00e0 AGO, como a Procura\u00e7\u00e3o Eletr\u00f4nica 2021. Filiado, n\u00e3o deixe para depois: preencha agora a Procura\u00e7\u00e3o e garanta a sua participa\u00e7\u00e3o!<\/p>\n","protected":false},"excerpt":{"rendered":"<p>Aos filiados que n\u00e3o poder\u00e3o comparecer \u00e0 AGO, o SINPROFAZ disponibiliza Procura\u00e7\u00f5es Eletr\u00f4nicas e Impressas. A Procura\u00e7\u00e3o Eletr\u00f4nica outorga a representa\u00e7\u00e3o na AGO ao presidente do Sindicato. Para indicar outro outorgado, a Carreira deve utilizar a Impressa.<\/p>\n","protected":false},"author":2,"featured_media":11737,"comment_status":"open","ping_status":"open","sticky":false,"template":"","format":"standard","meta":{"footnotes":""},"categories":[8],"tags":[41,32,146,25],"featured_image_url":"https:\/\/sinprofaz.org.br\/2024\/wp-content\/uploads\/2020\/07\/logo-sinprofaz-1.png","character_count":409,"formatted_date":"05\/03\/2021 - 08:00","contentNovo":"A Assembleia Geral Ordin\u00e1ria do SINPROFAZ tem data marcada: ela ocorre no dia 27 de mar\u00e7o, a partir das 9h30, no Comfort Suites Bras\u00edlia, localizado no SHN Quadra 4, Bloco D, Asa Norte, Bras\u00edlia\/DF.\r\n\r\nAos filiados que n\u00e3o poder\u00e3o comparecer, o SINPROFAZ disponibiliza Procura\u00e7\u00f5es Eletr\u00f4nicas e Impressas. A Procura\u00e7\u00e3o Eletr\u00f4nica outorga a representa\u00e7\u00e3o na AGO ao presidente do Sindicato. Para indicar outro outorgado, a Carreira deve utilizar a vers\u00e3o Impressa.\r\n\r\n<strong>\u00c1rea do Filiado<\/strong>\r\nPara ingresso em <a href=\"https:\/\/areadofiliado.sinprofaz.org.br\/pages\/login.php\">www.areadofiliado.sinprofaz.org.br<\/a>, os PFNs devem digitar matr\u00edcula SIAPE e senha. Por meio da plataforma restrita, a Carreira acessa todos os documentos pertinentes \u00e0 AGO, como a Procura\u00e7\u00e3o Eletr\u00f4nica 2021. Filiado, n\u00e3o deixe para depois: preencha agora a Procura\u00e7\u00e3o e garanta a sua participa\u00e7\u00e3o!","_links":{"self":[{"href":"https:\/\/sinprofaz.org.br\/2024\/wp-json\/wp\/v2\/posts\/12859"}],"collection":[{"href":"https:\/\/sinprofaz.org.br\/2024\/wp-json\/wp\/v2\/posts"}],"about":[{"href":"https:\/\/sinprofaz.org.br\/2024\/wp-json\/wp\/v2\/types\/post"}],"author":[{"embeddable":true,"href":"https:\/\/sinprofaz.org.br\/2024\/wp-json\/wp\/v2\/users\/2"}],"replies":[{"embeddable":true,"href":"https:\/\/sinprofaz.org.br\/2024\/wp-json\/wp\/v2\/comments?post=12859"}],"version-history":[{"count":3,"href":"https:\/\/sinprofaz.org.br\/2024\/wp-json\/wp\/v2\/posts\/12859\/revisions"}],"predecessor-version":[{"id":12863,"href":"https:\/\/sinprofaz.org.br\/2024\/wp-json\/wp\/v2\/posts\/12859\/revisions\/12863"}],"wp:featuredmedia":[{"embeddable":true,"href":"https:\/\/sinprofaz.org.br\/2024\/wp-json\/wp\/v2\/media\/11737"}],"wp:attachment":[{"href":"https:\/\/sinprofaz.org.br\/2024\/wp-json\/wp\/v2\/media?parent=12859"}],"wp:term":[{"taxonomy":"category","embeddable":true,"href":"https:\/\/sinprofaz.org.br\/2024\/wp-json\/wp\/v2\/categories?post=12859"},{"taxonomy":"post_tag","embeddable":true,"href":"https:\/\/sinprofaz.org.br\/2024\/wp-json\/wp\/v2\/tags?post=12859"}],"curies":[{"name":"wp","href":"https:\/\/api.w.org\/{rel}","templated":true}]}}