{"id":12843,"date":"2021-03-03T11:14:28","date_gmt":"2021-03-03T14:14:28","guid":{"rendered":"http:\/\/www.sinprofaz.org.br\/?p=12843"},"modified":"2021-03-03T11:18:54","modified_gmt":"2021-03-03T14:18:54","slug":"passo-a-passo-para-o-preenchimento-das-procuracoes-eletronicas-da-ago-2021","status":"publish","type":"post","link":"https:\/\/sinprofaz.org.br\/2024\/noticias\/passo-a-passo-para-o-preenchimento-das-procuracoes-eletronicas-da-ago-2021\/","title":{"rendered":"PASSO A PASSO PARA O PREENCHIMENTO DAS PROCURA\u00c7\u00d5ES ELETR\u00d4NICAS DA AGO 2021"},"content":{"rendered":"<p>A AGO 2021 ocorre no dia 27 de mar\u00e7o, em Bras\u00edlia\/DF. Para que seja poss\u00edvel, a todos os Filiados, participar da Assembleia, o SINPROFAZ disponibiliza Procura\u00e7\u00f5es Eletr\u00f4nicas. Saiba como preench\u00ea-las!<\/p>\n<p><strong>Passo 1<\/strong>: Acesse a \u00c1rea do Filiado por meio do endere\u00e7o <a href=\"https:\/\/areadofiliado.sinprofaz.org.br\/pages\/login.php\">https:\/\/areadofiliado.sinprofaz.org.br<\/a>. Para login, digite a matr\u00edcula SIAPE e a senha cadastrada.<\/p>\n<p><strong>Passo 2:<\/strong> Acesse a Procura\u00e7\u00e3o Eletr\u00f4nica, que outorga a representa\u00e7\u00e3o na AGO ao presidente do SINPROFAZ. A Procura\u00e7\u00e3o est\u00e1 dispon\u00edvel no Painel de Notifica\u00e7\u00f5es da \u00c1rea do Filiado, no topo da p\u00e1gina, assim como no menu do lado esquerdo.<\/p>\n<p><strong>Passo 3:<\/strong> Ap\u00f3s o preenchimento de todos os itens da Procura\u00e7\u00e3o, clique no bot\u00e3o Enviar, ao final da p\u00e1gina. Uma mensagem na tela do computador, tablet ou celular avisar\u00e1 que o envio foi conclu\u00eddo com sucesso. Ser\u00e1 permitido a cada Filiado realizar at\u00e9 dois (2) envios. Caso haja um segundo envio, a Procura\u00e7\u00e3o anterior ser\u00e1 desconsiderada.<\/p>\n<p>N\u00e3o deixe para depois: preencha agora a Procura\u00e7\u00e3o e participe da AGO 2021!<\/p>\n","protected":false},"excerpt":{"rendered":"<p>A AGO 2021 ocorre no dia 27 de mar\u00e7o, em Bras\u00edlia\/DF. Para que seja poss\u00edvel, a todos os Filiados, participar da Assembleia, o SINPROFAZ disponibiliza Procura\u00e7\u00f5es Eletr\u00f4nicas. Acesse o Passo a Passo e saiba como preench\u00ea-las!<\/p>\n","protected":false},"author":2,"featured_media":11737,"comment_status":"open","ping_status":"open","sticky":false,"template":"","format":"standard","meta":{"footnotes":""},"categories":[8],"tags":[41,32,146,25],"featured_image_url":"https:\/\/sinprofaz.org.br\/2024\/wp-content\/uploads\/2020\/07\/logo-sinprofaz-1.png","character_count":522,"formatted_date":"03\/03\/2021 - 11:14","contentNovo":"A AGO 2021 ocorre no dia 27 de mar\u00e7o, em Bras\u00edlia\/DF. Para que seja poss\u00edvel, a todos os Filiados, participar da Assembleia, o SINPROFAZ disponibiliza Procura\u00e7\u00f5es Eletr\u00f4nicas. Saiba como preench\u00ea-las!\r\n\r\n<strong>Passo 1<\/strong>: Acesse a \u00c1rea do Filiado por meio do endere\u00e7o <a href=\"https:\/\/areadofiliado.sinprofaz.org.br\/pages\/login.php\">https:\/\/areadofiliado.sinprofaz.org.br<\/a>. Para login, digite a matr\u00edcula SIAPE e a senha cadastrada.\r\n\r\n<strong>Passo 2:<\/strong> Acesse a Procura\u00e7\u00e3o Eletr\u00f4nica, que outorga a representa\u00e7\u00e3o na AGO ao presidente do SINPROFAZ. A Procura\u00e7\u00e3o est\u00e1 dispon\u00edvel no Painel de Notifica\u00e7\u00f5es da \u00c1rea do Filiado, no topo da p\u00e1gina, assim como no menu do lado esquerdo.\r\n\r\n<strong>Passo 3:<\/strong> Ap\u00f3s o preenchimento de todos os itens da Procura\u00e7\u00e3o, clique no bot\u00e3o Enviar, ao final da p\u00e1gina. Uma mensagem na tela do computador, tablet ou celular avisar\u00e1 que o envio foi conclu\u00eddo com sucesso. Ser\u00e1 permitido a cada Filiado realizar at\u00e9 dois (2) envios. Caso haja um segundo envio, a Procura\u00e7\u00e3o anterior ser\u00e1 desconsiderada.\r\n\r\nN\u00e3o deixe para depois: preencha agora a Procura\u00e7\u00e3o e participe da AGO 2021!","_links":{"self":[{"href":"https:\/\/sinprofaz.org.br\/2024\/wp-json\/wp\/v2\/posts\/12843"}],"collection":[{"href":"https:\/\/sinprofaz.org.br\/2024\/wp-json\/wp\/v2\/posts"}],"about":[{"href":"https:\/\/sinprofaz.org.br\/2024\/wp-json\/wp\/v2\/types\/post"}],"author":[{"embeddable":true,"href":"https:\/\/sinprofaz.org.br\/2024\/wp-json\/wp\/v2\/users\/2"}],"replies":[{"embeddable":true,"href":"https:\/\/sinprofaz.org.br\/2024\/wp-json\/wp\/v2\/comments?post=12843"}],"version-history":[{"count":2,"href":"https:\/\/sinprofaz.org.br\/2024\/wp-json\/wp\/v2\/posts\/12843\/revisions"}],"predecessor-version":[{"id":12845,"href":"https:\/\/sinprofaz.org.br\/2024\/wp-json\/wp\/v2\/posts\/12843\/revisions\/12845"}],"wp:featuredmedia":[{"embeddable":true,"href":"https:\/\/sinprofaz.org.br\/2024\/wp-json\/wp\/v2\/media\/11737"}],"wp:attachment":[{"href":"https:\/\/sinprofaz.org.br\/2024\/wp-json\/wp\/v2\/media?parent=12843"}],"wp:term":[{"taxonomy":"category","embeddable":true,"href":"https:\/\/sinprofaz.org.br\/2024\/wp-json\/wp\/v2\/categories?post=12843"},{"taxonomy":"post_tag","embeddable":true,"href":"https:\/\/sinprofaz.org.br\/2024\/wp-json\/wp\/v2\/tags?post=12843"}],"curies":[{"name":"wp","href":"https:\/\/api.w.org\/{rel}","templated":true}]}}