{"id":12838,"date":"2021-03-05T15:00:51","date_gmt":"2021-03-05T18:00:51","guid":{"rendered":"http:\/\/www.sinprofaz.org.br\/?p=12838"},"modified":"2021-03-26T14:16:18","modified_gmt":"2021-03-26T17:16:18","slug":"vice-presidenta-da-cidh-oea-palestra-em-evento-de-abertura-do-mes-da-mulher","status":"publish","type":"post","link":"https:\/\/sinprofaz.org.br\/2024\/noticias\/vice-presidenta-da-cidh-oea-palestra-em-evento-de-abertura-do-mes-da-mulher\/","title":{"rendered":"VICE-PRESIDENTA DA CIDH-OEA PALESTRA EM EVENTO DE ABERTURA DO M\u00caS DA MULHER"},"content":{"rendered":"<p>Convidada pelo SINPROFAZ para o Webinar de Abertura do projeto\u00a0<em>PFN e G\u00eanero: Sensibiliza\u00e7\u00e3o, Conscientiza\u00e7\u00e3o e Di\u00e1logos<\/em>, Fl\u00e1via Piovesan \u00e9 refer\u00eancia na defesa dos direitos humanos no Brasil e no mundo. Procuradora do Estado e professora da PUC-SP, ela leciona em programas de doutorado de institui\u00e7\u00f5es de ensino nos Estados Unidos, na Argentina e na Espanha. Integrou a for\u00e7a-tarefa da Organiza\u00e7\u00e3o das Na\u00e7\u00f5es Unidas para implementa\u00e7\u00e3o do direito ao desenvolvimento e foi eleita vice-presidenta da Comiss\u00e3o Interamericana de Direitos Humanos da Organiza\u00e7\u00e3o dos Estados Americanos (CIDH-OEA). Ao iniciar a exposi\u00e7\u00e3o \u00e0 Carreira, a jurista abordou a quest\u00e3o da viol\u00eancia contra a mulher, a qual &#8220;decorre das rela\u00e7\u00f5es assim\u00e9tricas de poder entre homens e mulheres&#8221;.<\/p>\n<p>Fl\u00e1via Piovesan discorreu a respeito do enfoque de g\u00eanero que, de acordo com a professora, \u00e9 categoria anal\u00edtica que envolve tr\u00eas componentes: a ideia de uma dicotomia sexual, a ideia de pap\u00e9is constru\u00eddos\u00a0social, hist\u00f3rica e culturalmente e outorgados a mulheres e homens, e as estereotipias que colocam as mulheres em situa\u00e7\u00e3o de desequil\u00edbrio, subalternidade e subordina\u00e7\u00e3o. &#8220;A dicotomia sexual entre o p\u00fablico e o privado, de atribuir ao homem o papel de provedor no \u00e2mbito p\u00fablico e, \u00e0 mulher, o papel de lidar com os afazeres dom\u00e9sticos no ambiente privado, tem sido descortinada pelo enfoque de g\u00eanero. At\u00e9 porque n\u00f3s, mulheres, chegamos \u00e0 esfera p\u00fablica \u2013 passo a passo, h\u00e1 uma democratiza\u00e7\u00e3o dela. O grande impasse, me parece, \u00e9 a democratiza\u00e7\u00e3o da esfera dom\u00e9stica&#8221;, explicou a jurista.<\/p>\n<p>A professora deu destaque \u00e0 metodologia do\u00a0<em>Global\u00a0Gender Report<\/em>, um relat\u00f3rio anual sobre as diferen\u00e7as globais entre os g\u00eaneros. O estudo, realizado em mais de 180 pa\u00edses, leva em conta o\u00a0<em>gender gap<\/em>\u00a0\u2013 a &#8220;lacuna entre os g\u00eaneros&#8221; \u2013 mensurado a partir de quatro indicadores: acesso \u00e0 sa\u00fade, acesso \u00e0 educa\u00e7\u00e3o, participa\u00e7\u00e3o das mulheres na pol\u00edtica e presen\u00e7a delas no mercado de trabalho. A an\u00e1lise se d\u00e1 dentro do pr\u00f3prio pa\u00eds, por meio da compara\u00e7\u00e3o de como homens e mulheres exercem seus direitos. &#8220;Primeira conclus\u00e3o: todos os pa\u00edses do mundo discriminam as mulheres, em menor ou maior grau. Mas n\u00e3o \u00e9 por mera coincid\u00eancia que os pa\u00edses com menor\u00a0<em>gender gap<\/em>\u00a0\u2013 Noruega, Finl\u00e2ndia, Su\u00e9cia e Dinamarca \u2013 s\u00e3o aqueles que ostentam maior IDH. Eles escolheram n\u00e3o asfixiar mais da metade de suas popula\u00e7\u00f5es.&#8221;<\/p>\n<p>Levando em conta os pa\u00edses da Am\u00e9rica do Norte, Am\u00e9rica Central, Caribe e Am\u00e9rica do Sul, o Brasil ocupa a 92\u00aa posi\u00e7\u00e3o no ranking da igualdade entre g\u00eaneros. Segundo Fl\u00e1via Piovesan, o que nos coloca entre os pa\u00edses com maior\u00a0<em>gender gap<\/em>\u00a0da regi\u00e3o \u00e9 principalmente a falta de paridade na participa\u00e7\u00e3o pol\u00edtica: &#8220;Quando a lei das cotas para as mulheres no \u00e2mbito eleitoral foi adotada em 1995, \u00e9ramos 6%. Com a lei, passamos a 12%. As a\u00e7\u00f5es afirmativas, no entanto, devem ser medidas especiais, tempor\u00e1rias e progressivas. Precisamos mensurar o quanto caminhamos para a concretiza\u00e7\u00e3o da igualdade. O fato \u00e9 que, passado tanto tempo, estagnamos e tivemos ainda um retrocesso: atualmente, nossa participa\u00e7\u00e3o\u00a0no Parlamento n\u00e3o chega a 11%, o que est\u00e1 muito aqu\u00e9m dos pa\u00edses de nossa regi\u00e3o&#8221;.<\/p>\n<p>Quer assistir \u00e0 palestra completa? Acesse <a href=\"https:\/\/www.youtube.com\/watch?v=gcesBQQyRas&amp;list=PLE1Pu1WmgaJ_GIHEBn2EmaVPyVg2L1uiW&amp;index=15\">https:\/\/bit.ly\/FlaviaPiovesan<\/a><\/p>\n","protected":false},"excerpt":{"rendered":"<p>Convidada para o Webinar de Abertura do projeto &#8220;PFN e G\u00eanero: Sensibiliza\u00e7\u00e3o, Conscientiza\u00e7\u00e3o e Di\u00e1logos&#8221;, Fl\u00e1via Piovesan \u00e9 vice-presidenta da Comiss\u00e3o Interamericana de Direitos Humanos da Organiza\u00e7\u00e3o dos Estados Americanos. Confira como foi a palestra!<\/p>\n","protected":false},"author":2,"featured_media":12839,"comment_status":"open","ping_status":"open","sticky":false,"template":"","format":"standard","meta":{"footnotes":""},"categories":[8],"tags":[32,166,25],"featured_image_url":"https:\/\/sinprofaz.org.br\/2024\/wp-content\/uploads\/2021\/03\/nota-sinprofaz-1.jpg","character_count":1714,"formatted_date":"05\/03\/2021 - 15:00","contentNovo":"Convidada pelo SINPROFAZ para o Webinar de Abertura do projeto\u00a0<em>PFN e G\u00eanero: Sensibiliza\u00e7\u00e3o, Conscientiza\u00e7\u00e3o e Di\u00e1logos<\/em>, Fl\u00e1via Piovesan \u00e9 refer\u00eancia na defesa dos direitos humanos no Brasil e no mundo. Procuradora do Estado e professora da PUC-SP, ela leciona em programas de doutorado de institui\u00e7\u00f5es de ensino nos Estados Unidos, na Argentina e na Espanha. Integrou a for\u00e7a-tarefa da Organiza\u00e7\u00e3o das Na\u00e7\u00f5es Unidas para implementa\u00e7\u00e3o do direito ao desenvolvimento e foi eleita vice-presidenta da Comiss\u00e3o Interamericana de Direitos Humanos da Organiza\u00e7\u00e3o dos Estados Americanos (CIDH-OEA). Ao iniciar a exposi\u00e7\u00e3o \u00e0 Carreira, a jurista abordou a quest\u00e3o da viol\u00eancia contra a mulher, a qual \"decorre das rela\u00e7\u00f5es assim\u00e9tricas de poder entre homens e mulheres\".\r\n\r\nFl\u00e1via Piovesan discorreu a respeito do enfoque de g\u00eanero que, de acordo com a professora, \u00e9 categoria anal\u00edtica que envolve tr\u00eas componentes: a ideia de uma dicotomia sexual, a ideia de pap\u00e9is constru\u00eddos\u00a0social, hist\u00f3rica e culturalmente e outorgados a mulheres e homens, e as estereotipias que colocam as mulheres em situa\u00e7\u00e3o de desequil\u00edbrio, subalternidade e subordina\u00e7\u00e3o. \"A dicotomia sexual entre o p\u00fablico e o privado, de atribuir ao homem o papel de provedor no \u00e2mbito p\u00fablico e, \u00e0 mulher, o papel de lidar com os afazeres dom\u00e9sticos no ambiente privado, tem sido descortinada pelo enfoque de g\u00eanero. At\u00e9 porque n\u00f3s, mulheres, chegamos \u00e0 esfera p\u00fablica \u2013 passo a passo, h\u00e1 uma democratiza\u00e7\u00e3o dela. O grande impasse, me parece, \u00e9 a democratiza\u00e7\u00e3o da esfera dom\u00e9stica\", explicou a jurista.\r\n\r\nA professora deu destaque \u00e0 metodologia do\u00a0<em>Global\u00a0Gender Report<\/em>, um relat\u00f3rio anual sobre as diferen\u00e7as globais entre os g\u00eaneros. O estudo, realizado em mais de 180 pa\u00edses, leva em conta o\u00a0<em>gender gap<\/em>\u00a0\u2013 a \"lacuna entre os g\u00eaneros\" \u2013 mensurado a partir de quatro indicadores: acesso \u00e0 sa\u00fade, acesso \u00e0 educa\u00e7\u00e3o, participa\u00e7\u00e3o das mulheres na pol\u00edtica e presen\u00e7a delas no mercado de trabalho. A an\u00e1lise se d\u00e1 dentro do pr\u00f3prio pa\u00eds, por meio da compara\u00e7\u00e3o de como homens e mulheres exercem seus direitos. \"Primeira conclus\u00e3o: todos os pa\u00edses do mundo discriminam as mulheres, em menor ou maior grau. Mas n\u00e3o \u00e9 por mera coincid\u00eancia que os pa\u00edses com menor\u00a0<em>gender gap<\/em>\u00a0\u2013 Noruega, Finl\u00e2ndia, Su\u00e9cia e Dinamarca \u2013 s\u00e3o aqueles que ostentam maior IDH. Eles escolheram n\u00e3o asfixiar mais da metade de suas popula\u00e7\u00f5es.\"\r\n\r\nLevando em conta os pa\u00edses da Am\u00e9rica do Norte, Am\u00e9rica Central, Caribe e Am\u00e9rica do Sul, o Brasil ocupa a 92\u00aa posi\u00e7\u00e3o no ranking da igualdade entre g\u00eaneros. Segundo Fl\u00e1via Piovesan, o que nos coloca entre os pa\u00edses com maior\u00a0<em>gender gap<\/em>\u00a0da regi\u00e3o \u00e9 principalmente a falta de paridade na participa\u00e7\u00e3o pol\u00edtica: \"Quando a lei das cotas para as mulheres no \u00e2mbito eleitoral foi adotada em 1995, \u00e9ramos 6%. Com a lei, passamos a 12%. As a\u00e7\u00f5es afirmativas, no entanto, devem ser medidas especiais, tempor\u00e1rias e progressivas. Precisamos mensurar o quanto caminhamos para a concretiza\u00e7\u00e3o da igualdade. O fato \u00e9 que, passado tanto tempo, estagnamos e tivemos ainda um retrocesso: atualmente, nossa participa\u00e7\u00e3o\u00a0no Parlamento n\u00e3o chega a 11%, o que est\u00e1 muito aqu\u00e9m dos pa\u00edses de nossa regi\u00e3o\".\r\n\r\nQuer assistir \u00e0 palestra completa? Acesse <a href=\"https:\/\/www.youtube.com\/watch?v=gcesBQQyRas&amp;list=PLE1Pu1WmgaJ_GIHEBn2EmaVPyVg2L1uiW&amp;index=15\">https:\/\/bit.ly\/FlaviaPiovesan<\/a>","_links":{"self":[{"href":"https:\/\/sinprofaz.org.br\/2024\/wp-json\/wp\/v2\/posts\/12838"}],"collection":[{"href":"https:\/\/sinprofaz.org.br\/2024\/wp-json\/wp\/v2\/posts"}],"about":[{"href":"https:\/\/sinprofaz.org.br\/2024\/wp-json\/wp\/v2\/types\/post"}],"author":[{"embeddable":true,"href":"https:\/\/sinprofaz.org.br\/2024\/wp-json\/wp\/v2\/users\/2"}],"replies":[{"embeddable":true,"href":"https:\/\/sinprofaz.org.br\/2024\/wp-json\/wp\/v2\/comments?post=12838"}],"version-history":[{"count":5,"href":"https:\/\/sinprofaz.org.br\/2024\/wp-json\/wp\/v2\/posts\/12838\/revisions"}],"predecessor-version":[{"id":13014,"href":"https:\/\/sinprofaz.org.br\/2024\/wp-json\/wp\/v2\/posts\/12838\/revisions\/13014"}],"wp:featuredmedia":[{"embeddable":true,"href":"https:\/\/sinprofaz.org.br\/2024\/wp-json\/wp\/v2\/media\/12839"}],"wp:attachment":[{"href":"https:\/\/sinprofaz.org.br\/2024\/wp-json\/wp\/v2\/media?parent=12838"}],"wp:term":[{"taxonomy":"category","embeddable":true,"href":"https:\/\/sinprofaz.org.br\/2024\/wp-json\/wp\/v2\/categories?post=12838"},{"taxonomy":"post_tag","embeddable":true,"href":"https:\/\/sinprofaz.org.br\/2024\/wp-json\/wp\/v2\/tags?post=12838"}],"curies":[{"name":"wp","href":"https:\/\/api.w.org\/{rel}","templated":true}]}}