{"id":12785,"date":"2021-03-01T11:11:11","date_gmt":"2021-03-01T14:11:11","guid":{"rendered":"http:\/\/www.sinprofaz.org.br\/?p=12785"},"modified":"2021-03-02T11:44:17","modified_gmt":"2021-03-02T14:44:17","slug":"ago-2021-procuracao-eletronica-ja-esta-disponivel-na-area-do-filiado","status":"publish","type":"post","link":"https:\/\/sinprofaz.org.br\/2024\/noticias\/ago-2021-procuracao-eletronica-ja-esta-disponivel-na-area-do-filiado\/","title":{"rendered":"AGO 2021: PROCURA\u00c7\u00c3O ELETR\u00d4NICA J\u00c1 EST\u00c1 DISPON\u00cdVEL NA \u00c1REA DO FILIADO"},"content":{"rendered":"<p>A AGO 2021 se aproxima: a Assembleia ser\u00e1 realizada no dia 27 de mar\u00e7o, a partir das 9h30, no Comfort Suites Bras\u00edlia, localizado no SHN Quadra 04, Bloco D, Asa Norte, Bras\u00edlia\/DF.<\/p>\n<p><strong>Procura\u00e7\u00f5es<\/strong><br \/>\nPara participa\u00e7\u00e3o da Carreira na Assembleia, o SINPROFAZ disponibiliza procura\u00e7\u00f5es eletr\u00f4nicas e impressas. A procura\u00e7\u00e3o eletr\u00f4nica outorga a representa\u00e7\u00e3o na Assembleia ao presidente do Sindicato. Para outorgar a representa\u00e7\u00e3o ao delegado sindical ou a qualquer outro Colega, deve-se utilizar a vers\u00e3o impressa, a qual precisa ser preenchida e entregue ao representante do Estado correspondente ou encaminhada ao SINPROFAZ via Correios.<\/p>\n<p>Para ter acesso \u00e0 Procura\u00e7\u00e3o Eletr\u00f4nica &#8211; Mar\u00e7o\/2021, acesse a \u00c1rea do Filiado (\u00e9 necess\u00e1rio digitar SIAPE e senha): <a href=\"https:\/\/areadofiliado.sinprofaz.org.br\/pages\/login.php\">bit.ly\/AreadoFiliadoSINPROFAZ<\/a>.<\/p>\n","protected":false},"excerpt":{"rendered":"<p>Para participa\u00e7\u00e3o da Carreira na Assembleia, o SINPROFAZ disponibiliza procura\u00e7\u00f5es eletr\u00f4nicas e impressas. A eletr\u00f4nica outorga a representa\u00e7\u00e3o na Assembleia ao presidente do Sindicato e j\u00e1 est\u00e1 dispon\u00edvel na \u00c1rea do Filiado. Acesse e saiba mais!<\/p>\n","protected":false},"author":2,"featured_media":11737,"comment_status":"open","ping_status":"open","sticky":false,"template":"","format":"standard","meta":{"footnotes":""},"categories":[8],"tags":[41,32,146,25],"featured_image_url":"https:\/\/sinprofaz.org.br\/2024\/wp-content\/uploads\/2020\/07\/logo-sinprofaz-1.png","character_count":406,"formatted_date":"01\/03\/2021 - 11:11","contentNovo":"A AGO 2021 se aproxima: a Assembleia ser\u00e1 realizada no dia 27 de mar\u00e7o, a partir das 9h30, no Comfort Suites Bras\u00edlia, localizado no SHN Quadra 04, Bloco D, Asa Norte, Bras\u00edlia\/DF.\r\n\r\n<strong>Procura\u00e7\u00f5es<\/strong>\r\nPara participa\u00e7\u00e3o da Carreira na Assembleia, o SINPROFAZ disponibiliza procura\u00e7\u00f5es eletr\u00f4nicas e impressas. A procura\u00e7\u00e3o eletr\u00f4nica outorga a representa\u00e7\u00e3o na Assembleia ao presidente do Sindicato. Para outorgar a representa\u00e7\u00e3o ao delegado sindical ou a qualquer outro Colega, deve-se utilizar a vers\u00e3o impressa, a qual precisa ser preenchida e entregue ao representante do Estado correspondente ou encaminhada ao SINPROFAZ via Correios.\r\n\r\nPara ter acesso \u00e0 Procura\u00e7\u00e3o Eletr\u00f4nica - Mar\u00e7o\/2021, acesse a \u00c1rea do Filiado (\u00e9 necess\u00e1rio digitar SIAPE e senha): <a href=\"https:\/\/areadofiliado.sinprofaz.org.br\/pages\/login.php\">bit.ly\/AreadoFiliadoSINPROFAZ<\/a>.","_links":{"self":[{"href":"https:\/\/sinprofaz.org.br\/2024\/wp-json\/wp\/v2\/posts\/12785"}],"collection":[{"href":"https:\/\/sinprofaz.org.br\/2024\/wp-json\/wp\/v2\/posts"}],"about":[{"href":"https:\/\/sinprofaz.org.br\/2024\/wp-json\/wp\/v2\/types\/post"}],"author":[{"embeddable":true,"href":"https:\/\/sinprofaz.org.br\/2024\/wp-json\/wp\/v2\/users\/2"}],"replies":[{"embeddable":true,"href":"https:\/\/sinprofaz.org.br\/2024\/wp-json\/wp\/v2\/comments?post=12785"}],"version-history":[{"count":3,"href":"https:\/\/sinprofaz.org.br\/2024\/wp-json\/wp\/v2\/posts\/12785\/revisions"}],"predecessor-version":[{"id":12824,"href":"https:\/\/sinprofaz.org.br\/2024\/wp-json\/wp\/v2\/posts\/12785\/revisions\/12824"}],"wp:featuredmedia":[{"embeddable":true,"href":"https:\/\/sinprofaz.org.br\/2024\/wp-json\/wp\/v2\/media\/11737"}],"wp:attachment":[{"href":"https:\/\/sinprofaz.org.br\/2024\/wp-json\/wp\/v2\/media?parent=12785"}],"wp:term":[{"taxonomy":"category","embeddable":true,"href":"https:\/\/sinprofaz.org.br\/2024\/wp-json\/wp\/v2\/categories?post=12785"},{"taxonomy":"post_tag","embeddable":true,"href":"https:\/\/sinprofaz.org.br\/2024\/wp-json\/wp\/v2\/tags?post=12785"}],"curies":[{"name":"wp","href":"https:\/\/api.w.org\/{rel}","templated":true}]}}