{"id":1278,"date":"2013-05-02T19:40:50","date_gmt":"2013-05-02T19:40:50","guid":{"rendered":""},"modified":"-0001-11-30T00:00:00","modified_gmt":"-0001-11-30T03:00:00","slug":"vitoria-da-carreira-em-acao-sobre-irpf","status":"publish","type":"post","link":"https:\/\/sinprofaz.org.br\/2024\/noticias\/vitoria-da-carreira-em-acao-sobre-irpf\/","title":{"rendered":"Vit\u00f3ria da carreira em a\u00e7\u00e3o sobre IRPF"},"content":{"rendered":"<p>No dia 18\/04, o SINPROFAZ ingressou com a\u00e7\u00e3o requerendo a declara\u00e7\u00e3o da inconstitucionalidade incidental do limite para dedu\u00e7\u00e3o de despesas com educa\u00e7\u00e3o, previsto no trecho final da letra b, do inciso II do art. 8\u00ba da Lei n\u00ba 9.250\/95.<\/p>\n<p>O Sindicato requereu ainda o rec\u00e1lculo do imposto, com a dedu\u00e7\u00e3o integral dos custos com instru\u00e7\u00e3o pr\u00f3pria e dos dependentes, bem como que o ajuste decorrente seja aplicado sobre o c\u00e1lculo do imposto devido nos \u00faltimos cinco anos. O processo tramita na 21\u00aa Vara Federal em S\u00e3o Paulo sob o n\u00ba 0006737-76.2013.4.03.6100 e a liminar foi deferida integralmente.<\/p>\n<h3>Precedentes importantes<\/h3>\n<p>O Tribunal Regional Federal da 3\u00aa Regi\u00e3o vem alterando seu entendimento a partir de 2011, passando a acolher a tese de que o teto para dedu\u00e7\u00e3o das despesas com educa\u00e7\u00e3o \u00e9 inconstitucional, uma vez que a restri\u00e7\u00e3o, imposta pela Lei n\u00ba 9.250\/95, vulnera o conceito de renda e o princ\u00edpio da capacidade contributiva, sendo, ademais, incompat\u00edvel com o dever estatal constitucionalmente fixado de promover e incentivar a educa\u00e7\u00e3o.<\/p>\n<h3>Orienta\u00e7\u00e3o aos filiados<\/h3>\n<p>O SINPROFAZ tomar\u00e1 todas as medidas para que a decis\u00e3o seja implementada o mais r\u00e1pido poss\u00edvel. Considerando o conte\u00fado da a\u00e7\u00e3o impetrada pelo Sindicato para garantir maior facilidade na execu\u00e7\u00e3o da medida, \u00e9 importante que os Procuradores da Fazenda que n\u00e3o tenham declarado a integralidade das despesas com instru\u00e7\u00e3o no ano de 2012, no quadro de pagamentos efetuados da Declara\u00e7\u00e3o de Ajuste Anual, fa\u00e7am declara\u00e7\u00e3o retificadora informando todos os gastos realizados. O rec\u00e1lculo do imposto devido determinar\u00e1 o aumento no valor da restitui\u00e7\u00e3o ou a redu\u00e7\u00e3o do saldo de imposto a pagar.<\/p>\n<p>A \u00edntegra da decis\u00e3o pode ser conferida na parte <a title=\"\u00c1rea Reservada\" href=\"\/filiados\/meu-espaco\">reservada aos filiados<\/a> no site do SINPROFAZ.<\/p>\n","protected":false},"excerpt":{"rendered":"<p>Foi deferida antecipa\u00e7\u00e3o de tutela em a\u00e7\u00e3o que busca a dedu\u00e7\u00e3o integral de despesas com educa\u00e7\u00e3o no Imposto de Renda de Pessoa F\u00edsica dos Procuradores da Fazenda.<\/p>\n","protected":false},"author":1,"featured_media":0,"comment_status":"closed","ping_status":"open","sticky":false,"template":"","format":"standard","meta":{"footnotes":""},"categories":[8],"tags":[],"featured_image_url":"https:\/\/dummyimage.com\/720x400","character_count":907,"formatted_date":"02\/05\/2013 - 19:40","contentNovo":"\r\n<p>No dia 18\/04, o SINPROFAZ ingressou com a\u00e7\u00e3o requerendo a declara\u00e7\u00e3o da inconstitucionalidade incidental do limite para dedu\u00e7\u00e3o de despesas com educa\u00e7\u00e3o, previsto no trecho final da letra b, do inciso II do art. 8\u00ba da Lei n\u00ba 9.250\/95.<\/p>\r\n<p>O Sindicato requereu ainda o rec\u00e1lculo do imposto, com a dedu\u00e7\u00e3o integral dos custos com instru\u00e7\u00e3o pr\u00f3pria e dos dependentes, bem como que o ajuste decorrente seja aplicado sobre o c\u00e1lculo do imposto devido nos \u00faltimos cinco anos. O processo tramita na 21\u00aa Vara Federal em S\u00e3o Paulo sob o n\u00ba 0006737-76.2013.4.03.6100 e a liminar foi deferida integralmente.<\/p>\r\nPrecedentes importantes\r\n<p>O Tribunal Regional Federal da 3\u00aa Regi\u00e3o vem alterando seu entendimento a partir de 2011, passando a acolher a tese de que o teto para dedu\u00e7\u00e3o das despesas com educa\u00e7\u00e3o \u00e9 inconstitucional, uma vez que a restri\u00e7\u00e3o, imposta pela Lei n\u00ba 9.250\/95, vulnera o conceito de renda e o princ\u00edpio da capacidade contributiva, sendo, ademais, incompat\u00edvel com o dever estatal constitucionalmente fixado de promover e incentivar a educa\u00e7\u00e3o.<\/p>\r\nOrienta\u00e7\u00e3o aos filiados\r\n<p>O SINPROFAZ tomar\u00e1 todas as medidas para que a decis\u00e3o seja implementada o mais r\u00e1pido poss\u00edvel. Considerando o conte\u00fado da a\u00e7\u00e3o impetrada pelo Sindicato para garantir maior facilidade na execu\u00e7\u00e3o da medida, \u00e9 importante que os Procuradores da Fazenda que n\u00e3o tenham declarado a integralidade das despesas com instru\u00e7\u00e3o no ano de 2012, no quadro de pagamentos efetuados da Declara\u00e7\u00e3o de Ajuste Anual, fa\u00e7am declara\u00e7\u00e3o retificadora informando todos os gastos realizados. O rec\u00e1lculo do imposto devido determinar\u00e1 o aumento no valor da restitui\u00e7\u00e3o ou a redu\u00e7\u00e3o do saldo de imposto a pagar.<\/p>\r\n<p>A \u00edntegra da decis\u00e3o pode ser conferida na parte <a title=\"\u00c1rea Reservada\" href=\"\/filiados\/meu-espaco\">reservada aos filiados<\/a> no site do SINPROFAZ.<\/p>","_links":{"self":[{"href":"https:\/\/sinprofaz.org.br\/2024\/wp-json\/wp\/v2\/posts\/1278"}],"collection":[{"href":"https:\/\/sinprofaz.org.br\/2024\/wp-json\/wp\/v2\/posts"}],"about":[{"href":"https:\/\/sinprofaz.org.br\/2024\/wp-json\/wp\/v2\/types\/post"}],"author":[{"embeddable":true,"href":"https:\/\/sinprofaz.org.br\/2024\/wp-json\/wp\/v2\/users\/1"}],"replies":[{"embeddable":true,"href":"https:\/\/sinprofaz.org.br\/2024\/wp-json\/wp\/v2\/comments?post=1278"}],"version-history":[{"count":0,"href":"https:\/\/sinprofaz.org.br\/2024\/wp-json\/wp\/v2\/posts\/1278\/revisions"}],"wp:attachment":[{"href":"https:\/\/sinprofaz.org.br\/2024\/wp-json\/wp\/v2\/media?parent=1278"}],"wp:term":[{"taxonomy":"category","embeddable":true,"href":"https:\/\/sinprofaz.org.br\/2024\/wp-json\/wp\/v2\/categories?post=1278"},{"taxonomy":"post_tag","embeddable":true,"href":"https:\/\/sinprofaz.org.br\/2024\/wp-json\/wp\/v2\/tags?post=1278"}],"curies":[{"name":"wp","href":"https:\/\/api.w.org\/{rel}","templated":true}]}}