{"id":12777,"date":"2021-02-26T16:58:30","date_gmt":"2021-02-26T19:58:30","guid":{"rendered":"http:\/\/www.sinprofaz.org.br\/?p=12777"},"modified":"2021-03-01T11:56:19","modified_gmt":"2021-03-01T14:56:19","slug":"transita-em-julgado-acao-de-inexigibilidade-da-contribuicao-previdenciaria-sobre-o-terco-de-ferias","status":"publish","type":"post","link":"https:\/\/sinprofaz.org.br\/2024\/noticias\/transita-em-julgado-acao-de-inexigibilidade-da-contribuicao-previdenciaria-sobre-o-terco-de-ferias\/","title":{"rendered":"TRANSITA EM JULGADO A\u00c7\u00c3O DE INEXIGIBILIDADE DA CONTRIBUI\u00c7\u00c3O PREVIDENCI\u00c1RIA SOBRE O TER\u00c7O DE F\u00c9RIAS"},"content":{"rendered":"<p>Na incessante atua\u00e7\u00e3o em prol da defesa dos direitos e prerrogativas dos Procuradores da Fazenda Nacional, o SINPROFAZ prop\u00f4s, no ano de 2006, a\u00e7\u00e3o visando \u00e0 declara\u00e7\u00e3o de inexigibilidade da contribui\u00e7\u00e3o previdenci\u00e1ria sobre o 1\/3 de f\u00e9rias e \u00e0 repeti\u00e7\u00e3o de ind\u00e9bito para todos os filiados. O processo foi autuado sob o n\u00ba 0027138-49.2006.4.01.3400 e tramitou na 14\u00aa Vara Federal de Bras\u00edlia.<\/p>\n<p>O TRF da 1\u00aa Regi\u00e3o declarou a inexigibilidade da contribui\u00e7\u00e3o previdenci\u00e1ria sobre o ter\u00e7o de f\u00e9rias e determinou a devolu\u00e7\u00e3o dos valores indevidamente descontados, corrigidos pela SELIC. O SINPROFAZ obteve importante vit\u00f3ria no que diz respeito \u00e0 tese suscitada pela Uni\u00e3o de suposta inaplicabilidade do precedente firmado no RE 593.068\/SC aos filiados que ingressaram na Carreira ap\u00f3s a EC 41\/2003. Os recursos especial e extraordin\u00e1rio interpostos pela Uni\u00e3o tiveram seguimento negado pelo TRF-1, tendo sido certificado o tr\u00e2nsito em julgado no \u00faltimo dia 18 de fevereiro de 2021.<\/p>\n<p>Assim, cumprindo a sua miss\u00e3o institucional de representar os interesses, direitos e prerrogativas de seus filiados e filiadas, a Diretoria do SINPROFAZ esteve em reuni\u00e3o no escrit\u00f3rio Mendes Plutarco tratando dos detalhes para obten\u00e7\u00e3o, junto \u00e0 PGFN e ao Minist\u00e9rio da Economia, das fichas financeiras dos filiados para elabora\u00e7\u00e3o dos c\u00e1lculos e ajuizamento do respectivo cumprimento de senten\u00e7a.<\/p>\n\n\t\t<style type=\"text\/css\">\n\t\t\t#gallery-1 {\n\t\t\t\tmargin: auto;\n\t\t\t}\n\t\t\t#gallery-1 .gallery-item {\n\t\t\t\tfloat: left;\n\t\t\t\tmargin-top: 10px;\n\t\t\t\ttext-align: center;\n\t\t\t\twidth: 33%;\n\t\t\t}\n\t\t\t#gallery-1 img {\n\t\t\t\tborder: 2px solid #cfcfcf;\n\t\t\t}\n\t\t\t#gallery-1 .gallery-caption {\n\t\t\t\tmargin-left: 0;\n\t\t\t}\n\t\t\t\/* see gallery_shortcode() in wp-includes\/media.php *\/\n\t\t<\/style>\n\t\t<div id='gallery-1' class='gallery galleryid-12777 gallery-columns-3 gallery-size-thumbnail'><dl class='gallery-item'>\n\t\t\t<dt class='gallery-icon landscape'>\n\t\t\t\t<a href='https:\/\/sinprofaz.org.br\/2024\/wp-content\/uploads\/2021\/02\/1-2.jpg'><img loading=\"lazy\" decoding=\"async\" width=\"150\" height=\"150\" src=\"https:\/\/sinprofaz.org.br\/2024\/wp-content\/uploads\/2021\/02\/1-2-150x150.jpg\" class=\"attachment-thumbnail size-thumbnail\" alt=\"\" \/><\/a>\n\t\t\t<\/dt><\/dl><dl class='gallery-item'>\n\t\t\t<dt class='gallery-icon landscape'>\n\t\t\t\t<a href='https:\/\/sinprofaz.org.br\/2024\/wp-content\/uploads\/2021\/02\/2-2.jpg'><img loading=\"lazy\" decoding=\"async\" width=\"150\" height=\"150\" src=\"https:\/\/sinprofaz.org.br\/2024\/wp-content\/uploads\/2021\/02\/2-2-150x150.jpg\" class=\"attachment-thumbnail size-thumbnail\" alt=\"\" \/><\/a>\n\t\t\t<\/dt><\/dl><dl class='gallery-item'>\n\t\t\t<dt class='gallery-icon landscape'>\n\t\t\t\t<a href='https:\/\/sinprofaz.org.br\/2024\/wp-content\/uploads\/2021\/02\/3-1.jpg'><img loading=\"lazy\" decoding=\"async\" width=\"150\" height=\"150\" src=\"https:\/\/sinprofaz.org.br\/2024\/wp-content\/uploads\/2021\/02\/3-1-150x150.jpg\" class=\"attachment-thumbnail size-thumbnail\" alt=\"\" \/><\/a>\n\t\t\t<\/dt><\/dl><br style=\"clear: both\" \/>\n\t\t<\/div>\n\n","protected":false},"excerpt":{"rendered":"<p>A Diretoria esteve em reuni\u00e3o no escrit\u00f3rio Mendes Plutarco tratando dos detalhes para obten\u00e7\u00e3o das fichas financeiras dos filiados, elabora\u00e7\u00e3o dos c\u00e1lculos e ajuizamento do cumprimento de senten\u00e7a.<\/p>\n","protected":false},"author":2,"featured_media":11737,"comment_status":"open","ping_status":"open","sticky":false,"template":"","format":"standard","meta":{"footnotes":""},"categories":[8],"tags":[32,26,146,25],"featured_image_url":"https:\/\/sinprofaz.org.br\/2024\/wp-content\/uploads\/2020\/07\/logo-sinprofaz-1.png","character_count":900,"formatted_date":"26\/02\/2021 - 16:58","contentNovo":"Na incessante atua\u00e7\u00e3o em prol da defesa dos direitos e prerrogativas dos Procuradores da Fazenda Nacional, o SINPROFAZ prop\u00f4s, no ano de 2006, a\u00e7\u00e3o visando \u00e0 declara\u00e7\u00e3o de inexigibilidade da contribui\u00e7\u00e3o previdenci\u00e1ria sobre o 1\/3 de f\u00e9rias e \u00e0 repeti\u00e7\u00e3o de ind\u00e9bito para todos os filiados. O processo foi autuado sob o n\u00ba 0027138-49.2006.4.01.3400 e tramitou na 14\u00aa Vara Federal de Bras\u00edlia.\r\n\r\nO TRF da 1\u00aa Regi\u00e3o declarou a inexigibilidade da contribui\u00e7\u00e3o previdenci\u00e1ria sobre o ter\u00e7o de f\u00e9rias e determinou a devolu\u00e7\u00e3o dos valores indevidamente descontados, corrigidos pela SELIC. O SINPROFAZ obteve importante vit\u00f3ria no que diz respeito \u00e0 tese suscitada pela Uni\u00e3o de suposta inaplicabilidade do precedente firmado no RE 593.068\/SC aos filiados que ingressaram na Carreira ap\u00f3s a EC 41\/2003. Os recursos especial e extraordin\u00e1rio interpostos pela Uni\u00e3o tiveram seguimento negado pelo TRF-1, tendo sido certificado o tr\u00e2nsito em julgado no \u00faltimo dia 18 de fevereiro de 2021.\r\n\r\nAssim, cumprindo a sua miss\u00e3o institucional de representar os interesses, direitos e prerrogativas de seus filiados e filiadas, a Diretoria do SINPROFAZ esteve em reuni\u00e3o no escrit\u00f3rio Mendes Plutarco tratando dos detalhes para obten\u00e7\u00e3o, junto \u00e0 PGFN e ao Minist\u00e9rio da Economia, das fichas financeiras dos filiados para elabora\u00e7\u00e3o dos c\u00e1lculos e ajuizamento do respectivo cumprimento de senten\u00e7a.\r\n\r\n[gallery link=\"file\" ids=\"12778,12779,12780\"]","_links":{"self":[{"href":"https:\/\/sinprofaz.org.br\/2024\/wp-json\/wp\/v2\/posts\/12777"}],"collection":[{"href":"https:\/\/sinprofaz.org.br\/2024\/wp-json\/wp\/v2\/posts"}],"about":[{"href":"https:\/\/sinprofaz.org.br\/2024\/wp-json\/wp\/v2\/types\/post"}],"author":[{"embeddable":true,"href":"https:\/\/sinprofaz.org.br\/2024\/wp-json\/wp\/v2\/users\/2"}],"replies":[{"embeddable":true,"href":"https:\/\/sinprofaz.org.br\/2024\/wp-json\/wp\/v2\/comments?post=12777"}],"version-history":[{"count":4,"href":"https:\/\/sinprofaz.org.br\/2024\/wp-json\/wp\/v2\/posts\/12777\/revisions"}],"predecessor-version":[{"id":12788,"href":"https:\/\/sinprofaz.org.br\/2024\/wp-json\/wp\/v2\/posts\/12777\/revisions\/12788"}],"wp:featuredmedia":[{"embeddable":true,"href":"https:\/\/sinprofaz.org.br\/2024\/wp-json\/wp\/v2\/media\/11737"}],"wp:attachment":[{"href":"https:\/\/sinprofaz.org.br\/2024\/wp-json\/wp\/v2\/media?parent=12777"}],"wp:term":[{"taxonomy":"category","embeddable":true,"href":"https:\/\/sinprofaz.org.br\/2024\/wp-json\/wp\/v2\/categories?post=12777"},{"taxonomy":"post_tag","embeddable":true,"href":"https:\/\/sinprofaz.org.br\/2024\/wp-json\/wp\/v2\/tags?post=12777"}],"curies":[{"name":"wp","href":"https:\/\/api.w.org\/{rel}","templated":true}]}}