{"id":1277,"date":"2013-05-02T18:15:42","date_gmt":"2013-05-02T18:15:42","guid":{"rendered":""},"modified":"-0001-11-30T00:00:00","modified_gmt":"-0001-11-30T03:00:00","slug":"mais-repercussoes-da-campanha-nacional-da-justica-fiscal","status":"publish","type":"post","link":"https:\/\/sinprofaz.org.br\/2024\/noticias\/mais-repercussoes-da-campanha-nacional-da-justica-fiscal\/","title":{"rendered":"Mais repercuss\u00f5es da Campanha Nacional da Justi\u00e7a Fiscal"},"content":{"rendered":"<p>No programa \u201cEm Pauta\u201d, veiculado pela Globo News, houve demonstra\u00e7\u00e3o do aplicativo \u201cNa Real\u201d e cita\u00e7\u00f5es ao SINPROFAZ e \u00e0 carreira.<\/p>\n<p>Os conceitos da Campanha Nacional da Justi\u00e7a Fiscal tamb\u00e9m repercutem nos ve\u00edculos regionais de imprensa. Confira nos links a seguir:<\/p>\n<p><a title=\"G1 - Globo News\" href=\"http:\/\/g1.globo.com\/globo-news\/globo-news-em-pauta\/videos\/t\/todos-os-videos\/v\/aplicativo-mostra-quanto-os-brasileiros-pagam-de-impostos\/2541154\/\" target=\"_blank\">Globo &#8211; G1<\/a><\/p>\n<p><a title=\"O Povo\" href=\"http:\/\/www.opovo.com.br\/app\/economia\/2013\/04\/30\/noticiaseconomia,3048176\/aplicativo-calcula-valor-de-impostos-em-produtos-do-dia-a-dia.shtml\" target=\"_blank\">O Povo<\/a><\/p>\n","protected":false},"excerpt":{"rendered":"<p>Carreira continua em evid\u00eancia com a divulga\u00e7\u00e3o da campanha e do aplicativo \u201cNa Real\u201d. A iniciativa tem sido muito eficiente para dar publicidade \u00e0s atribui\u00e7\u00f5es dos PFNs.<\/p>\n","protected":false},"author":1,"featured_media":0,"comment_status":"closed","ping_status":"open","sticky":false,"template":"","format":"standard","meta":{"footnotes":""},"categories":[8],"tags":[],"featured_image_url":"https:\/\/dummyimage.com\/720x400","character_count":153,"formatted_date":"02\/05\/2013 - 18:15","contentNovo":"\r\n<p>No programa \u201cEm Pauta\u201d, veiculado pela Globo News, houve demonstra\u00e7\u00e3o do aplicativo \u201cNa Real\u201d e cita\u00e7\u00f5es ao SINPROFAZ e \u00e0 carreira.<\/p>\r\n<p>Os conceitos da Campanha Nacional da Justi\u00e7a Fiscal tamb\u00e9m repercutem nos ve\u00edculos regionais de imprensa. Confira nos links a seguir:<\/p>\r\n<p><a title=\"G1 - Globo News\" href=\"http:\/\/g1.globo.com\/globo-news\/globo-news-em-pauta\/videos\/t\/todos-os-videos\/v\/aplicativo-mostra-quanto-os-brasileiros-pagam-de-impostos\/2541154\/\" target=\"_blank\">Globo - G1<\/a><\/p>\r\n<p><a title=\"O Povo\" href=\"http:\/\/www.opovo.com.br\/app\/economia\/2013\/04\/30\/noticiaseconomia,3048176\/aplicativo-calcula-valor-de-impostos-em-produtos-do-dia-a-dia.shtml\" target=\"_blank\">O Povo<\/a><\/p>","_links":{"self":[{"href":"https:\/\/sinprofaz.org.br\/2024\/wp-json\/wp\/v2\/posts\/1277"}],"collection":[{"href":"https:\/\/sinprofaz.org.br\/2024\/wp-json\/wp\/v2\/posts"}],"about":[{"href":"https:\/\/sinprofaz.org.br\/2024\/wp-json\/wp\/v2\/types\/post"}],"author":[{"embeddable":true,"href":"https:\/\/sinprofaz.org.br\/2024\/wp-json\/wp\/v2\/users\/1"}],"replies":[{"embeddable":true,"href":"https:\/\/sinprofaz.org.br\/2024\/wp-json\/wp\/v2\/comments?post=1277"}],"version-history":[{"count":0,"href":"https:\/\/sinprofaz.org.br\/2024\/wp-json\/wp\/v2\/posts\/1277\/revisions"}],"wp:attachment":[{"href":"https:\/\/sinprofaz.org.br\/2024\/wp-json\/wp\/v2\/media?parent=1277"}],"wp:term":[{"taxonomy":"category","embeddable":true,"href":"https:\/\/sinprofaz.org.br\/2024\/wp-json\/wp\/v2\/categories?post=1277"},{"taxonomy":"post_tag","embeddable":true,"href":"https:\/\/sinprofaz.org.br\/2024\/wp-json\/wp\/v2\/tags?post=1277"}],"curies":[{"name":"wp","href":"https:\/\/api.w.org\/{rel}","templated":true}]}}