{"id":1275,"date":"2013-04-26T19:37:53","date_gmt":"2013-04-26T19:37:53","guid":{"rendered":""},"modified":"-0001-11-30T00:00:00","modified_gmt":"-0001-11-30T03:00:00","slug":"deputado-amauri-teixeira-encaminha-novos-requerimentos-e-indicacoes-ao-mpog","status":"publish","type":"post","link":"https:\/\/sinprofaz.org.br\/2024\/noticias\/deputado-amauri-teixeira-encaminha-novos-requerimentos-e-indicacoes-ao-mpog\/","title":{"rendered":"Deputado Amauri Teixeira encaminha novos requerimentos e indica\u00e7\u00f5es ao MPOG"},"content":{"rendered":"<p>Em atendimento \u00e0s gest\u00f5es do SINPROFAZ, v\u00e1rios deputados t\u00eam apoiado os pleitos da carreira no que diz respeito \u00e0 nomea\u00e7\u00e3o imediata do maior numero de aprovados no \u00faltimo concurso e tamb\u00e9m \u00e0 cria\u00e7\u00e3o imediata de carreira de apoio.<\/p>\n<p>Esta semana, o deputado Amauri Teixeira (PT-BA) apresentou mais dois atos legislativos com o intuito de acelerar estes importantes pleitos da carreira de Procurador da Fazenda Nacional.<\/p>\n<p>Apresentada em 24 de abril, a Indica\u00e7\u00e3o (INC) 4372\/2013 sugere \u00e0 Ministra de Estado do Planejamento, Or\u00e7amento e Gest\u00e3o o aumento de n\u00famero de vagas para primeira nomea\u00e7\u00e3o do Cargo de Procurador da Fazenda Nacional.<\/p>\n<p>J\u00e1 o Requerimento de informa\u00e7\u00e3o (RIC) 3037\/2013, tamb\u00e9m apresentada em 24 de abril, solicita informa\u00e7\u00f5es \u00e0 Ministra do Planejamento, Or\u00e7amento e Gest\u00e3o sobre o Projeto de Lei que cria o Plano de Carreira dos Servidores da Advocacia-Geral da Uni\u00e3o e Defensoria P\u00fablica da Uni\u00e3o.<\/p>\n<p>Sobre os outros atos j\u00e1 apresentados pelo deputado Amauri Teixeira tratando da convoca\u00e7\u00e3o de PFNs e da cria\u00e7\u00e3o de carreira de apoio, <a href=\"noticias\/sinprofaz-atua-pela-convocacao-de-pfns-e-realizacao-de-concurso-para-carreira-de-apoio\" target=\"_self\">leia aqui<\/a>.<\/p>\n","protected":false},"excerpt":{"rendered":"<p>Nos documentos, o parlamentar sugere o aumento do n\u00famero de vagas de PFNs e requer informa\u00e7\u00f5es sobre a cria\u00e7\u00e3o de carreira de apoio no \u00e2mbito da AGU.<\/p>\n","protected":false},"author":1,"featured_media":0,"comment_status":"closed","ping_status":"open","sticky":false,"template":"","format":"standard","meta":{"footnotes":""},"categories":[8],"tags":[],"featured_image_url":"https:\/\/dummyimage.com\/720x400","character_count":546,"formatted_date":"26\/04\/2013 - 19:37","contentNovo":"\r\n<p>Em atendimento \u00e0s gest\u00f5es do SINPROFAZ, v\u00e1rios deputados t\u00eam apoiado os pleitos da carreira no que diz respeito \u00e0 nomea\u00e7\u00e3o imediata do maior numero de aprovados no \u00faltimo concurso e tamb\u00e9m \u00e0 cria\u00e7\u00e3o imediata de carreira de apoio.<\/p>\r\n<p>Esta semana, o deputado Amauri Teixeira (PT-BA) apresentou mais dois atos legislativos com o intuito de acelerar estes importantes pleitos da carreira de Procurador da Fazenda Nacional.<\/p>\r\n<p>Apresentada em 24 de abril, a Indica\u00e7\u00e3o (INC) 4372\/2013 sugere \u00e0 Ministra de Estado do Planejamento, Or\u00e7amento e Gest\u00e3o o aumento de n\u00famero de vagas para primeira nomea\u00e7\u00e3o do Cargo de Procurador da Fazenda Nacional.<\/p>\r\n<p>J\u00e1 o Requerimento de informa\u00e7\u00e3o (RIC) 3037\/2013, tamb\u00e9m apresentada em 24 de abril, solicita informa\u00e7\u00f5es \u00e0 Ministra do Planejamento, Or\u00e7amento e Gest\u00e3o sobre o Projeto de Lei que cria o Plano de Carreira dos Servidores da Advocacia-Geral da Uni\u00e3o e Defensoria P\u00fablica da Uni\u00e3o.<\/p>\r\n<p>Sobre os outros atos j\u00e1 apresentados pelo deputado Amauri Teixeira tratando da convoca\u00e7\u00e3o de PFNs e da cria\u00e7\u00e3o de carreira de apoio, <a href=\"noticias\/sinprofaz-atua-pela-convocacao-de-pfns-e-realizacao-de-concurso-para-carreira-de-apoio\" target=\"_self\">leia aqui<\/a>.<\/p>","_links":{"self":[{"href":"https:\/\/sinprofaz.org.br\/2024\/wp-json\/wp\/v2\/posts\/1275"}],"collection":[{"href":"https:\/\/sinprofaz.org.br\/2024\/wp-json\/wp\/v2\/posts"}],"about":[{"href":"https:\/\/sinprofaz.org.br\/2024\/wp-json\/wp\/v2\/types\/post"}],"author":[{"embeddable":true,"href":"https:\/\/sinprofaz.org.br\/2024\/wp-json\/wp\/v2\/users\/1"}],"replies":[{"embeddable":true,"href":"https:\/\/sinprofaz.org.br\/2024\/wp-json\/wp\/v2\/comments?post=1275"}],"version-history":[{"count":0,"href":"https:\/\/sinprofaz.org.br\/2024\/wp-json\/wp\/v2\/posts\/1275\/revisions"}],"wp:attachment":[{"href":"https:\/\/sinprofaz.org.br\/2024\/wp-json\/wp\/v2\/media?parent=1275"}],"wp:term":[{"taxonomy":"category","embeddable":true,"href":"https:\/\/sinprofaz.org.br\/2024\/wp-json\/wp\/v2\/categories?post=1275"},{"taxonomy":"post_tag","embeddable":true,"href":"https:\/\/sinprofaz.org.br\/2024\/wp-json\/wp\/v2\/tags?post=1275"}],"curies":[{"name":"wp","href":"https:\/\/api.w.org\/{rel}","templated":true}]}}