{"id":12699,"date":"2021-02-19T13:00:02","date_gmt":"2021-02-19T16:00:02","guid":{"rendered":"http:\/\/www.sinprofaz.org.br\/?p=12699"},"modified":"2021-03-09T19:28:37","modified_gmt":"2021-03-09T22:28:37","slug":"iniciativas-do-mes-pfn-e-genero-incluem-apoio-a-arte-feminina","status":"publish","type":"post","link":"https:\/\/sinprofaz.org.br\/2024\/noticias\/iniciativas-do-mes-pfn-e-genero-incluem-apoio-a-arte-feminina\/","title":{"rendered":"INICIATIVAS DO M\u00caS &#8220;PFN E G\u00caNERO&#8221; INCLUEM APOIO \u00c0 ARTE FEMININA"},"content":{"rendered":"<p>Em homenagem \u00e0s procuradoras da Fazenda Nacional pelo Dia Internacional da Mulher, uma das a\u00e7\u00f5es propostas para o M\u00eas &#8220;PFN e G\u00eanero: Sensibiliza\u00e7\u00e3o, Conscientiza\u00e7\u00e3o e Di\u00e1logos&#8221; \u00e9 presentear as filiadas com arte feminina! Nessa perspectiva do projeto, o SINPROFAZ revela a import\u00e2ncia do conceito de sororidade e abre espa\u00e7o para a divulga\u00e7\u00e3o do trabalho de mulheres artistas.<\/p>\n<p>Cinco jovens ilustradoras foram escolhidas para representar a arte origin\u00e1ria das cinco Regi\u00f5es do pa\u00eds. A pedido do SINPROFAZ, elas produziram ilustra\u00e7\u00f5es sobre o papel da mulher na sociedade moderna. Em breve, as PFNs filiadas receber\u00e3o, via Correios, cadernetas especiais com as capas ilustradas pelas artistas. Esperamos que gostem do presente!<\/p>\n<p>Conhe\u00e7a agora as jovens artistas selecionadas e as suas produ\u00e7\u00f5es. O que essas mulheres t\u00eam em comum? O trabalho em torno da tem\u00e1tica de g\u00eanero!<\/p>\n<p style=\"clear: both;\"><a href=\"http:\/\/www.sinprofaz.org.br\/2016\/wp-content\/uploads\/2021\/02\/Fl\u00e1via-Borges-Sudeste.jpg\"><img loading=\"lazy\" decoding=\"async\" class=\"alignnone size-medium wp-image-12705\" style=\"float: left; margin: 10px;\" src=\"http:\/\/www.sinprofaz.org.br\/2016\/wp-content\/uploads\/2021\/02\/Fl\u00e1via-Borges-Sudeste-300x300.jpg\" alt=\"\" width=\"300\" height=\"300\" srcset=\"https:\/\/sinprofaz.org.br\/2024\/wp-content\/uploads\/2021\/02\/Fl\u00e1via-Borges-Sudeste-300x300.jpg 300w, https:\/\/sinprofaz.org.br\/2024\/wp-content\/uploads\/2021\/02\/Fl\u00e1via-Borges-Sudeste-150x150.jpg 150w, https:\/\/sinprofaz.org.br\/2024\/wp-content\/uploads\/2021\/02\/Fl\u00e1via-Borges-Sudeste-768x768.jpg 768w, https:\/\/sinprofaz.org.br\/2024\/wp-content\/uploads\/2021\/02\/Fl\u00e1via-Borges-Sudeste-1024x1024.jpg 1024w, https:\/\/sinprofaz.org.br\/2024\/wp-content\/uploads\/2021\/02\/Fl\u00e1via-Borges-Sudeste-315x315.jpg 315w, https:\/\/sinprofaz.org.br\/2024\/wp-content\/uploads\/2021\/02\/Fl\u00e1via-Borges-Sudeste-218x218.jpg 218w\" sizes=\"(max-width: 300px) 100vw, 300px\" \/><\/a><br \/>\n<em>Regi\u00e3o Sudeste<\/em><br \/>\n<strong>Fl\u00e1via Borges<\/strong><br \/>\nIlustradora e quadrinista de S\u00e3o Paulo\/SP. Tem 24 anos e trabalha profissionalmente com ilustra\u00e7\u00e3o desde os 20. Seus trabalhos abordam tem\u00e1ticas como feminismo, negritude e adapta\u00e7\u00f5es visuais de m\u00fasicas.<br \/>\n<strong>Ilustra\u00e7\u00e3o para o SINPROFAZ:\u00a0<a href=\"https:\/\/www.sinprofaz.org.br\/pdfs\/flavia-borges.pdf\">http:\/\/bit.ly\/Fl\u00e1viaBorges<\/a><\/strong><br \/>\n<strong>Siga no Instagram: <a href=\"https:\/\/www.instagram.com\/breezespacegirl\/\">@breezespacegirl<\/a><\/strong><\/p>\n<p style=\"clear: both;\"><a href=\"http:\/\/www.sinprofaz.org.br\/2016\/wp-content\/uploads\/2021\/02\/Hymba-Norte.jpeg\"><img loading=\"lazy\" decoding=\"async\" class=\"alignnone size-medium wp-image-12704\" style=\"float: left; margin: 10px;\" src=\"http:\/\/www.sinprofaz.org.br\/2016\/wp-content\/uploads\/2021\/02\/Hymba-Norte-238x300.jpeg\" alt=\"\" width=\"238\" height=\"300\" srcset=\"https:\/\/sinprofaz.org.br\/2024\/wp-content\/uploads\/2021\/02\/Hymba-Norte-238x300.jpeg 238w, https:\/\/sinprofaz.org.br\/2024\/wp-content\/uploads\/2021\/02\/Hymba-Norte-768x967.jpeg 768w, https:\/\/sinprofaz.org.br\/2024\/wp-content\/uploads\/2021\/02\/Hymba-Norte-813x1024.jpeg 813w, https:\/\/sinprofaz.org.br\/2024\/wp-content\/uploads\/2021\/02\/Hymba-Norte-315x397.jpeg 315w, https:\/\/sinprofaz.org.br\/2024\/wp-content\/uploads\/2021\/02\/Hymba-Norte-218x274.jpeg 218w, https:\/\/sinprofaz.org.br\/2024\/wp-content\/uploads\/2021\/02\/Hymba-Norte.jpeg 935w\" sizes=\"(max-width: 238px) 100vw, 238px\" \/><\/a><br \/>\n<em>Regi\u00e3o Norte<\/em><br \/>\n<strong>Hymba<\/strong><br \/>\nTem 17 anos e pertence \u00e0 etnia Sater\u00e9-Maw\u00e9 (origin\u00e1rios da regi\u00e3o do baixo Rio Amazonas). Autodidata, come\u00e7ou realizando, na aldeia, pinturas corporais com tinta de jenipapo e, desde que passou a viver na Associa\u00e7\u00e3o das Mulheres Ind\u00edgenas Sater\u00e9-Maw\u00e9 &#8211; AMISM, faz pinturas em tecidos, m\u00e1scaras e camisetas.<br \/>\n<strong>Ilustra\u00e7\u00e3o para o SINPROFAZ: <a href=\"https:\/\/www.sinprofaz.org.br\/pdfs\/hymba-satere-mawe.pdf\">http:\/\/bit.ly\/HymbaSater\u00e9Maw\u00e9<\/a><\/strong><br \/>\n<strong>Siga no Instagram: <a href=\"https:\/\/www.instagram.com\/hymba_sateremawe\/\">@hymba_sateremawe<\/a><\/strong><\/p>\n<p style=\"clear: both;\"><a href=\"http:\/\/www.sinprofaz.org.br\/2016\/wp-content\/uploads\/2021\/02\/Isadora-Portella-Centro-Oeste.jpg\"><img loading=\"lazy\" decoding=\"async\" class=\"alignnone size-medium wp-image-12703\" style=\"float: left; margin: 10px;\" src=\"http:\/\/www.sinprofaz.org.br\/2016\/wp-content\/uploads\/2021\/02\/Isadora-Portella-Centro-Oeste-291x300.jpg\" alt=\"\" width=\"291\" height=\"300\" srcset=\"https:\/\/sinprofaz.org.br\/2024\/wp-content\/uploads\/2021\/02\/Isadora-Portella-Centro-Oeste-291x300.jpg 291w, https:\/\/sinprofaz.org.br\/2024\/wp-content\/uploads\/2021\/02\/Isadora-Portella-Centro-Oeste-768x791.jpg 768w, https:\/\/sinprofaz.org.br\/2024\/wp-content\/uploads\/2021\/02\/Isadora-Portella-Centro-Oeste-315x325.jpg 315w, https:\/\/sinprofaz.org.br\/2024\/wp-content\/uploads\/2021\/02\/Isadora-Portella-Centro-Oeste-218x225.jpg 218w, https:\/\/sinprofaz.org.br\/2024\/wp-content\/uploads\/2021\/02\/Isadora-Portella-Centro-Oeste.jpg 893w\" sizes=\"(max-width: 291px) 100vw, 291px\" \/><\/a><br \/>\n<em>Regi\u00e3o Centro-Oeste<\/em><br \/>\n<strong>Isadora Portella<\/strong><br \/>\nArtista visual goiana de 17 anos, busca representar emo\u00e7\u00f5es e a beleza feminina em suas mais variadas faces, dando \u00eanfase a elementos m\u00edsticos e florais por meio da aquarela e da acr\u00edlica com tons vibrantes e dourados.<br \/>\n<strong>Ilustra\u00e7\u00e3o para o SINPROFAZ:\u00a0<a href=\"https:\/\/www.sinprofaz.org.br\/pdfs\/isadora-portella.pdf\">http:\/\/bit.ly\/IsadoraPortella<\/a><\/strong><br \/>\n<strong>Siga no Instagram: <a href=\"https:\/\/www.instagram.com\/isadoraportellaart\/\">@isadoraportellaart<\/a><\/strong><\/p>\n<p style=\"clear: both;\"><a href=\"http:\/\/www.sinprofaz.org.br\/2016\/wp-content\/uploads\/2021\/02\/Kiara-Cabral-Sul.png\"><img loading=\"lazy\" decoding=\"async\" class=\"alignnone size-medium wp-image-12702\" style=\"float: left; margin: 10px;\" src=\"http:\/\/www.sinprofaz.org.br\/2016\/wp-content\/uploads\/2021\/02\/Kiara-Cabral-Sul-228x300.png\" alt=\"\" width=\"228\" height=\"300\" srcset=\"https:\/\/sinprofaz.org.br\/2024\/wp-content\/uploads\/2021\/02\/Kiara-Cabral-Sul-228x300.png 228w, https:\/\/sinprofaz.org.br\/2024\/wp-content\/uploads\/2021\/02\/Kiara-Cabral-Sul-768x1009.png 768w, https:\/\/sinprofaz.org.br\/2024\/wp-content\/uploads\/2021\/02\/Kiara-Cabral-Sul-779x1024.png 779w, https:\/\/sinprofaz.org.br\/2024\/wp-content\/uploads\/2021\/02\/Kiara-Cabral-Sul-315x414.png 315w, https:\/\/sinprofaz.org.br\/2024\/wp-content\/uploads\/2021\/02\/Kiara-Cabral-Sul-218x287.png 218w, https:\/\/sinprofaz.org.br\/2024\/wp-content\/uploads\/2021\/02\/Kiara-Cabral-Sul.png 824w\" sizes=\"(max-width: 228px) 100vw, 228px\" \/><\/a><br \/>\n<em>Regi\u00e3o Sul<\/em><br \/>\n<strong>Kiara Cabral<\/strong><br \/>\nPerceber toda a pot\u00eancia contradit\u00f3ria da vida exige uma dose de raz\u00e3o e o dobro de sensibilidade. A artista caminha por essa corda entre criar e ser criado, entre ser e reaprender a ser. \u00c9 graduada em Design Gr\u00e1fico pela PUCPR e especialista em Narrativas Visuais pela UTFPR.<br \/>\n<strong>Ilustra\u00e7\u00e3o para o SINPROFAZ: <a href=\"https:\/\/www.sinprofaz.org.br\/pdfs\/kiara-cabral.pdf\">http:\/\/bit.ly\/KiaraCabral<\/a><\/strong><br \/>\n<strong>Siga no Instagram: <a href=\"https:\/\/www.instagram.com\/chiaraohchiara\/\">@chiaraohchiara<\/a><\/strong><\/p>\n<p style=\"clear: both;\"><a href=\"http:\/\/www.sinprofaz.org.br\/2016\/wp-content\/uploads\/2021\/02\/Silvelena-Gomes-Nordeste.png\"><img loading=\"lazy\" decoding=\"async\" class=\"alignnone size-medium wp-image-12701\" style=\"float: left; margin: 10px;\" src=\"http:\/\/www.sinprofaz.org.br\/2016\/wp-content\/uploads\/2021\/02\/Silvelena-Gomes-Nordeste-300x300.png\" alt=\"\" width=\"300\" height=\"300\" srcset=\"https:\/\/sinprofaz.org.br\/2024\/wp-content\/uploads\/2021\/02\/Silvelena-Gomes-Nordeste-300x300.png 300w, https:\/\/sinprofaz.org.br\/2024\/wp-content\/uploads\/2021\/02\/Silvelena-Gomes-Nordeste-150x150.png 150w, https:\/\/sinprofaz.org.br\/2024\/wp-content\/uploads\/2021\/02\/Silvelena-Gomes-Nordeste-768x768.png 768w, https:\/\/sinprofaz.org.br\/2024\/wp-content\/uploads\/2021\/02\/Silvelena-Gomes-Nordeste-315x315.png 315w, https:\/\/sinprofaz.org.br\/2024\/wp-content\/uploads\/2021\/02\/Silvelena-Gomes-Nordeste-218x218.png 218w, https:\/\/sinprofaz.org.br\/2024\/wp-content\/uploads\/2021\/02\/Silvelena-Gomes-Nordeste.png 1000w\" sizes=\"(max-width: 300px) 100vw, 300px\" \/><\/a><br \/>\n<em>Regi\u00e3o Nordeste<\/em><br \/>\n<strong>Silvelena Gomes<\/strong><br \/>\nPreta e viva. Designer e ilustradora fortalezense de 26 anos, atua com as m\u00faltiplas formas de representa\u00e7\u00e3o do corpo preto nas telas, pap\u00e9is e em outros corpos, por meio de colagens digitais, ilustra\u00e7\u00f5es e tatuagens.<br \/>\n<strong>Ilustra\u00e7\u00e3o para o SINPROFAZ:\u00a0<a href=\"https:\/\/www.sinprofaz.org.br\/pdfs\/silvelena-gomes.pdf\">http:\/\/bit.ly\/Silvelena<\/a><\/strong><br \/>\n<strong>Siga no Instagram: <a href=\"https:\/\/www.instagram.com\/ilustrasil\/\">@ilustrasil<\/a><\/strong><\/p>\n","protected":false},"excerpt":{"rendered":"<p>Em homenagem \u00e0s procuradoras da Fazenda Nacional pelo Dia Internacional da Mulher, uma das a\u00e7\u00f5es propostas para o M\u00eas &#8220;PFN e G\u00eanero: Sensibiliza\u00e7\u00e3o, Conscientiza\u00e7\u00e3o e Di\u00e1logos&#8221; \u00e9 presentear as filiadas com arte feminina. Esperamos que gostem do presente!<\/p>\n","protected":false},"author":2,"featured_media":12889,"comment_status":"open","ping_status":"open","sticky":false,"template":"","format":"standard","meta":{"footnotes":""},"categories":[8],"tags":[29,146,166,25],"featured_image_url":"https:\/\/sinprofaz.org.br\/2024\/wp-content\/uploads\/2021\/03\/WhatsApp-Image-2021-03-09-at-18.15.40.jpeg","character_count":1401,"formatted_date":"19\/02\/2021 - 13:00","contentNovo":"Em homenagem \u00e0s procuradoras da Fazenda Nacional pelo Dia Internacional da Mulher, uma das a\u00e7\u00f5es propostas para o M\u00eas \"PFN e G\u00eanero: Sensibiliza\u00e7\u00e3o, Conscientiza\u00e7\u00e3o e Di\u00e1logos\" \u00e9 presentear as filiadas com arte feminina! Nessa perspectiva do projeto, o SINPROFAZ revela a import\u00e2ncia do conceito de sororidade e abre espa\u00e7o para a divulga\u00e7\u00e3o do trabalho de mulheres artistas.\r\n\r\nCinco jovens ilustradoras foram escolhidas para representar a arte origin\u00e1ria das cinco Regi\u00f5es do pa\u00eds. A pedido do SINPROFAZ, elas produziram ilustra\u00e7\u00f5es sobre o papel da mulher na sociedade moderna. Em breve, as PFNs filiadas receber\u00e3o, via Correios, cadernetas especiais com as capas ilustradas pelas artistas. Esperamos que gostem do presente!\r\n\r\nConhe\u00e7a agora as jovens artistas selecionadas e as suas produ\u00e7\u00f5es. O que essas mulheres t\u00eam em comum? O trabalho em torno da tem\u00e1tica de g\u00eanero!\r\n<p style=\"clear: both;\"><a href=\"http:\/\/www.sinprofaz.org.br\/2016\/wp-content\/uploads\/2021\/02\/Fl\u00e1via-Borges-Sudeste.jpg\"><\/a>\r\n<em>Regi\u00e3o Sudeste<\/em>\r\n<strong>Fl\u00e1via Borges<\/strong>\r\nIlustradora e quadrinista de S\u00e3o Paulo\/SP. Tem 24 anos e trabalha profissionalmente com ilustra\u00e7\u00e3o desde os 20. Seus trabalhos abordam tem\u00e1ticas como feminismo, negritude e adapta\u00e7\u00f5es visuais de m\u00fasicas.\r\n<strong>Ilustra\u00e7\u00e3o para o SINPROFAZ:\u00a0<a href=\"https:\/\/www.sinprofaz.org.br\/pdfs\/flavia-borges.pdf\">http:\/\/bit.ly\/Fl\u00e1viaBorges<\/a><\/strong>\r\n<strong>Siga no Instagram: <a href=\"https:\/\/www.instagram.com\/breezespacegirl\/\">@breezespacegirl<\/a><\/strong><\/p>\r\n<p style=\"clear: both;\"><a href=\"http:\/\/www.sinprofaz.org.br\/2016\/wp-content\/uploads\/2021\/02\/Hymba-Norte.jpeg\"><\/a>\r\n<em>Regi\u00e3o Norte<\/em>\r\n<strong>Hymba<\/strong>\r\nTem 17 anos e pertence \u00e0 etnia Sater\u00e9-Maw\u00e9 (origin\u00e1rios da regi\u00e3o do baixo Rio Amazonas). Autodidata, come\u00e7ou realizando, na aldeia, pinturas corporais com tinta de jenipapo e, desde que passou a viver na Associa\u00e7\u00e3o das Mulheres Ind\u00edgenas Sater\u00e9-Maw\u00e9 - AMISM, faz pinturas em tecidos, m\u00e1scaras e camisetas.\r\n<strong>Ilustra\u00e7\u00e3o para o SINPROFAZ: <a href=\"https:\/\/www.sinprofaz.org.br\/pdfs\/hymba-satere-mawe.pdf\">http:\/\/bit.ly\/HymbaSater\u00e9Maw\u00e9<\/a><\/strong>\r\n<strong>Siga no Instagram: <a href=\"https:\/\/www.instagram.com\/hymba_sateremawe\/\">@hymba_sateremawe<\/a><\/strong><\/p>\r\n<p style=\"clear: both;\"><a href=\"http:\/\/www.sinprofaz.org.br\/2016\/wp-content\/uploads\/2021\/02\/Isadora-Portella-Centro-Oeste.jpg\"><\/a>\r\n<em>Regi\u00e3o Centro-Oeste<\/em>\r\n<strong>Isadora Portella<\/strong>\r\nArtista visual goiana de 17 anos, busca representar emo\u00e7\u00f5es e a beleza feminina em suas mais variadas faces, dando \u00eanfase a elementos m\u00edsticos e florais por meio da aquarela e da acr\u00edlica com tons vibrantes e dourados.\r\n<strong>Ilustra\u00e7\u00e3o para o SINPROFAZ:\u00a0<a href=\"https:\/\/www.sinprofaz.org.br\/pdfs\/isadora-portella.pdf\">http:\/\/bit.ly\/IsadoraPortella<\/a><\/strong>\r\n<strong>Siga no Instagram: <a href=\"https:\/\/www.instagram.com\/isadoraportellaart\/\">@isadoraportellaart<\/a><\/strong><\/p>\r\n<p style=\"clear: both;\"><a href=\"http:\/\/www.sinprofaz.org.br\/2016\/wp-content\/uploads\/2021\/02\/Kiara-Cabral-Sul.png\"><\/a>\r\n<em>Regi\u00e3o Sul<\/em>\r\n<strong>Kiara Cabral<\/strong>\r\nPerceber toda a pot\u00eancia contradit\u00f3ria da vida exige uma dose de raz\u00e3o e o dobro de sensibilidade. A artista caminha por essa corda entre criar e ser criado, entre ser e reaprender a ser. \u00c9 graduada em Design Gr\u00e1fico pela PUCPR e especialista em Narrativas Visuais pela UTFPR.\r\n<strong>Ilustra\u00e7\u00e3o para o SINPROFAZ: <a href=\"https:\/\/www.sinprofaz.org.br\/pdfs\/kiara-cabral.pdf\">http:\/\/bit.ly\/KiaraCabral<\/a><\/strong>\r\n<strong>Siga no Instagram: <a href=\"https:\/\/www.instagram.com\/chiaraohchiara\/\">@chiaraohchiara<\/a><\/strong><\/p>\r\n<p style=\"clear: both;\"><a href=\"http:\/\/www.sinprofaz.org.br\/2016\/wp-content\/uploads\/2021\/02\/Silvelena-Gomes-Nordeste.png\"><\/a>\r\n<em>Regi\u00e3o Nordeste<\/em>\r\n<strong>Silvelena Gomes<\/strong>\r\nPreta e viva. Designer e ilustradora fortalezense de 26 anos, atua com as m\u00faltiplas formas de representa\u00e7\u00e3o do corpo preto nas telas, pap\u00e9is e em outros corpos, por meio de colagens digitais, ilustra\u00e7\u00f5es e tatuagens.\r\n<strong>Ilustra\u00e7\u00e3o para o SINPROFAZ:\u00a0<a href=\"https:\/\/www.sinprofaz.org.br\/pdfs\/silvelena-gomes.pdf\">http:\/\/bit.ly\/Silvelena<\/a><\/strong>\r\n<strong>Siga no Instagram: <a href=\"https:\/\/www.instagram.com\/ilustrasil\/\">@ilustrasil<\/a><\/strong><\/p>","_links":{"self":[{"href":"https:\/\/sinprofaz.org.br\/2024\/wp-json\/wp\/v2\/posts\/12699"}],"collection":[{"href":"https:\/\/sinprofaz.org.br\/2024\/wp-json\/wp\/v2\/posts"}],"about":[{"href":"https:\/\/sinprofaz.org.br\/2024\/wp-json\/wp\/v2\/types\/post"}],"author":[{"embeddable":true,"href":"https:\/\/sinprofaz.org.br\/2024\/wp-json\/wp\/v2\/users\/2"}],"replies":[{"embeddable":true,"href":"https:\/\/sinprofaz.org.br\/2024\/wp-json\/wp\/v2\/comments?post=12699"}],"version-history":[{"count":6,"href":"https:\/\/sinprofaz.org.br\/2024\/wp-json\/wp\/v2\/posts\/12699\/revisions"}],"predecessor-version":[{"id":12711,"href":"https:\/\/sinprofaz.org.br\/2024\/wp-json\/wp\/v2\/posts\/12699\/revisions\/12711"}],"wp:featuredmedia":[{"embeddable":true,"href":"https:\/\/sinprofaz.org.br\/2024\/wp-json\/wp\/v2\/media\/12889"}],"wp:attachment":[{"href":"https:\/\/sinprofaz.org.br\/2024\/wp-json\/wp\/v2\/media?parent=12699"}],"wp:term":[{"taxonomy":"category","embeddable":true,"href":"https:\/\/sinprofaz.org.br\/2024\/wp-json\/wp\/v2\/categories?post=12699"},{"taxonomy":"post_tag","embeddable":true,"href":"https:\/\/sinprofaz.org.br\/2024\/wp-json\/wp\/v2\/tags?post=12699"}],"curies":[{"name":"wp","href":"https:\/\/api.w.org\/{rel}","templated":true}]}}