{"id":12692,"date":"2021-02-17T12:38:58","date_gmt":"2021-02-17T15:38:58","guid":{"rendered":"http:\/\/www.sinprofaz.org.br\/?p=12692"},"modified":"2021-03-09T19:30:15","modified_gmt":"2021-03-09T22:30:15","slug":"sinprofaz-promove-debates-pertinentes-ao-dia-internacional-da-mulher","status":"publish","type":"post","link":"https:\/\/sinprofaz.org.br\/2024\/noticias\/sinprofaz-promove-debates-pertinentes-ao-dia-internacional-da-mulher\/","title":{"rendered":"SINPROFAZ PROMOVE DEBATES PERTINENTES AO DIA INTERNACIONAL DA MULHER"},"content":{"rendered":"<p>PFN e G\u00eanero: Sensibiliza\u00e7\u00e3o, Conscientiza\u00e7\u00e3o e Di\u00e1logos. Essa foi a tem\u00e1tica escolhida pelo SINPROFAZ para nortear a s\u00e9rie de eventos em celebra\u00e7\u00e3o ao Dia Internacional da Mulher, comemorado em 8 de mar\u00e7o. As segundas-feiras do m\u00eas ficar\u00e3o marcadas por debates sobre assuntos como tributa\u00e7\u00e3o, g\u00eanero, ra\u00e7a e classe, viol\u00eancia e sa\u00fade mental. As discuss\u00f5es contar\u00e3o com a participa\u00e7\u00e3o de procuradoras da Fazenda Nacional, pesquisadoras, autoridades e especialistas, que promover\u00e3o exposi\u00e7\u00f5es abertas \u00e0 Carreira e ao p\u00fablico em geral. A Programa\u00e7\u00e3o completa do M\u00eas da Mulher ser\u00e1 divulgada em breve. N\u00e3o deixe de prestigiar!<\/p>\n<p><strong>Embaixadoras e Embaixadores convidam<\/strong><br \/>\nAs iniciativas do M\u00eas tem\u00e1tico &#8220;PFN e G\u00eanero: Sensibiliza\u00e7\u00e3o, Conscientiza\u00e7\u00e3o e Di\u00e1logos&#8221; integram as a\u00e7\u00f5es do Projeto do SINPROFAZ de Sa\u00fade Mental e Qualidade de Vida na PFN. O Projeto possui Embaixadores: procuradoras e procuradores da Fazenda Nacional conscientes da import\u00e2ncia de iniciativas que promovam a sa\u00fade emocional dos integrantes da Institui\u00e7\u00e3o. Entre os Embaixadores, est\u00e3o os filiados Beatriz Pereira, Maya Lisboa, Rog\u00e9rio Campos, Lorena Narcizo e Ronaldo Prado, que gravaram v\u00eddeos convidando os Colegas para os eventos do M\u00eas. Fique atento \u00e0s redes sociais do SINPROFAZ e \u00e0 divulga\u00e7\u00e3o de cada um dos convites. Aos Embaixadores do Projeto, nosso agradecimento pelo apoio!<\/p>\n<p><strong>Incentivo \u00e0 arte feminina<\/strong><br \/>\nUma das a\u00e7\u00f5es promovidas no \u00e2mbito do M\u00eas &#8220;PFN e G\u00eanero: Sensibiliza\u00e7\u00e3o, Conscientiza\u00e7\u00e3o e Di\u00e1logos&#8221; \u00e9 o apoio do SINPROFAZ \u00e0s mulheres artistas. Nessa perspectiva do projeto, o Sindicato revela a import\u00e2ncia do conceito de sororidade e abre espa\u00e7o para divulga\u00e7\u00e3o \u00e0 Carreira da produ\u00e7\u00e3o art\u00edstica feminina. Cinco jovens ilustradoras foram escolhidas pelo SINPROFAZ para representar a arte desenvolvida nas cinco Regi\u00f5es do pa\u00eds. O que une essas artistas? O trabalho em torno da tem\u00e1tica de g\u00eanero! A pedido do SINPROFAZ, elas produziram ilustra\u00e7\u00f5es sobre o papel da mulher na sociedade moderna. Por meio das redes sociais do Sindicato, os Colegas conhecer\u00e3o as jovens artistas selecionadas e as suas produ\u00e7\u00f5es!<\/p>\n<p><strong>A perspectiva de g\u00eanero na literatura<\/strong><br \/>\nA literatura feminista n\u00e3o \u00e9 inven\u00e7\u00e3o recente. Relevantes autoras que privilegiam a perspectiva da mulher em suas obras, no entanto, ainda carecem de espa\u00e7o para divulga\u00e7\u00e3o e sensibiliza\u00e7\u00e3o de novos leitores. O SINPROFAZ levou em conta essa demanda e far\u00e1 sua parte: na ocasi\u00e3o dos debates realizados durante o M\u00eas &#8220;PFN e G\u00eanero: Sensibiliza\u00e7\u00e3o, Conscientiza\u00e7\u00e3o e Di\u00e1logos&#8221;, ser\u00e3o promovidos sorteios entre as filiadas e os filiados espectadores dos webinars. Ao longo dos eventos virtuais, os interessados pelas obras liter\u00e1rias poder\u00e3o enviar seus nomes via chat e se inscrever nos sorteios on-line, que ser\u00e3o realizados ao final dos debates.<\/p>\n<p>Conhe\u00e7a as obras a serem sorteadas:<br \/>\n&#8211; <em>A princesa salva a si mesma neste livro<\/em>, de Amanda Lovelace<br \/>\n&#8211; <em>A vida invis\u00edvel de Eur\u00eddice Gusm\u00e3o<\/em>, de Martha Batalha<br \/>\n&#8211; <em>Americanah<\/em>, de Chimamanda Ngozi Adichie<br \/>\n&#8211; <em>As av\u00f3s<\/em>, de Doris Lessing<br \/>\n&#8211; <em>Mem\u00f3rias de uma mo\u00e7a bem comportada<\/em>, de Simone De Beauvoir<br \/>\n&#8211; <em>Mulheres de minha alma<\/em>, de Isabel Allende<br \/>\n&#8211; <em>O conto da aia<\/em>, de Margaret Atwood<br \/>\n&#8211; <em>Orgulho e Preconceito<\/em>, de Jane Austen<br \/>\n&#8211; <em>Os homens explicam tudo para mim<\/em>, de Rebecca Solnit<br \/>\n&#8211; <em>Pers\u00e9polis<\/em>, de Marjane Satrapi<br \/>\n&#8211; <em>Rodopios<\/em>, de Cristianne Fortes<br \/>\n&#8211; <em>Um teto todo seu<\/em>, de Virginia Woolf<\/p>\n<p>Tem sugest\u00f5es ou d\u00favidas sobre o M\u00eas tem\u00e1tico &#8220;PFN e G\u00eanero: Sensibiliza\u00e7\u00e3o, Conscientiza\u00e7\u00e3o e Di\u00e1logos&#8221;? Envie sua mensagem para o e-mail <a href=\"saudemental@sinprofaz.org.br\">saudemental@sinprofaz.org.br<\/a>.<\/p>\n","protected":false},"excerpt":{"rendered":"<p>PFN e G\u00eanero: Sensibiliza\u00e7\u00e3o, Conscientiza\u00e7\u00e3o e Di\u00e1logos. Essa foi a tem\u00e1tica escolhida para a s\u00e9rie de eventos em celebra\u00e7\u00e3o ao Dia da Mulher. As segundas-feiras do m\u00eas ficar\u00e3o marcadas por debates sobre assuntos como viol\u00eancia e sa\u00fade mental. Leia e saiba mais!<\/p>\n","protected":false},"author":2,"featured_media":12889,"comment_status":"open","ping_status":"open","sticky":false,"template":"","format":"standard","meta":{"footnotes":""},"categories":[8],"tags":[29,146,166,25],"featured_image_url":"https:\/\/sinprofaz.org.br\/2024\/wp-content\/uploads\/2021\/03\/WhatsApp-Image-2021-03-09-at-18.15.40.jpeg","character_count":1876,"formatted_date":"17\/02\/2021 - 12:38","contentNovo":"PFN e G\u00eanero: Sensibiliza\u00e7\u00e3o, Conscientiza\u00e7\u00e3o e Di\u00e1logos. Essa foi a tem\u00e1tica escolhida pelo SINPROFAZ para nortear a s\u00e9rie de eventos em celebra\u00e7\u00e3o ao Dia Internacional da Mulher, comemorado em 8 de mar\u00e7o. As segundas-feiras do m\u00eas ficar\u00e3o marcadas por debates sobre assuntos como tributa\u00e7\u00e3o, g\u00eanero, ra\u00e7a e classe, viol\u00eancia e sa\u00fade mental. As discuss\u00f5es contar\u00e3o com a participa\u00e7\u00e3o de procuradoras da Fazenda Nacional, pesquisadoras, autoridades e especialistas, que promover\u00e3o exposi\u00e7\u00f5es abertas \u00e0 Carreira e ao p\u00fablico em geral. A Programa\u00e7\u00e3o completa do M\u00eas da Mulher ser\u00e1 divulgada em breve. N\u00e3o deixe de prestigiar!\r\n\r\n<strong>Embaixadoras e Embaixadores convidam<\/strong>\r\nAs iniciativas do M\u00eas tem\u00e1tico \"PFN e G\u00eanero: Sensibiliza\u00e7\u00e3o, Conscientiza\u00e7\u00e3o e Di\u00e1logos\" integram as a\u00e7\u00f5es do Projeto do SINPROFAZ de Sa\u00fade Mental e Qualidade de Vida na PFN. O Projeto possui Embaixadores: procuradoras e procuradores da Fazenda Nacional conscientes da import\u00e2ncia de iniciativas que promovam a sa\u00fade emocional dos integrantes da Institui\u00e7\u00e3o. Entre os Embaixadores, est\u00e3o os filiados Beatriz Pereira, Maya Lisboa, Rog\u00e9rio Campos, Lorena Narcizo e Ronaldo Prado, que gravaram v\u00eddeos convidando os Colegas para os eventos do M\u00eas. Fique atento \u00e0s redes sociais do SINPROFAZ e \u00e0 divulga\u00e7\u00e3o de cada um dos convites. Aos Embaixadores do Projeto, nosso agradecimento pelo apoio!\r\n\r\n<strong>Incentivo \u00e0 arte feminina<\/strong>\r\nUma das a\u00e7\u00f5es promovidas no \u00e2mbito do M\u00eas \"PFN e G\u00eanero: Sensibiliza\u00e7\u00e3o, Conscientiza\u00e7\u00e3o e Di\u00e1logos\" \u00e9 o apoio do SINPROFAZ \u00e0s mulheres artistas. Nessa perspectiva do projeto, o Sindicato revela a import\u00e2ncia do conceito de sororidade e abre espa\u00e7o para divulga\u00e7\u00e3o \u00e0 Carreira da produ\u00e7\u00e3o art\u00edstica feminina. Cinco jovens ilustradoras foram escolhidas pelo SINPROFAZ para representar a arte desenvolvida nas cinco Regi\u00f5es do pa\u00eds. O que une essas artistas? O trabalho em torno da tem\u00e1tica de g\u00eanero! A pedido do SINPROFAZ, elas produziram ilustra\u00e7\u00f5es sobre o papel da mulher na sociedade moderna. Por meio das redes sociais do Sindicato, os Colegas conhecer\u00e3o as jovens artistas selecionadas e as suas produ\u00e7\u00f5es!\r\n\r\n<strong>A perspectiva de g\u00eanero na literatura<\/strong>\r\nA literatura feminista n\u00e3o \u00e9 inven\u00e7\u00e3o recente. Relevantes autoras que privilegiam a perspectiva da mulher em suas obras, no entanto, ainda carecem de espa\u00e7o para divulga\u00e7\u00e3o e sensibiliza\u00e7\u00e3o de novos leitores. O SINPROFAZ levou em conta essa demanda e far\u00e1 sua parte: na ocasi\u00e3o dos debates realizados durante o M\u00eas \"PFN e G\u00eanero: Sensibiliza\u00e7\u00e3o, Conscientiza\u00e7\u00e3o e Di\u00e1logos\", ser\u00e3o promovidos sorteios entre as filiadas e os filiados espectadores dos webinars. Ao longo dos eventos virtuais, os interessados pelas obras liter\u00e1rias poder\u00e3o enviar seus nomes via chat e se inscrever nos sorteios on-line, que ser\u00e3o realizados ao final dos debates.\r\n\r\nConhe\u00e7a as obras a serem sorteadas:\r\n- <em>A princesa salva a si mesma neste livro<\/em>, de Amanda Lovelace\r\n- <em>A vida invis\u00edvel de Eur\u00eddice Gusm\u00e3o<\/em>, de Martha Batalha\r\n- <em>Americanah<\/em>, de Chimamanda Ngozi Adichie\r\n- <em>As av\u00f3s<\/em>, de Doris Lessing\r\n- <em>Mem\u00f3rias de uma mo\u00e7a bem comportada<\/em>, de Simone De Beauvoir\r\n- <em>Mulheres de minha alma<\/em>, de Isabel Allende\r\n- <em>O conto da aia<\/em>, de Margaret Atwood\r\n- <em>Orgulho e Preconceito<\/em>, de Jane Austen\r\n- <em>Os homens explicam tudo para mim<\/em>, de Rebecca Solnit\r\n- <em>Pers\u00e9polis<\/em>, de Marjane Satrapi\r\n- <em>Rodopios<\/em>, de Cristianne Fortes\r\n- <em>Um teto todo seu<\/em>, de Virginia Woolf\r\n\r\nTem sugest\u00f5es ou d\u00favidas sobre o M\u00eas tem\u00e1tico \"PFN e G\u00eanero: Sensibiliza\u00e7\u00e3o, Conscientiza\u00e7\u00e3o e Di\u00e1logos\"? Envie sua mensagem para o e-mail <a href=\"saudemental@sinprofaz.org.br\">saudemental@sinprofaz.org.br<\/a>.","_links":{"self":[{"href":"https:\/\/sinprofaz.org.br\/2024\/wp-json\/wp\/v2\/posts\/12692"}],"collection":[{"href":"https:\/\/sinprofaz.org.br\/2024\/wp-json\/wp\/v2\/posts"}],"about":[{"href":"https:\/\/sinprofaz.org.br\/2024\/wp-json\/wp\/v2\/types\/post"}],"author":[{"embeddable":true,"href":"https:\/\/sinprofaz.org.br\/2024\/wp-json\/wp\/v2\/users\/2"}],"replies":[{"embeddable":true,"href":"https:\/\/sinprofaz.org.br\/2024\/wp-json\/wp\/v2\/comments?post=12692"}],"version-history":[{"count":4,"href":"https:\/\/sinprofaz.org.br\/2024\/wp-json\/wp\/v2\/posts\/12692\/revisions"}],"predecessor-version":[{"id":12712,"href":"https:\/\/sinprofaz.org.br\/2024\/wp-json\/wp\/v2\/posts\/12692\/revisions\/12712"}],"wp:featuredmedia":[{"embeddable":true,"href":"https:\/\/sinprofaz.org.br\/2024\/wp-json\/wp\/v2\/media\/12889"}],"wp:attachment":[{"href":"https:\/\/sinprofaz.org.br\/2024\/wp-json\/wp\/v2\/media?parent=12692"}],"wp:term":[{"taxonomy":"category","embeddable":true,"href":"https:\/\/sinprofaz.org.br\/2024\/wp-json\/wp\/v2\/categories?post=12692"},{"taxonomy":"post_tag","embeddable":true,"href":"https:\/\/sinprofaz.org.br\/2024\/wp-json\/wp\/v2\/tags?post=12692"}],"curies":[{"name":"wp","href":"https:\/\/api.w.org\/{rel}","templated":true}]}}