{"id":12681,"date":"2021-02-10T16:46:10","date_gmt":"2021-02-10T19:46:10","guid":{"rendered":"http:\/\/www.sinprofaz.org.br\/?p=12681"},"modified":"2021-02-11T15:53:28","modified_gmt":"2021-02-11T18:53:28","slug":"sinprofaz-e-fonacate-debatem-valorizacao-dos-servidores-publicos","status":"publish","type":"post","link":"https:\/\/sinprofaz.org.br\/2024\/noticias\/sinprofaz-e-fonacate-debatem-valorizacao-dos-servidores-publicos\/","title":{"rendered":"SINPROFAZ E FONACATE DEBATEM VALORIZA\u00c7\u00c3O DOS SERVIDORES P\u00daBLICOS"},"content":{"rendered":"<p>O SINPROFAZ, representado pelo presidente Jos\u00e9 Ernane Brito, participou ontem (9) de Assembleia Geral Extraordin\u00e1ria convocada pelo F\u00f3rum Nacional Permanente de Carreiras T\u00edpicas de Estado &#8211; Fonacate. O encontro virtual reuniu dirigentes sindicais e associativos representantes das diversas entidades filiadas ao F\u00f3rum.<\/p>\n<p>Ao iniciarem a reuni\u00e3o, os presentes avaliaram os feedbacks relativos \u00e0 campanha do Fonacate de valoriza\u00e7\u00e3o dos servidores p\u00fablicos \u2013 para assistir ao v\u00eddeo publicit\u00e1rio veiculado pela GloboNews, acesse o Facebook do SINPROFAZ: <a href=\"https:\/\/www.facebook.com\/watch\/?v=189539592913832\">http:\/\/bit.ly\/EmDefesaDoServi\u00e7oPublico<\/a>. Tendo em vista o impacto positivo da campanha, inclusive sobre os tomadores de decis\u00e3o do Congresso Nacional, os dirigentes debateram as estrat\u00e9gias propostas pela Frente Parlamentar Mista em Defesa do Servi\u00e7o P\u00fablico (Frente Servir Brasil), que atua em parceria com o Fonacate contra as injusti\u00e7as da reforma administrativa.<\/p>\n<p>As possibilidades relacionadas \u00e0 Campanha Salarial 2021 foram apresentadas durante a Assembleia pelo Grupo de Trabalho que, desde o m\u00eas de dezembro, estuda o assunto. Para se debru\u00e7ar sobre outro tema de relev\u00e2ncia para as entidades \u2013 o projeto de Avalia\u00e7\u00e3o de Desempenho no Servi\u00e7o P\u00fablico \u2013, outro GT foi constitu\u00eddo. A PEC Emergencial (186\/2019) tamb\u00e9m foi tema de debates.<\/p>\n\n\t\t<style type=\"text\/css\">\n\t\t\t#gallery-1 {\n\t\t\t\tmargin: auto;\n\t\t\t}\n\t\t\t#gallery-1 .gallery-item {\n\t\t\t\tfloat: left;\n\t\t\t\tmargin-top: 10px;\n\t\t\t\ttext-align: center;\n\t\t\t\twidth: 33%;\n\t\t\t}\n\t\t\t#gallery-1 img {\n\t\t\t\tborder: 2px solid #cfcfcf;\n\t\t\t}\n\t\t\t#gallery-1 .gallery-caption {\n\t\t\t\tmargin-left: 0;\n\t\t\t}\n\t\t\t\/* see gallery_shortcode() in wp-includes\/media.php *\/\n\t\t<\/style>\n\t\t<div id='gallery-1' class='gallery galleryid-12681 gallery-columns-3 gallery-size-thumbnail'><dl class='gallery-item'>\n\t\t\t<dt class='gallery-icon landscape'>\n\t\t\t\t<a href='https:\/\/sinprofaz.org.br\/2024\/wp-content\/uploads\/2021\/02\/2.jpg'><img loading=\"lazy\" decoding=\"async\" width=\"150\" height=\"150\" src=\"https:\/\/sinprofaz.org.br\/2024\/wp-content\/uploads\/2021\/02\/2-150x150.jpg\" class=\"attachment-thumbnail size-thumbnail\" alt=\"\" \/><\/a>\n\t\t\t<\/dt><\/dl>\n\t\t\t<br style='clear: both' \/>\n\t\t<\/div>\n\n","protected":false},"excerpt":{"rendered":"<p>O SINPROFAZ, representado pelo presidente Jos\u00e9 Ernane Brito, participou de Assembleia Geral Extraordin\u00e1ria convocada pelo F\u00f3rum Nacional Permanente de Carreiras T\u00edpicas de Estado. O encontro virtual reuniu dirigentes sindicais representantes das entidades filiadas ao F\u00f3rum.<\/p>\n","protected":false},"author":2,"featured_media":12683,"comment_status":"open","ping_status":"open","sticky":false,"template":"","format":"standard","meta":{"footnotes":""},"categories":[8],"tags":[122,151,25],"featured_image_url":"https:\/\/sinprofaz.org.br\/2024\/wp-content\/uploads\/2021\/02\/1.jpg","character_count":844,"formatted_date":"10\/02\/2021 - 16:46","contentNovo":"O SINPROFAZ, representado pelo presidente Jos\u00e9 Ernane Brito, participou ontem (9) de Assembleia Geral Extraordin\u00e1ria convocada pelo F\u00f3rum Nacional Permanente de Carreiras T\u00edpicas de Estado - Fonacate. O encontro virtual reuniu dirigentes sindicais e associativos representantes das diversas entidades filiadas ao F\u00f3rum.\r\n\r\nAo iniciarem a reuni\u00e3o, os presentes avaliaram os feedbacks relativos \u00e0 campanha do Fonacate de valoriza\u00e7\u00e3o dos servidores p\u00fablicos \u2013 para assistir ao v\u00eddeo publicit\u00e1rio veiculado pela GloboNews, acesse o Facebook do SINPROFAZ: <a href=\"https:\/\/www.facebook.com\/watch\/?v=189539592913832\">http:\/\/bit.ly\/EmDefesaDoServi\u00e7oPublico<\/a>. Tendo em vista o impacto positivo da campanha, inclusive sobre os tomadores de decis\u00e3o do Congresso Nacional, os dirigentes debateram as estrat\u00e9gias propostas pela Frente Parlamentar Mista em Defesa do Servi\u00e7o P\u00fablico (Frente Servir Brasil), que atua em parceria com o Fonacate contra as injusti\u00e7as da reforma administrativa.\r\n\r\nAs possibilidades relacionadas \u00e0 Campanha Salarial 2021 foram apresentadas durante a Assembleia pelo Grupo de Trabalho que, desde o m\u00eas de dezembro, estuda o assunto. Para se debru\u00e7ar sobre outro tema de relev\u00e2ncia para as entidades \u2013 o projeto de Avalia\u00e7\u00e3o de Desempenho no Servi\u00e7o P\u00fablico \u2013, outro GT foi constitu\u00eddo. A PEC Emergencial (186\/2019) tamb\u00e9m foi tema de debates.\r\n\r\n[gallery link=\"file\" ids=\"12682\"]","_links":{"self":[{"href":"https:\/\/sinprofaz.org.br\/2024\/wp-json\/wp\/v2\/posts\/12681"}],"collection":[{"href":"https:\/\/sinprofaz.org.br\/2024\/wp-json\/wp\/v2\/posts"}],"about":[{"href":"https:\/\/sinprofaz.org.br\/2024\/wp-json\/wp\/v2\/types\/post"}],"author":[{"embeddable":true,"href":"https:\/\/sinprofaz.org.br\/2024\/wp-json\/wp\/v2\/users\/2"}],"replies":[{"embeddable":true,"href":"https:\/\/sinprofaz.org.br\/2024\/wp-json\/wp\/v2\/comments?post=12681"}],"version-history":[{"count":2,"href":"https:\/\/sinprofaz.org.br\/2024\/wp-json\/wp\/v2\/posts\/12681\/revisions"}],"predecessor-version":[{"id":12691,"href":"https:\/\/sinprofaz.org.br\/2024\/wp-json\/wp\/v2\/posts\/12681\/revisions\/12691"}],"wp:featuredmedia":[{"embeddable":true,"href":"https:\/\/sinprofaz.org.br\/2024\/wp-json\/wp\/v2\/media\/12683"}],"wp:attachment":[{"href":"https:\/\/sinprofaz.org.br\/2024\/wp-json\/wp\/v2\/media?parent=12681"}],"wp:term":[{"taxonomy":"category","embeddable":true,"href":"https:\/\/sinprofaz.org.br\/2024\/wp-json\/wp\/v2\/categories?post=12681"},{"taxonomy":"post_tag","embeddable":true,"href":"https:\/\/sinprofaz.org.br\/2024\/wp-json\/wp\/v2\/tags?post=12681"}],"curies":[{"name":"wp","href":"https:\/\/api.w.org\/{rel}","templated":true}]}}