{"id":1266,"date":"2013-04-25T15:55:34","date_gmt":"2013-04-25T15:55:34","guid":{"rendered":""},"modified":"-0001-11-30T00:00:00","modified_gmt":"-0001-11-30T03:00:00","slug":"continua-repercussao-na-midia-da-campanha-nacional-da-justica-fiscal","status":"publish","type":"post","link":"https:\/\/sinprofaz.org.br\/2024\/noticias\/continua-repercussao-na-midia-da-campanha-nacional-da-justica-fiscal\/","title":{"rendered":"Continua repercuss\u00e3o na m\u00eddia da Campanha Nacional da Justi\u00e7a Fiscal"},"content":{"rendered":"<p>A campanha Quanto Custa o Brasil pra Voc\u00ea? continua repercutindo na imprensa e projetando a carreira de Procurador da Fazenda Nacional bem como seu papel para garantir justi\u00e7a fiscal.<\/p>\n<p>Al\u00e9m de alertar para o peso da carga tribut\u00e1ria sobre os bens de consumo e servi\u00e7os no Brasil, a iniciativa do Sindicato tem o intuito de conscientizar a popula\u00e7\u00e3o sobre a necessidade de uma reforma tribut\u00e1ria que pese menos para consumidores e assalariados e fortale\u00e7a o combate \u00e0 sonega\u00e7\u00e3o.<\/p>\n<p>As pe\u00e7as de divulga\u00e7\u00e3o e as entrevistas concedidas pelo presidente do SINPROFAZ e outros membros da diretoria esclarecem o prop\u00f3sito da campanha: colaborar no processo de discuss\u00e3o de temas como o combate \u00e0 sonega\u00e7\u00e3o, educa\u00e7\u00e3o fiscal e reforma tribut\u00e1ria \u2013 todos de grande interesse para a sociedade brasileira.<\/p>\n<p>S\u00e3o iniciativas como essa que t\u00eam permitido aos cidad\u00e3os conhecer e reconhecer o procurador da Fazenda Nacional como um aliado da sociedade que, entre outras atribui\u00e7\u00f5es, atua junto aqueles que deixam de cumprir suas obriga\u00e7\u00f5es como contribuintes.<\/p>\n<p>Confira nos links abaixo entrevista do diretor do SINPROFAZ Jo\u00e3o Soares da Costa Neto ao programa CBN Cotidiano, ancorado pelo jornalista Bruno Filho, em Jo\u00e3o Pessoa, e tamb\u00e9m entrevista do presidente Allan Titonelli ao programa Tribuna Livre, ancorado em Bras\u00edlia pelo jornalista e advogado da Uni\u00e3o Raimundo Ribeiro.<\/p>\n<p><strong>CBN Jo\u00e3o Pessoa<\/strong><\/p>\n<p><a href=\"http:\/\/www.youtube.com\/watch?v=M6ymkIsq7wE\" target=\"_blank\">http:\/\/www.youtube.com\/watch?v=M6ymkIsq7wE<\/a><\/p>\n<p><strong>Programa Tribuna Livre (Bras\u00edlia)<\/strong><\/p>\n<p><a href=\"http:\/\/www.youtube.com\/watch?v=5983ObYzU-k\" target=\"_blank\">http:\/\/www.youtube.com\/watch?v=5983ObYzU-k<\/a><\/p>\n","protected":false},"excerpt":{"rendered":"<p>Em entrevistas, diretores do Sindicato divulgam carreira e colaboram para a conscientiza\u00e7\u00e3o tribut\u00e1ria da sociedade.<\/p>\n","protected":false},"author":1,"featured_media":0,"comment_status":"closed","ping_status":"open","sticky":false,"template":"","format":"standard","meta":{"footnotes":""},"categories":[8],"tags":[],"featured_image_url":"https:\/\/dummyimage.com\/720x400","character_count":766,"formatted_date":"25\/04\/2013 - 15:55","contentNovo":"\r\n<p>A campanha Quanto Custa o Brasil pra Voc\u00ea? continua repercutindo na imprensa e projetando a carreira de Procurador da Fazenda Nacional bem como seu papel para garantir justi\u00e7a fiscal.<\/p>\r\n<p>Al\u00e9m de alertar para o peso da carga tribut\u00e1ria sobre os bens de consumo e servi\u00e7os no Brasil, a iniciativa do Sindicato tem o intuito de conscientizar a popula\u00e7\u00e3o sobre a necessidade de uma reforma tribut\u00e1ria que pese menos para consumidores e assalariados e fortale\u00e7a o combate \u00e0 sonega\u00e7\u00e3o.<\/p>\r\n<p>As pe\u00e7as de divulga\u00e7\u00e3o e as entrevistas concedidas pelo presidente do SINPROFAZ e outros membros da diretoria esclarecem o prop\u00f3sito da campanha: colaborar no processo de discuss\u00e3o de temas como o combate \u00e0 sonega\u00e7\u00e3o, educa\u00e7\u00e3o fiscal e reforma tribut\u00e1ria \u2013 todos de grande interesse para a sociedade brasileira.<\/p>\r\n<p>S\u00e3o iniciativas como essa que t\u00eam permitido aos cidad\u00e3os conhecer e reconhecer o procurador da Fazenda Nacional como um aliado da sociedade que, entre outras atribui\u00e7\u00f5es, atua junto aqueles que deixam de cumprir suas obriga\u00e7\u00f5es como contribuintes.<\/p>\r\n<p>Confira nos links abaixo entrevista do diretor do SINPROFAZ Jo\u00e3o Soares da Costa Neto ao programa CBN Cotidiano, ancorado pelo jornalista Bruno Filho, em Jo\u00e3o Pessoa, e tamb\u00e9m entrevista do presidente Allan Titonelli ao programa Tribuna Livre, ancorado em Bras\u00edlia pelo jornalista e advogado da Uni\u00e3o Raimundo Ribeiro.<\/p>\r\n<p><strong>CBN Jo\u00e3o Pessoa<\/strong><\/p>\r\n<p><a href=\"http:\/\/www.youtube.com\/watch?v=M6ymkIsq7wE\" target=\"_blank\">http:\/\/www.youtube.com\/watch?v=M6ymkIsq7wE<\/a><\/p>\r\n<p><strong>Programa Tribuna Livre (Bras\u00edlia)<\/strong><\/p>\r\n<p><a href=\"http:\/\/www.youtube.com\/watch?v=5983ObYzU-k\" target=\"_blank\">http:\/\/www.youtube.com\/watch?v=5983ObYzU-k<\/a><\/p>","_links":{"self":[{"href":"https:\/\/sinprofaz.org.br\/2024\/wp-json\/wp\/v2\/posts\/1266"}],"collection":[{"href":"https:\/\/sinprofaz.org.br\/2024\/wp-json\/wp\/v2\/posts"}],"about":[{"href":"https:\/\/sinprofaz.org.br\/2024\/wp-json\/wp\/v2\/types\/post"}],"author":[{"embeddable":true,"href":"https:\/\/sinprofaz.org.br\/2024\/wp-json\/wp\/v2\/users\/1"}],"replies":[{"embeddable":true,"href":"https:\/\/sinprofaz.org.br\/2024\/wp-json\/wp\/v2\/comments?post=1266"}],"version-history":[{"count":0,"href":"https:\/\/sinprofaz.org.br\/2024\/wp-json\/wp\/v2\/posts\/1266\/revisions"}],"wp:attachment":[{"href":"https:\/\/sinprofaz.org.br\/2024\/wp-json\/wp\/v2\/media?parent=1266"}],"wp:term":[{"taxonomy":"category","embeddable":true,"href":"https:\/\/sinprofaz.org.br\/2024\/wp-json\/wp\/v2\/categories?post=1266"},{"taxonomy":"post_tag","embeddable":true,"href":"https:\/\/sinprofaz.org.br\/2024\/wp-json\/wp\/v2\/tags?post=1266"}],"curies":[{"name":"wp","href":"https:\/\/api.w.org\/{rel}","templated":true}]}}