{"id":1263,"date":"2013-04-24T13:33:34","date_gmt":"2013-04-24T13:33:34","guid":{"rendered":""},"modified":"-0001-11-30T00:00:00","modified_gmt":"-0001-11-30T03:00:00","slug":"sinprofaz-colabora-com-debate-sobre-defesa-de-prerrogativas","status":"publish","type":"post","link":"https:\/\/sinprofaz.org.br\/2024\/noticias\/sinprofaz-colabora-com-debate-sobre-defesa-de-prerrogativas\/","title":{"rendered":"SINPROFAZ colabora com debate sobre defesa de prerrogativas"},"content":{"rendered":"<p>No texto, Titonelli refor\u00e7a ser imprescind\u00edvel proteger a independ\u00eancia t\u00e9cnica do advogado para o exerc\u00edcio das atribui\u00e7\u00f5es \u00ednsitas \u00e0 advocacia, garantindo a promo\u00e7\u00e3o da Justi\u00e7a com liberdade e igualdade. Atribui\u00e7\u00f5es essas que est\u00e3o atreladas \u00e0 defesa do Estado Democr\u00e1tico de Direito e dos cidad\u00e3os.<\/p>\n<p>Mais especificamente sobre a Advocacia P\u00fablica, \u00f3rg\u00e3o t\u00e9cnico capaz de prestar aux\u00edlio ao governante e ao mesmo tempo resguardar os interesses sociais, \u00e9 fundamental garantir essa liberdade atrav\u00e9s da inviolabilidade no exerc\u00edcio da fun\u00e7\u00e3o, alerta Allan Titonelli no artigo. \u201cEssa ferramenta \u00e9 indispens\u00e1vel para o exerc\u00edcio de suas compet\u00eancias de maneira isenta e t\u00e9cnica, impedindo a interven\u00e7\u00e3o que possa macular a independ\u00eancia profissional e indispens\u00e1vel para que a atividade tenha como \u00fanico desiderato o interesse p\u00fablico\u201d.<\/p>\n<p>Leia a \u00edntegra do artigo:<\/p>\n<p><a title=\"CONJUR\" href=\"http:\/\/www.conjur.com.br\/2013-abr-24\/independencia-tecnica-advogado-representa-garantia-cidadao\" target=\"_blank\">http:\/\/www.conjur.com.br\/2013-abr-24\/independencia-tecnica-advogado-representa-garantia-cidadao<\/a><\/p>\n","protected":false},"excerpt":{"rendered":"<p>Em artigo publicado no Conjur, presidente do SINPROFAZ defende que independ\u00eancia t\u00e9cnica do advogado \u00e9 garantia ao cidad\u00e3o.<\/p>\n","protected":false},"author":1,"featured_media":0,"comment_status":"closed","ping_status":"open","sticky":false,"template":"","format":"standard","meta":{"footnotes":""},"categories":[8],"tags":[],"featured_image_url":"https:\/\/dummyimage.com\/720x400","character_count":501,"formatted_date":"24\/04\/2013 - 13:33","contentNovo":"\r\n<p>No texto, Titonelli refor\u00e7a ser imprescind\u00edvel proteger a independ\u00eancia t\u00e9cnica do advogado para o exerc\u00edcio das atribui\u00e7\u00f5es \u00ednsitas \u00e0 advocacia, garantindo a promo\u00e7\u00e3o da Justi\u00e7a com liberdade e igualdade. Atribui\u00e7\u00f5es essas que est\u00e3o atreladas \u00e0 defesa do Estado Democr\u00e1tico de Direito e dos cidad\u00e3os.<\/p>\r\n<p>Mais especificamente sobre a Advocacia P\u00fablica, \u00f3rg\u00e3o t\u00e9cnico capaz de prestar aux\u00edlio ao governante e ao mesmo tempo resguardar os interesses sociais, \u00e9 fundamental garantir essa liberdade atrav\u00e9s da inviolabilidade no exerc\u00edcio da fun\u00e7\u00e3o, alerta Allan Titonelli no artigo. \u201cEssa ferramenta \u00e9 indispens\u00e1vel para o exerc\u00edcio de suas compet\u00eancias de maneira isenta e t\u00e9cnica, impedindo a interven\u00e7\u00e3o que possa macular a independ\u00eancia profissional e indispens\u00e1vel para que a atividade tenha como \u00fanico desiderato o interesse p\u00fablico\u201d.<\/p>\r\n<p>Leia a \u00edntegra do artigo:<\/p>\r\n<p><a title=\"CONJUR\" href=\"http:\/\/www.conjur.com.br\/2013-abr-24\/independencia-tecnica-advogado-representa-garantia-cidadao\" target=\"_blank\">http:\/\/www.conjur.com.br\/2013-abr-24\/independencia-tecnica-advogado-representa-garantia-cidadao<\/a><\/p>","_links":{"self":[{"href":"https:\/\/sinprofaz.org.br\/2024\/wp-json\/wp\/v2\/posts\/1263"}],"collection":[{"href":"https:\/\/sinprofaz.org.br\/2024\/wp-json\/wp\/v2\/posts"}],"about":[{"href":"https:\/\/sinprofaz.org.br\/2024\/wp-json\/wp\/v2\/types\/post"}],"author":[{"embeddable":true,"href":"https:\/\/sinprofaz.org.br\/2024\/wp-json\/wp\/v2\/users\/1"}],"replies":[{"embeddable":true,"href":"https:\/\/sinprofaz.org.br\/2024\/wp-json\/wp\/v2\/comments?post=1263"}],"version-history":[{"count":0,"href":"https:\/\/sinprofaz.org.br\/2024\/wp-json\/wp\/v2\/posts\/1263\/revisions"}],"wp:attachment":[{"href":"https:\/\/sinprofaz.org.br\/2024\/wp-json\/wp\/v2\/media?parent=1263"}],"wp:term":[{"taxonomy":"category","embeddable":true,"href":"https:\/\/sinprofaz.org.br\/2024\/wp-json\/wp\/v2\/categories?post=1263"},{"taxonomy":"post_tag","embeddable":true,"href":"https:\/\/sinprofaz.org.br\/2024\/wp-json\/wp\/v2\/tags?post=1263"}],"curies":[{"name":"wp","href":"https:\/\/api.w.org\/{rel}","templated":true}]}}