{"id":12605,"date":"2021-01-27T16:03:30","date_gmt":"2021-01-27T19:03:30","guid":{"rendered":"http:\/\/www.sinprofaz.org.br\/?p=12605"},"modified":"2021-01-28T16:27:15","modified_gmt":"2021-01-28T19:27:15","slug":"diretor-do-sinprofaz-se-reune-com-presidente-da-oab-felipe-santa-cruz","status":"publish","type":"post","link":"https:\/\/sinprofaz.org.br\/2024\/noticias\/diretor-do-sinprofaz-se-reune-com-presidente-da-oab-felipe-santa-cruz\/","title":{"rendered":"DIRETOR DO SINPROFAZ SE RE\u00daNE COM PRESIDENTE DA OAB, FELIPE SANTA CRUZ"},"content":{"rendered":"<p>O SINPROFAZ, representado pelo diretor Achilles Frias, presidente do F\u00f3rum Nacional da Advocacia P\u00fablica Federal, participou hoje (27) de reuni\u00e3o com o presidente do Conselho Federal da Ordem dos Advogados do Brasil, Felipe Santa Cruz. O encontro virtual contou com a presen\u00e7a de entidades representativas da Advocacia P\u00fablica em n\u00edvel federal, estadual e municipal que, alinhadas ao SINPROFAZ, enfatizaram a necessidade de defesa das prerrogativas das carreiras.<\/p>\n<p>Na ocasi\u00e3o, Achilles Frias abordou os pleitos dos advogados p\u00fablicos federais, em especial as quest\u00f5es de interesse dos PFNs, no que contou com o apoio e o respaldo do presidente do CFOAB. Temas como a reforma administrativa e a legitimidade dos advogados p\u00fablicos para propor a\u00e7\u00f5es de improbidade foram discutidos durante o encontro virtual. Quanto ao segundo tema, Achilles Frias ressaltou que &#8220;as a\u00e7\u00f5es de improbidade propostas pelos Membros da AGU s\u00e3o muito bem estudadas, sendo analisadas, inclusive, por \u00f3rg\u00e3os espec\u00edficos e muito capacitados. Tanto \u00e9 assim que as referidas a\u00e7\u00f5es contam com enorme \u00eaxito estatisticamente comprovado&#8221;.<\/p>\n<p>Ao comentar as exposi\u00e7\u00f5es dos dirigentes associativos, Felipe Santa Cruz reafirmou seu compromisso e o da Ordem com as lutas da Advocacia P\u00fablica e destacou a import\u00e2ncia do alinhamento e da uni\u00e3o entre OAB e entidades. &#8220;S\u00f3 h\u00e1 uma Advocacia. A defesa das prerrogativas dos advogados p\u00fablicos \u00e9 a defesa de todos os advogados. Coloco-me absolutamente \u00e0 inteira disposi\u00e7\u00e3o dos Colegas para que este seja mais um ano de vit\u00f3rias.&#8221; Ao longo da reuni\u00e3o, os presentes lembraram os resultados alcan\u00e7ados pela Advocacia P\u00fablica gra\u00e7as \u00e0 parceria e ao empenho da OAB, cuja relev\u00e2ncia vai al\u00e9m da defesa corporativa devido ao importante papel pol\u00edtico e institucional que desempenha.<\/p>\n\n\t\t<style type=\"text\/css\">\n\t\t\t#gallery-1 {\n\t\t\t\tmargin: auto;\n\t\t\t}\n\t\t\t#gallery-1 .gallery-item {\n\t\t\t\tfloat: left;\n\t\t\t\tmargin-top: 10px;\n\t\t\t\ttext-align: center;\n\t\t\t\twidth: 33%;\n\t\t\t}\n\t\t\t#gallery-1 img {\n\t\t\t\tborder: 2px solid #cfcfcf;\n\t\t\t}\n\t\t\t#gallery-1 .gallery-caption {\n\t\t\t\tmargin-left: 0;\n\t\t\t}\n\t\t\t\/* see gallery_shortcode() in wp-includes\/media.php *\/\n\t\t<\/style>\n\t\t<div id='gallery-1' class='gallery galleryid-12605 gallery-columns-3 gallery-size-thumbnail'><dl class='gallery-item'>\n\t\t\t<dt class='gallery-icon landscape'>\n\t\t\t\t<a href='https:\/\/sinprofaz.org.br\/2024\/wp-content\/uploads\/2021\/01\/OAB2.jpg'><img loading=\"lazy\" decoding=\"async\" width=\"150\" height=\"150\" src=\"https:\/\/sinprofaz.org.br\/2024\/wp-content\/uploads\/2021\/01\/OAB2-150x150.jpg\" class=\"attachment-thumbnail size-thumbnail\" alt=\"\" \/><\/a>\n\t\t\t<\/dt><\/dl><dl class='gallery-item'>\n\t\t\t<dt class='gallery-icon landscape'>\n\t\t\t\t<a href='https:\/\/sinprofaz.org.br\/2024\/wp-content\/uploads\/2021\/01\/OAB3.jpg'><img loading=\"lazy\" decoding=\"async\" width=\"150\" height=\"150\" src=\"https:\/\/sinprofaz.org.br\/2024\/wp-content\/uploads\/2021\/01\/OAB3-150x150.jpg\" class=\"attachment-thumbnail size-thumbnail\" alt=\"\" \/><\/a>\n\t\t\t<\/dt><\/dl>\n\t\t\t<br style='clear: both' \/>\n\t\t<\/div>\n\n<p>&nbsp;<\/p>\n","protected":false},"excerpt":{"rendered":"<p>Achilles Frias, presidente do F\u00f3rum Nacional da Advocacia P\u00fablica Federal, participou hoje de reuni\u00e3o com o presidente do CFOAB, Felipe Santa Cruz. O encontro contou com a presen\u00e7a de entidades representativas da Advocacia P\u00fablica em n\u00edvel federal, estadual e municipal.<\/p>\n","protected":false},"author":2,"featured_media":12606,"comment_status":"open","ping_status":"open","sticky":false,"template":"","format":"standard","meta":{"footnotes":""},"categories":[8],"tags":[137,22,25],"featured_image_url":"https:\/\/sinprofaz.org.br\/2024\/wp-content\/uploads\/2021\/01\/OAB1-e1611774071151.jpg","character_count":1111,"formatted_date":"27\/01\/2021 - 16:03","contentNovo":"O SINPROFAZ, representado pelo diretor Achilles Frias, presidente do F\u00f3rum Nacional da Advocacia P\u00fablica Federal, participou hoje (27) de reuni\u00e3o com o presidente do Conselho Federal da Ordem dos Advogados do Brasil, Felipe Santa Cruz. O encontro virtual contou com a presen\u00e7a de entidades representativas da Advocacia P\u00fablica em n\u00edvel federal, estadual e municipal que, alinhadas ao SINPROFAZ, enfatizaram a necessidade de defesa das prerrogativas das carreiras.\r\n\r\nNa ocasi\u00e3o, Achilles Frias abordou os pleitos dos advogados p\u00fablicos federais, em especial as quest\u00f5es de interesse dos PFNs, no que contou com o apoio e o respaldo do presidente do CFOAB. Temas como a reforma administrativa e a legitimidade dos advogados p\u00fablicos para propor a\u00e7\u00f5es de improbidade foram discutidos durante o encontro virtual. Quanto ao segundo tema, Achilles Frias ressaltou que \"as a\u00e7\u00f5es de improbidade propostas pelos Membros da AGU s\u00e3o muito bem estudadas, sendo analisadas, inclusive, por \u00f3rg\u00e3os espec\u00edficos e muito capacitados. Tanto \u00e9 assim que as referidas a\u00e7\u00f5es contam com enorme \u00eaxito estatisticamente comprovado\".\r\n\r\nAo comentar as exposi\u00e7\u00f5es dos dirigentes associativos, Felipe Santa Cruz reafirmou seu compromisso e o da Ordem com as lutas da Advocacia P\u00fablica e destacou a import\u00e2ncia do alinhamento e da uni\u00e3o entre OAB e entidades. \"S\u00f3 h\u00e1 uma Advocacia. A defesa das prerrogativas dos advogados p\u00fablicos \u00e9 a defesa de todos os advogados. Coloco-me absolutamente \u00e0 inteira disposi\u00e7\u00e3o dos Colegas para que este seja mais um ano de vit\u00f3rias.\" Ao longo da reuni\u00e3o, os presentes lembraram os resultados alcan\u00e7ados pela Advocacia P\u00fablica gra\u00e7as \u00e0 parceria e ao empenho da OAB, cuja relev\u00e2ncia vai al\u00e9m da defesa corporativa devido ao importante papel pol\u00edtico e institucional que desempenha.\r\n\r\n[gallery link=\"file\" ids=\"12607,12608\"]\r\n\r\n&nbsp;","_links":{"self":[{"href":"https:\/\/sinprofaz.org.br\/2024\/wp-json\/wp\/v2\/posts\/12605"}],"collection":[{"href":"https:\/\/sinprofaz.org.br\/2024\/wp-json\/wp\/v2\/posts"}],"about":[{"href":"https:\/\/sinprofaz.org.br\/2024\/wp-json\/wp\/v2\/types\/post"}],"author":[{"embeddable":true,"href":"https:\/\/sinprofaz.org.br\/2024\/wp-json\/wp\/v2\/users\/2"}],"replies":[{"embeddable":true,"href":"https:\/\/sinprofaz.org.br\/2024\/wp-json\/wp\/v2\/comments?post=12605"}],"version-history":[{"count":3,"href":"https:\/\/sinprofaz.org.br\/2024\/wp-json\/wp\/v2\/posts\/12605\/revisions"}],"predecessor-version":[{"id":12629,"href":"https:\/\/sinprofaz.org.br\/2024\/wp-json\/wp\/v2\/posts\/12605\/revisions\/12629"}],"wp:featuredmedia":[{"embeddable":true,"href":"https:\/\/sinprofaz.org.br\/2024\/wp-json\/wp\/v2\/media\/12606"}],"wp:attachment":[{"href":"https:\/\/sinprofaz.org.br\/2024\/wp-json\/wp\/v2\/media?parent=12605"}],"wp:term":[{"taxonomy":"category","embeddable":true,"href":"https:\/\/sinprofaz.org.br\/2024\/wp-json\/wp\/v2\/categories?post=12605"},{"taxonomy":"post_tag","embeddable":true,"href":"https:\/\/sinprofaz.org.br\/2024\/wp-json\/wp\/v2\/tags?post=12605"}],"curies":[{"name":"wp","href":"https:\/\/api.w.org\/{rel}","templated":true}]}}