{"id":12524,"date":"2021-01-13T13:43:39","date_gmt":"2021-01-13T16:43:39","guid":{"rendered":"http:\/\/www.sinprofaz.org.br\/?p=12524"},"modified":"2021-01-14T10:22:56","modified_gmt":"2021-01-14T13:22:56","slug":"claudio-seefelder-e-rogerio-campos-lancam-obra-coletiva-sobre-transacao-tributaria","status":"publish","type":"post","link":"https:\/\/sinprofaz.org.br\/2024\/noticias\/claudio-seefelder-e-rogerio-campos-lancam-obra-coletiva-sobre-transacao-tributaria\/","title":{"rendered":"CLAUDIO SEEFELDER E ROG\u00c9RIO CAMPOS LAN\u00c7AM OBRA COLETIVA SOBRE TRANSA\u00c7\u00c3O TRIBUT\u00c1RIA"},"content":{"rendered":"<p>\u201cComent\u00e1rios sobre Transa\u00e7\u00e3o Tribut\u00e1ria&#8221; \u00e9 o t\u00edtulo da mais nova obra coletiva coordenada, entre outros, pelos filiados Claudio Seefelder e Rog\u00e9rio Campos. Alinhada aos ideais de converg\u00eancia e consensualidade que viabilizaram o avan\u00e7o promovido pela Lei 13.988\/2020, a publica\u00e7\u00e3o prop\u00f5e a an\u00e1lise de pontos espec\u00edficos, inexplorados ou, ainda, controvertidos relacionados ao marco legal da transa\u00e7\u00e3o tribut\u00e1ria. A obra conta com pref\u00e1cios dos ministros Luiz Fux, do Supremo Tribunal Federal, e Gurgel de Faria, do Superior Tribunal de Justi\u00e7a.<\/p>\n<p>As an\u00e1lises constantes da publica\u00e7\u00e3o foram desenvolvidas sob os pontos de vista de representantes da administra\u00e7\u00e3o tribut\u00e1ria e dos contribuintes. S\u00e3o 35 diferentes autores, entre os quais est\u00e3o procuradores da Fazenda Nacional, advogados p\u00fablicos e privados, juristas e magistrados respons\u00e1veis pela formula\u00e7\u00e3o da Medida Provis\u00f3ria 899\/2020 \u2013 que resultou na Lei de Transa\u00e7\u00e3o \u2013, al\u00e9m de outros profissionais e estudiosos da tem\u00e1tica central do livro. Juntos, os autores lan\u00e7am luz sobre temas pertinentes \u00e0 regulamenta\u00e7\u00e3o, cujo paradigma tem sido replicado por estados e munic\u00edpios.<\/p>\n<p>Para al\u00e9m das discuss\u00f5es acad\u00eamicas, a obra \u201cComent\u00e1rios sobre Transa\u00e7\u00e3o Tribut\u00e1ria&#8221; enfrenta problemas e situa\u00e7\u00f5es pr\u00e1ticas da rela\u00e7\u00e3o entre fisco e contribuinte, que, descortinados pelo novo marco legal, devem estar sob o radar dos procuradores da Fazenda Nacional. A pr\u00e9-venda da obra, editada pela Thomson Reuters &#8211; Revista dos Tribunais, deve ocorrer em fevereiro. O lan\u00e7amento da publica\u00e7\u00e3o est\u00e1 previsto para o m\u00eas de mar\u00e7o. O SINPROFAZ parabeniza os filiados Claudio Seefelder e Rog\u00e9rio Campos pelo vanguardismo da obra, assim como o PFN Carlos Alexandre Torres, diretor do Sindicato e autor de um dos artigos!<\/p>\n","protected":false},"excerpt":{"rendered":"<p>Alinhada aos ideais de converg\u00eancia e consensualidade que viabilizaram o avan\u00e7o promovido pela Lei 13.988\/2020, a publica\u00e7\u00e3o prop\u00f5e a an\u00e1lise de pontos espec\u00edficos, inexplorados e controvertidos relacionados ao marco legal da transa\u00e7\u00e3o. <\/p>\n","protected":false},"author":2,"featured_media":12525,"comment_status":"open","ping_status":"open","sticky":false,"template":"","format":"standard","meta":{"footnotes":""},"categories":[8],"tags":[32,121,25],"featured_image_url":"https:\/\/sinprofaz.org.br\/2024\/wp-content\/uploads\/2021\/01\/nota-sinprofaz-1-1.jpg","character_count":918,"formatted_date":"13\/01\/2021 - 13:43","contentNovo":"\u201cComent\u00e1rios sobre Transa\u00e7\u00e3o Tribut\u00e1ria\" \u00e9 o t\u00edtulo da mais nova obra coletiva coordenada, entre outros, pelos filiados Claudio Seefelder e Rog\u00e9rio Campos. Alinhada aos ideais de converg\u00eancia e consensualidade que viabilizaram o avan\u00e7o promovido pela Lei 13.988\/2020, a publica\u00e7\u00e3o prop\u00f5e a an\u00e1lise de pontos espec\u00edficos, inexplorados ou, ainda, controvertidos relacionados ao marco legal da transa\u00e7\u00e3o tribut\u00e1ria. A obra conta com pref\u00e1cios dos ministros Luiz Fux, do Supremo Tribunal Federal, e Gurgel de Faria, do Superior Tribunal de Justi\u00e7a.\r\n\r\nAs an\u00e1lises constantes da publica\u00e7\u00e3o foram desenvolvidas sob os pontos de vista de representantes da administra\u00e7\u00e3o tribut\u00e1ria e dos contribuintes. S\u00e3o 35 diferentes autores, entre os quais est\u00e3o procuradores da Fazenda Nacional, advogados p\u00fablicos e privados, juristas e magistrados respons\u00e1veis pela formula\u00e7\u00e3o da Medida Provis\u00f3ria 899\/2020 \u2013 que resultou na Lei de Transa\u00e7\u00e3o \u2013, al\u00e9m de outros profissionais e estudiosos da tem\u00e1tica central do livro. Juntos, os autores lan\u00e7am luz sobre temas pertinentes \u00e0 regulamenta\u00e7\u00e3o, cujo paradigma tem sido replicado por estados e munic\u00edpios.\r\n\r\nPara al\u00e9m das discuss\u00f5es acad\u00eamicas, a obra \u201cComent\u00e1rios sobre Transa\u00e7\u00e3o Tribut\u00e1ria\" enfrenta problemas e situa\u00e7\u00f5es pr\u00e1ticas da rela\u00e7\u00e3o entre fisco e contribuinte, que, descortinados pelo novo marco legal, devem estar sob o radar dos procuradores da Fazenda Nacional. A pr\u00e9-venda da obra, editada pela Thomson Reuters - Revista dos Tribunais, deve ocorrer em fevereiro. O lan\u00e7amento da publica\u00e7\u00e3o est\u00e1 previsto para o m\u00eas de mar\u00e7o. O SINPROFAZ parabeniza os filiados Claudio Seefelder e Rog\u00e9rio Campos pelo vanguardismo da obra, assim como o PFN Carlos Alexandre Torres, diretor do Sindicato e autor de um dos artigos!","_links":{"self":[{"href":"https:\/\/sinprofaz.org.br\/2024\/wp-json\/wp\/v2\/posts\/12524"}],"collection":[{"href":"https:\/\/sinprofaz.org.br\/2024\/wp-json\/wp\/v2\/posts"}],"about":[{"href":"https:\/\/sinprofaz.org.br\/2024\/wp-json\/wp\/v2\/types\/post"}],"author":[{"embeddable":true,"href":"https:\/\/sinprofaz.org.br\/2024\/wp-json\/wp\/v2\/users\/2"}],"replies":[{"embeddable":true,"href":"https:\/\/sinprofaz.org.br\/2024\/wp-json\/wp\/v2\/comments?post=12524"}],"version-history":[{"count":3,"href":"https:\/\/sinprofaz.org.br\/2024\/wp-json\/wp\/v2\/posts\/12524\/revisions"}],"predecessor-version":[{"id":12531,"href":"https:\/\/sinprofaz.org.br\/2024\/wp-json\/wp\/v2\/posts\/12524\/revisions\/12531"}],"wp:featuredmedia":[{"embeddable":true,"href":"https:\/\/sinprofaz.org.br\/2024\/wp-json\/wp\/v2\/media\/12525"}],"wp:attachment":[{"href":"https:\/\/sinprofaz.org.br\/2024\/wp-json\/wp\/v2\/media?parent=12524"}],"wp:term":[{"taxonomy":"category","embeddable":true,"href":"https:\/\/sinprofaz.org.br\/2024\/wp-json\/wp\/v2\/categories?post=12524"},{"taxonomy":"post_tag","embeddable":true,"href":"https:\/\/sinprofaz.org.br\/2024\/wp-json\/wp\/v2\/tags?post=12524"}],"curies":[{"name":"wp","href":"https:\/\/api.w.org\/{rel}","templated":true}]}}