{"id":12502,"date":"2021-01-07T15:53:54","date_gmt":"2021-01-07T18:53:54","guid":{"rendered":"http:\/\/www.sinprofaz.org.br\/?p=12502"},"modified":"2021-01-08T09:28:23","modified_gmt":"2021-01-08T12:28:23","slug":"divulgados-os-vencedores-dos-sorteios-dos-dois-macbook-air-confira","status":"publish","type":"post","link":"https:\/\/sinprofaz.org.br\/2024\/noticias\/divulgados-os-vencedores-dos-sorteios-dos-dois-macbook-air-confira\/","title":{"rendered":"DIVULGADOS OS VENCEDORES DOS SORTEIOS DOS DOIS MACBOOK AIR. CONFIRA!"},"content":{"rendered":"<p>Os filiados que responderam ao Diagn\u00f3stico Epidemiol\u00f3gico de Sa\u00fade Mental e Qualidade de Vida e de Trabalho na PFN concorreram a dois MacBook Air! Confira os vencedores:<\/p>\n<p>1. Jos\u00e9 Lamy de Miranda Neto, lotado em Belo Horizonte\/MG<br \/>\n2. C\u00e9sar Richa Teixeira Ananias Menezes, lotado em S\u00e3o Paulo\/SP<\/p>\n<p>A Diretoria do SINPROFAZ agradece a ampla participa\u00e7\u00e3o dos Procuradores da Fazenda Nacional. Os resultados da pesquisa, contendo a percep\u00e7\u00e3o coletiva a respeito das quest\u00f5es que afetam o cotidiano laboral dos PFNs, ser\u00e3o agora analisados pela empresa respons\u00e1vel pelo Diagn\u00f3stico e oportunamente divulgados \u00e0 toda a Carreira.<\/p>\n<p>O SINPROFAZ informa: o Diagn\u00f3stico continua aberto \u00e0 participa\u00e7\u00e3o dos Servidores e Terceirizados da PFN! Compartilhe o link <a href=\"https:\/\/www.saudemental.sinprofaz.org.br\/\">www.saudemental.sinprofaz.org.br<\/a> com os colaboradores de sua Unidade e incentive a participa\u00e7\u00e3o. Quanto maior a quantidade de respostas, maior a precis\u00e3o com que ser\u00e1 avaliado o cen\u00e1rio da sa\u00fade mental na Institui\u00e7\u00e3o.<\/p>\n","protected":false},"excerpt":{"rendered":"<p>Os Procuradores da Fazenda filiados que responderam ao Diagn\u00f3stico de Sa\u00fade Mental na PFN concorreram a dois MacBook Air! Confira os vencedores: Jos\u00e9 Lamy de Miranda Neto, lotado em Belo Horizonte\/MG, e C\u00e9sar Richa Teixeira Ananias Menezes, lotado em S\u00e3o Paulo\/SP.<\/p>\n","protected":false},"author":2,"featured_media":12208,"comment_status":"open","ping_status":"open","sticky":false,"template":"","format":"standard","meta":{"footnotes":""},"categories":[8],"tags":[32,127,146,25],"featured_image_url":"https:\/\/sinprofaz.org.br\/2024\/wp-content\/uploads\/2020\/11\/diagnostico-epdemiologico.jpg","character_count":494,"formatted_date":"07\/01\/2021 - 15:53","contentNovo":"Os filiados que responderam ao Diagn\u00f3stico Epidemiol\u00f3gico de Sa\u00fade Mental e Qualidade de Vida e de Trabalho na PFN concorreram a dois MacBook Air! Confira os vencedores:\r\n\r\n1. Jos\u00e9 Lamy de Miranda Neto, lotado em Belo Horizonte\/MG\r\n2. C\u00e9sar Richa Teixeira Ananias Menezes, lotado em S\u00e3o Paulo\/SP\r\n\r\nA Diretoria do SINPROFAZ agradece a ampla participa\u00e7\u00e3o dos Procuradores da Fazenda Nacional. Os resultados da pesquisa, contendo a percep\u00e7\u00e3o coletiva a respeito das quest\u00f5es que afetam o cotidiano laboral dos PFNs, ser\u00e3o agora analisados pela empresa respons\u00e1vel pelo Diagn\u00f3stico e oportunamente divulgados \u00e0 toda a Carreira.\r\n\r\nO SINPROFAZ informa: o Diagn\u00f3stico continua aberto \u00e0 participa\u00e7\u00e3o dos Servidores e Terceirizados da PFN! Compartilhe o link <a href=\"https:\/\/www.saudemental.sinprofaz.org.br\/\">www.saudemental.sinprofaz.org.br<\/a> com os colaboradores de sua Unidade e incentive a participa\u00e7\u00e3o. Quanto maior a quantidade de respostas, maior a precis\u00e3o com que ser\u00e1 avaliado o cen\u00e1rio da sa\u00fade mental na Institui\u00e7\u00e3o.","_links":{"self":[{"href":"https:\/\/sinprofaz.org.br\/2024\/wp-json\/wp\/v2\/posts\/12502"}],"collection":[{"href":"https:\/\/sinprofaz.org.br\/2024\/wp-json\/wp\/v2\/posts"}],"about":[{"href":"https:\/\/sinprofaz.org.br\/2024\/wp-json\/wp\/v2\/types\/post"}],"author":[{"embeddable":true,"href":"https:\/\/sinprofaz.org.br\/2024\/wp-json\/wp\/v2\/users\/2"}],"replies":[{"embeddable":true,"href":"https:\/\/sinprofaz.org.br\/2024\/wp-json\/wp\/v2\/comments?post=12502"}],"version-history":[{"count":5,"href":"https:\/\/sinprofaz.org.br\/2024\/wp-json\/wp\/v2\/posts\/12502\/revisions"}],"predecessor-version":[{"id":12511,"href":"https:\/\/sinprofaz.org.br\/2024\/wp-json\/wp\/v2\/posts\/12502\/revisions\/12511"}],"wp:featuredmedia":[{"embeddable":true,"href":"https:\/\/sinprofaz.org.br\/2024\/wp-json\/wp\/v2\/media\/12208"}],"wp:attachment":[{"href":"https:\/\/sinprofaz.org.br\/2024\/wp-json\/wp\/v2\/media?parent=12502"}],"wp:term":[{"taxonomy":"category","embeddable":true,"href":"https:\/\/sinprofaz.org.br\/2024\/wp-json\/wp\/v2\/categories?post=12502"},{"taxonomy":"post_tag","embeddable":true,"href":"https:\/\/sinprofaz.org.br\/2024\/wp-json\/wp\/v2\/tags?post=12502"}],"curies":[{"name":"wp","href":"https:\/\/api.w.org\/{rel}","templated":true}]}}