{"id":125,"date":"2011-02-01T17:03:34","date_gmt":"2011-02-01T17:03:34","guid":{"rendered":""},"modified":"-0001-11-30T00:00:00","modified_gmt":"-0001-11-30T03:00:00","slug":"pfn-vai-comandar-orgao-maximo-consultivo-da-uniao","status":"publish","type":"post","link":"https:\/\/sinprofaz.org.br\/2024\/noticias\/pfn-vai-comandar-orgao-maximo-consultivo-da-uniao\/","title":{"rendered":"PFN vai comandar \u00f3rg\u00e3o m\u00e1ximo consultivo da Uni\u00e3o"},"content":{"rendered":"<p>O Procurador da Fazenda Nacional Arnaldo Godoy \u00e9 o novo Consultor-Geral da Uni\u00e3o. Ele ir\u00e1 comandar o \u00f3rg\u00e3o m\u00e1ximo da atividade consultiva da Advocacia P\u00fablica no \u00e2mbito da Uni\u00e3o. A nomea\u00e7\u00e3o do dirigente foi publicada no Di\u00e1rio Oficial da Uni\u00e3o desta ter\u00e7a-feira (1\u00ba\/02). Godoy ir\u00e1 suceder Ronaldo Vieira Junior, que retorna \u00e0 consultoria legislativa do Senado Federal.<\/p>\n<p>O Advogado-Geral da Uni\u00e3o, ministro Lu\u00eds In\u00e1cio Lucena Adams, destacou a atua\u00e7\u00e3o do novo CGU. &#8220;A trajet\u00f3ria profissional e a forma\u00e7\u00e3o t\u00e9cnica e acad\u00eamica do Dr. Arnaldo Godoy o habilitam de forma inconteste ao papel de continuidade e aprimoramento da Consultoria&#8221;, disse o ministro.<\/p>\n<p>A CGU tem como principal atividade colaborar com o Advogado-Geral no assessoramento jur\u00eddico ao Presidente da Rep\u00fablica produzindo pareceres, informa\u00e7\u00f5es e demais trabalhos jur\u00eddicos que lhes sejam atribu\u00eddos pelo chefe da institui\u00e7\u00e3o, segundo o que determina o artigo 10 da Lei Complementar n\u00ba 73 de 10\/02\/1993.<\/p>\n<p>O novo Consultor-Geral afirmou que ir\u00e1 se aproximar, em regime de intensa colabora\u00e7\u00e3o com os demais \u00f3rg\u00e3os da Advocacia-Geral da Uni\u00e3o. &#8220;Atuarei, obstinadamente, na defesa de um servi\u00e7o p\u00fablico de qualidade, na busca de resultados, com a simplifica\u00e7\u00e3o dos procedimentos. Participar, ativamente, dos programas de governo, empenhando-me, ao m\u00e1ximo, para a realiza\u00e7\u00e3o das diretrizes pol\u00edticas fixadas&#8221;, afirmou.<\/p>\n<p>Sobre o seu antecessor, Arnaldo Godoy afirmou que ele foi o grande respons\u00e1vel pela fixa\u00e7\u00e3o do \u00f3rg\u00e3o consultivo como uma organiza\u00e7\u00e3o s\u00e9ria, pautada pela responsabilidade e pela aten\u00e7\u00e3o para com as consequ\u00eancias das atitudes tomadas. O ministro Lu\u00eds In\u00e1cio Adams tamb\u00e9m ressaltou o trabalho desenvolvido por Ronaldo Vieira Junior. &#8220;A atividade consultiva da AGU ganhou muito nos \u00faltimos anos com a passagem do Dr. Ronaldo pela CGU. O trabalho de qualidade prestado pela equipe coordenada por ele, seja na elabora\u00e7\u00e3o de pareces, seja nas tratativas de concilia\u00e7\u00e3o por meio a CCAF ou em outras atua\u00e7\u00f5es, resultou em avan\u00e7os para a Institui\u00e7\u00e3o&#8221;, disse.<\/p>\n<p><b>Desafios<\/b><\/p>\n<p>Um dos pontos destacados pelo novo Consultor-Geral para a gest\u00e3o que se inicia \u00e9 a consolida\u00e7\u00e3o do trabalho da C\u00e2mara de Concilia\u00e7\u00e3o e Arbitragem Federal (CCAF). &#8220;Eu me esfor\u00e7arei para que a C\u00e2mara de Concilia\u00e7\u00e3o se revele como a inst\u00e2ncia mais prestigiada e respeitada para a composi\u00e7\u00e3o de desentendimentos que naturalmente surgem na Administra\u00e7\u00e3o, quebrando algumas resist\u00eancias que provavelmente haveria, e que resultariam de uma cultura de litig\u00e2ncia que \u00e9 lugar-comum em nosso modelo burocr\u00e1tico&#8221;, afirmou.<\/p>\n<p>&nbsp;<\/p>\n<p><b>Conhe\u00e7a um pouco do novo CGU<\/b><\/p>\n<p>Arnaldo Godoy \u00e9 Doutor e Mestre em Filosofia do Direito e do Estado pela Pontif\u00edcia Universidade Cat\u00f3lica de S\u00e3o Paulo. Tem especializa\u00e7\u00e3o em Direito da Uni\u00e3o Europeia (Esaf-Bras\u00edlia) e em Direito Internacional Privado (Haia-Holanda). Ele \u00e9 Bacharel em Direito pela Universidade Estadual de Londrina. Atuou como Procurador em diversas cidades de S\u00e3o Paulo. Foi Procurador-Seccional da Fazenda Nacional em Londrina (PR). Em Bras\u00edlia, atuou na Coordena\u00e7\u00e3o-Geral de Assuntos Tribut\u00e1rios na PGFN, onde foi tamb\u00e9m Coordenador-Geral e Procurador-Geral Adjunto Substituto.<\/p>\n<p>Ele \u00e9 autor de diversos livros como: Transa\u00e7\u00e3o tribut\u00e1ria: introdu\u00e7\u00e3o \u00e0 justi\u00e7a fiscal consensual; Mem\u00f3ria Jurisprudencial: Ministro Carlos Maximiliano; A hist\u00f3ria do direito entre foices martelos e togas: Brasil (1935-1965); Direito e literatura: ensaio de s\u00edntese te\u00f3rica; Direito constitucional comparado; Direito grego e historiografia jur\u00eddica; Direito &amp; literatura: anatomia de um desencanto: desilus\u00e3o jur\u00eddica em Monteiro Lobato. Fonte: Portal da AGU\/B\u00e1rbara Nogueira<\/p>\n","protected":false},"excerpt":{"rendered":"<p>O Procurador da Fazenda Nacional Arnaldo Godoy \u00e9 o novo Consultor-Geral da Uni\u00e3o. Ele ir\u00e1 comandar o \u00f3rg\u00e3o m\u00e1ximo da atividade consultiva da Advocacia P\u00fablica no \u00e2mbito da Uni\u00e3o.<\/p>\n","protected":false},"author":1,"featured_media":0,"comment_status":"closed","ping_status":"open","sticky":false,"template":"","format":"standard","meta":{"footnotes":""},"categories":[8],"tags":[],"featured_image_url":"https:\/\/dummyimage.com\/720x400","character_count":1900,"formatted_date":"01\/02\/2011 - 17:03","contentNovo":"\r\n<p>O Procurador da Fazenda Nacional Arnaldo Godoy \u00e9 o novo Consultor-Geral da Uni\u00e3o. Ele ir\u00e1 comandar o \u00f3rg\u00e3o m\u00e1ximo da atividade consultiva da Advocacia P\u00fablica no \u00e2mbito da Uni\u00e3o. A nomea\u00e7\u00e3o do dirigente foi publicada no Di\u00e1rio Oficial da Uni\u00e3o desta ter\u00e7a-feira (1\u00ba\/02). Godoy ir\u00e1 suceder Ronaldo Vieira Junior, que retorna \u00e0 consultoria legislativa do Senado Federal.<\/p>\r\n<p>O Advogado-Geral da Uni\u00e3o, ministro Lu\u00eds In\u00e1cio Lucena Adams, destacou a atua\u00e7\u00e3o do novo CGU. \"A trajet\u00f3ria profissional e a forma\u00e7\u00e3o t\u00e9cnica e acad\u00eamica do Dr. Arnaldo Godoy o habilitam de forma inconteste ao papel de continuidade e aprimoramento da Consultoria\", disse o ministro.<\/p>\r\n<p>A CGU tem como principal atividade colaborar com o Advogado-Geral no assessoramento jur\u00eddico ao Presidente da Rep\u00fablica produzindo pareceres, informa\u00e7\u00f5es e demais trabalhos jur\u00eddicos que lhes sejam atribu\u00eddos pelo chefe da institui\u00e7\u00e3o, segundo o que determina o artigo 10 da Lei Complementar n\u00ba 73 de 10\/02\/1993.<\/p>\r\n<p>O novo Consultor-Geral afirmou que ir\u00e1 se aproximar, em regime de intensa colabora\u00e7\u00e3o com os demais \u00f3rg\u00e3os da Advocacia-Geral da Uni\u00e3o. \"Atuarei, obstinadamente, na defesa de um servi\u00e7o p\u00fablico de qualidade, na busca de resultados, com a simplifica\u00e7\u00e3o dos procedimentos. Participar, ativamente, dos programas de governo, empenhando-me, ao m\u00e1ximo, para a realiza\u00e7\u00e3o das diretrizes pol\u00edticas fixadas\", afirmou.<\/p>\r\n<p>Sobre o seu antecessor, Arnaldo Godoy afirmou que ele foi o grande respons\u00e1vel pela fixa\u00e7\u00e3o do \u00f3rg\u00e3o consultivo como uma organiza\u00e7\u00e3o s\u00e9ria, pautada pela responsabilidade e pela aten\u00e7\u00e3o para com as consequ\u00eancias das atitudes tomadas. O ministro Lu\u00eds In\u00e1cio Adams tamb\u00e9m ressaltou o trabalho desenvolvido por Ronaldo Vieira Junior. \"A atividade consultiva da AGU ganhou muito nos \u00faltimos anos com a passagem do Dr. Ronaldo pela CGU. O trabalho de qualidade prestado pela equipe coordenada por ele, seja na elabora\u00e7\u00e3o de pareces, seja nas tratativas de concilia\u00e7\u00e3o por meio a CCAF ou em outras atua\u00e7\u00f5es, resultou em avan\u00e7os para a Institui\u00e7\u00e3o\", disse.<\/p>\r\n<p>Desafios<\/p>\r\n<p>Um dos pontos destacados pelo novo Consultor-Geral para a gest\u00e3o que se inicia \u00e9 a consolida\u00e7\u00e3o do trabalho da C\u00e2mara de Concilia\u00e7\u00e3o e Arbitragem Federal (CCAF). \"Eu me esfor\u00e7arei para que a C\u00e2mara de Concilia\u00e7\u00e3o se revele como a inst\u00e2ncia mais prestigiada e respeitada para a composi\u00e7\u00e3o de desentendimentos que naturalmente surgem na Administra\u00e7\u00e3o, quebrando algumas resist\u00eancias que provavelmente haveria, e que resultariam de uma cultura de litig\u00e2ncia que \u00e9 lugar-comum em nosso modelo burocr\u00e1tico\", afirmou.<\/p>\r\n<p>&nbsp;<\/p>\r\n<p>Conhe\u00e7a um pouco do novo CGU<\/p>\r\n<p>Arnaldo Godoy \u00e9 Doutor e Mestre em Filosofia do Direito e do Estado pela Pontif\u00edcia Universidade Cat\u00f3lica de S\u00e3o Paulo. Tem especializa\u00e7\u00e3o em Direito da Uni\u00e3o Europeia (Esaf-Bras\u00edlia) e em Direito Internacional Privado (Haia-Holanda). Ele \u00e9 Bacharel em Direito pela Universidade Estadual de Londrina. Atuou como Procurador em diversas cidades de S\u00e3o Paulo. Foi Procurador-Seccional da Fazenda Nacional em Londrina (PR). Em Bras\u00edlia, atuou na Coordena\u00e7\u00e3o-Geral de Assuntos Tribut\u00e1rios na PGFN, onde foi tamb\u00e9m Coordenador-Geral e Procurador-Geral Adjunto Substituto.<\/p>\r\n<p>Ele \u00e9 autor de diversos livros como: Transa\u00e7\u00e3o tribut\u00e1ria: introdu\u00e7\u00e3o \u00e0 justi\u00e7a fiscal consensual; Mem\u00f3ria Jurisprudencial: Ministro Carlos Maximiliano; A hist\u00f3ria do direito entre foices martelos e togas: Brasil (1935-1965); Direito e literatura: ensaio de s\u00edntese te\u00f3rica; Direito constitucional comparado; Direito grego e historiografia jur\u00eddica; Direito &amp; literatura: anatomia de um desencanto: desilus\u00e3o jur\u00eddica em Monteiro Lobato. Fonte: Portal da AGU\/B\u00e1rbara Nogueira<\/p>","_links":{"self":[{"href":"https:\/\/sinprofaz.org.br\/2024\/wp-json\/wp\/v2\/posts\/125"}],"collection":[{"href":"https:\/\/sinprofaz.org.br\/2024\/wp-json\/wp\/v2\/posts"}],"about":[{"href":"https:\/\/sinprofaz.org.br\/2024\/wp-json\/wp\/v2\/types\/post"}],"author":[{"embeddable":true,"href":"https:\/\/sinprofaz.org.br\/2024\/wp-json\/wp\/v2\/users\/1"}],"replies":[{"embeddable":true,"href":"https:\/\/sinprofaz.org.br\/2024\/wp-json\/wp\/v2\/comments?post=125"}],"version-history":[{"count":0,"href":"https:\/\/sinprofaz.org.br\/2024\/wp-json\/wp\/v2\/posts\/125\/revisions"}],"wp:attachment":[{"href":"https:\/\/sinprofaz.org.br\/2024\/wp-json\/wp\/v2\/media?parent=125"}],"wp:term":[{"taxonomy":"category","embeddable":true,"href":"https:\/\/sinprofaz.org.br\/2024\/wp-json\/wp\/v2\/categories?post=125"},{"taxonomy":"post_tag","embeddable":true,"href":"https:\/\/sinprofaz.org.br\/2024\/wp-json\/wp\/v2\/tags?post=125"}],"curies":[{"name":"wp","href":"https:\/\/api.w.org\/{rel}","templated":true}]}}