{"id":12499,"date":"2021-01-06T11:52:39","date_gmt":"2021-01-06T14:52:39","guid":{"rendered":"http:\/\/www.sinprofaz.org.br\/?p=12499"},"modified":"2021-01-07T15:57:30","modified_gmt":"2021-01-07T18:57:30","slug":"servidores-e-terceirizados-prorrogado-o-diagnostico-de-saude-mental-na-pfn","status":"publish","type":"post","link":"https:\/\/sinprofaz.org.br\/2024\/noticias\/servidores-e-terceirizados-prorrogado-o-diagnostico-de-saude-mental-na-pfn\/","title":{"rendered":"SERVIDORES E TERCEIRIZADOS: PRORROGADO O DIAGN\u00d3STICO DE SA\u00daDE MENTAL NA PFN"},"content":{"rendered":"<p>O SINPROFAZ constatou que a ades\u00e3o dos Servidores e Terceirizados ao Diagn\u00f3stico Epidemiol\u00f3gico de Sa\u00fade Mental e Qualidade de Vida e de Trabalho na PFN ficou aqu\u00e9m da necess\u00e1ria. Visando \u00e0 seguran\u00e7a estat\u00edstica do estudo, optou-se por prorrogar o prazo da pesquisa. Mas, aten\u00e7\u00e3o: a prorroga\u00e7\u00e3o refere-se apenas aos Servidores e Terceirizados, e n\u00e3o aos Procuradores da Fazenda Nacional, cujos dados j\u00e1 foram coletados.<\/p>\n<p>Com o prazo prorrogado, a nova data final para participa\u00e7\u00e3o no Diagn\u00f3stico \u00e9 <strong>24 de janeiro<\/strong>. Para a mobiliza\u00e7\u00e3o dos Servidores e Terceirizados, o SINPROFAZ conta com o apoio dos Membros da Carreira! Lembramos que o objetivo da pesquisa \u00e9 tra\u00e7ar um panorama da PFN, identificando os principais problemas que atingem o cotidiano laboral dos integrantes da Institui\u00e7\u00e3o e possibilitando a posterior sugest\u00e3o de solu\u00e7\u00f5es.<\/p>\n<p><strong>PREMIA\u00c7\u00c3O<\/strong><br \/>\nAssim como os filiados ao SINPROFAZ, os Servidores e Terceirizados que participarem do Diagn\u00f3stico Epidemiol\u00f3gico concorrer\u00e3o a pr\u00eamios! Entre os Servidores, o SINPROFAZ sortear\u00e1 1 iPhone. Da mesma forma, 1 iPhone ser\u00e1 sorteado entre os Terceirizados que contribu\u00edrem com a pesquisa. Ambos os sorteios ser\u00e3o realizados ao fim do novo prazo: 24 de janeiro.<\/p>\n<p>Procurador da Fazenda Nacional, compartilhe o link <a href=\"https:\/\/www.saudemental.sinprofaz.org.br\/\">www.saudemental.sinprofaz.org.br<\/a> com os Servidores e Terceirizados de sua Unidade e incentive a participa\u00e7\u00e3o!<\/p>\n","protected":false},"excerpt":{"rendered":"<p>O SINPROFAZ constatou que a ades\u00e3o dos Servidores e Terceirizados ao Diagn\u00f3stico Epidemiol\u00f3gico de Sa\u00fade Mental na PFN ficou aqu\u00e9m da necess\u00e1ria. Visando \u00e0 seguran\u00e7a estat\u00edstica do estudo, optou-se por prorrogar o prazo da pesquisa.<\/p>\n","protected":false},"author":2,"featured_media":12208,"comment_status":"open","ping_status":"open","sticky":false,"template":"","format":"standard","meta":{"footnotes":""},"categories":[8],"tags":[32,127,146,25],"featured_image_url":"https:\/\/sinprofaz.org.br\/2024\/wp-content\/uploads\/2020\/11\/diagnostico-epdemiologico.jpg","character_count":702,"formatted_date":"06\/01\/2021 - 11:52","contentNovo":"O SINPROFAZ constatou que a ades\u00e3o dos Servidores e Terceirizados ao Diagn\u00f3stico Epidemiol\u00f3gico de Sa\u00fade Mental e Qualidade de Vida e de Trabalho na PFN ficou aqu\u00e9m da necess\u00e1ria. Visando \u00e0 seguran\u00e7a estat\u00edstica do estudo, optou-se por prorrogar o prazo da pesquisa. Mas, aten\u00e7\u00e3o: a prorroga\u00e7\u00e3o refere-se apenas aos Servidores e Terceirizados, e n\u00e3o aos Procuradores da Fazenda Nacional, cujos dados j\u00e1 foram coletados.\r\n\r\nCom o prazo prorrogado, a nova data final para participa\u00e7\u00e3o no Diagn\u00f3stico \u00e9 <strong>24 de janeiro<\/strong>. Para a mobiliza\u00e7\u00e3o dos Servidores e Terceirizados, o SINPROFAZ conta com o apoio dos Membros da Carreira! Lembramos que o objetivo da pesquisa \u00e9 tra\u00e7ar um panorama da PFN, identificando os principais problemas que atingem o cotidiano laboral dos integrantes da Institui\u00e7\u00e3o e possibilitando a posterior sugest\u00e3o de solu\u00e7\u00f5es.\r\n\r\n<strong>PREMIA\u00c7\u00c3O<\/strong>\r\nAssim como os filiados ao SINPROFAZ, os Servidores e Terceirizados que participarem do Diagn\u00f3stico Epidemiol\u00f3gico concorrer\u00e3o a pr\u00eamios! Entre os Servidores, o SINPROFAZ sortear\u00e1 1 iPhone. Da mesma forma, 1 iPhone ser\u00e1 sorteado entre os Terceirizados que contribu\u00edrem com a pesquisa. Ambos os sorteios ser\u00e3o realizados ao fim do novo prazo: 24 de janeiro.\r\n\r\nProcurador da Fazenda Nacional, compartilhe o link <a href=\"https:\/\/www.saudemental.sinprofaz.org.br\/\">www.saudemental.sinprofaz.org.br<\/a> com os Servidores e Terceirizados de sua Unidade e incentive a participa\u00e7\u00e3o!","_links":{"self":[{"href":"https:\/\/sinprofaz.org.br\/2024\/wp-json\/wp\/v2\/posts\/12499"}],"collection":[{"href":"https:\/\/sinprofaz.org.br\/2024\/wp-json\/wp\/v2\/posts"}],"about":[{"href":"https:\/\/sinprofaz.org.br\/2024\/wp-json\/wp\/v2\/types\/post"}],"author":[{"embeddable":true,"href":"https:\/\/sinprofaz.org.br\/2024\/wp-json\/wp\/v2\/users\/2"}],"replies":[{"embeddable":true,"href":"https:\/\/sinprofaz.org.br\/2024\/wp-json\/wp\/v2\/comments?post=12499"}],"version-history":[{"count":2,"href":"https:\/\/sinprofaz.org.br\/2024\/wp-json\/wp\/v2\/posts\/12499\/revisions"}],"predecessor-version":[{"id":12504,"href":"https:\/\/sinprofaz.org.br\/2024\/wp-json\/wp\/v2\/posts\/12499\/revisions\/12504"}],"wp:featuredmedia":[{"embeddable":true,"href":"https:\/\/sinprofaz.org.br\/2024\/wp-json\/wp\/v2\/media\/12208"}],"wp:attachment":[{"href":"https:\/\/sinprofaz.org.br\/2024\/wp-json\/wp\/v2\/media?parent=12499"}],"wp:term":[{"taxonomy":"category","embeddable":true,"href":"https:\/\/sinprofaz.org.br\/2024\/wp-json\/wp\/v2\/categories?post=12499"},{"taxonomy":"post_tag","embeddable":true,"href":"https:\/\/sinprofaz.org.br\/2024\/wp-json\/wp\/v2\/tags?post=12499"}],"curies":[{"name":"wp","href":"https:\/\/api.w.org\/{rel}","templated":true}]}}