{"id":1248,"date":"2013-04-18T17:09:01","date_gmt":"2013-04-18T17:09:01","guid":{"rendered":""},"modified":"-0001-11-30T00:00:00","modified_gmt":"-0001-11-30T03:00:00","slug":"sinprofaz-participa-de-reuniao-com-presidente-da-cdh","status":"publish","type":"post","link":"https:\/\/sinprofaz.org.br\/2024\/noticias\/sinprofaz-participa-de-reuniao-com-presidente-da-cdh\/","title":{"rendered":"SINPROFAZ participa de reuni\u00e3o com presidente da CDH"},"content":{"rendered":"<p><img loading=\"lazy\" decoding=\"async\" style=\"margin-right: 10px; border: 1px solid #000000; float: left;\" alt=\"allan-pres-comissao-direitos-consumidor\" src=\"images\/noticias\/sinprofaz-participa-de-reuniao-com-presidente-da-cdh\/allan-pres-comissao-direitos-consumidor.jpg\" height=\"154\" width=\"218\" \/>O presidente do Sindicato reuniu-se com o deputado Jos\u00e9 Carlos Ara\u00fajo (PSD-BA) para tratar de assuntos de interesse da Advocacia P\u00fablica e dos PFNs.<\/p>\n<p>O deputado Jos\u00e9 Carlos Ara\u00fajo \u00e9 presidente da Comiss\u00e3o de Defesa do Consumidor da C\u00e2mara. Com os esclarecimentos do presidente do SINPROFAZ, Allan Titonelli, o parlamentar tomou conhecimento dos principais projetos em tramita\u00e7\u00e3o na Casa que s\u00e3o de interesse da Advocacia P\u00fablica Federal e dos PFNs.<\/p>\n<p>Titonelli tratou dos desdobramentos da PEC 544\/02, que cria mais quatro tribunais, asseverando que n\u00e3o se pode conceber que haja um aumento do n\u00famero de ju\u00edzes, servidores, varas federais e tribunais sem que a defesa do Estado esteja devidamente estruturada para o enfrentamento desse cen\u00e1rio, ressaltando a necessidade premente do provimento de todos os cargos vagos, com a convoca\u00e7\u00e3o de todos os aprovados no \u00faltimo concurso, bem como cria\u00e7\u00e3o imediata de uma carreira de apoio.<\/p>\n<p>A Campanha Nacional da Justi\u00e7a Fiscal tamb\u00e9m foi objeto da reuni\u00e3o, a qual tem colocado em evid\u00eancia temas como educa\u00e7\u00e3o fiscal, reforma tribut\u00e1ria e combate \u00e0 sonega\u00e7\u00e3o, todos, indiscutivelmente, de grande interesse para a sociedade brasileira e para os PFNs.<\/p>\n<p>Na reuni\u00e3o, foi demonstrada a import\u00e2ncia da carreira de PFN no combate \u00e0 sonega\u00e7\u00e3o, atividade que garante a isonomia entre o devedor e o cidad\u00e3o que paga seus tributos, atrav\u00e9s da cobran\u00e7a dos cr\u00e9ditos da Uni\u00e3o, evitando, consequentemente, a concorr\u00eancia desleal, geradora do desemprego e de diversos outros problemas sociais. Exemplares de publica\u00e7\u00f5es do Sindicato foram entregues ao parlamentar.<\/p>\n<p>O deputado Jos\u00e9 Carlos Ara\u00fajo demonstrou interesse em realizar uma audi\u00eancia p\u00fablica para tratar do Manual do Contribuinte e da Campanha na Comiss\u00e3o que preside. O debate deve ser promovido em data pr\u00f3xima ao Dia Nacional de Respeito ao Contribuinte, comemorado em 25 de maio.<\/p>\n","protected":false},"excerpt":{"rendered":"<p>O presidente do Sindicato reuniu-se com o deputado Jos\u00e9 Carlos Ara\u00fajo (PSD-BA) para tratar de assuntos de interesse da Advocacia P\u00fablica e dos PFNs.<\/p>\n","protected":false},"author":1,"featured_media":0,"comment_status":"closed","ping_status":"open","sticky":false,"template":"","format":"standard","meta":{"footnotes":""},"categories":[8],"tags":[],"featured_image_url":"https:\/\/dummyimage.com\/720x400","character_count":958,"formatted_date":"18\/04\/2013 - 17:09","contentNovo":"\r\n<p>O presidente do Sindicato reuniu-se com o deputado Jos\u00e9 Carlos Ara\u00fajo (PSD-BA) para tratar de assuntos de interesse da Advocacia P\u00fablica e dos PFNs.<\/p>\r\n<p>O deputado Jos\u00e9 Carlos Ara\u00fajo \u00e9 presidente da Comiss\u00e3o de Defesa do Consumidor da C\u00e2mara. Com os esclarecimentos do presidente do SINPROFAZ, Allan Titonelli, o parlamentar tomou conhecimento dos principais projetos em tramita\u00e7\u00e3o na Casa que s\u00e3o de interesse da Advocacia P\u00fablica Federal e dos PFNs.<\/p>\r\n<p>Titonelli tratou dos desdobramentos da PEC 544\/02, que cria mais quatro tribunais, asseverando que n\u00e3o se pode conceber que haja um aumento do n\u00famero de ju\u00edzes, servidores, varas federais e tribunais sem que a defesa do Estado esteja devidamente estruturada para o enfrentamento desse cen\u00e1rio, ressaltando a necessidade premente do provimento de todos os cargos vagos, com a convoca\u00e7\u00e3o de todos os aprovados no \u00faltimo concurso, bem como cria\u00e7\u00e3o imediata de uma carreira de apoio.<\/p>\r\n<p>A Campanha Nacional da Justi\u00e7a Fiscal tamb\u00e9m foi objeto da reuni\u00e3o, a qual tem colocado em evid\u00eancia temas como educa\u00e7\u00e3o fiscal, reforma tribut\u00e1ria e combate \u00e0 sonega\u00e7\u00e3o, todos, indiscutivelmente, de grande interesse para a sociedade brasileira e para os PFNs.<\/p>\r\n<p>Na reuni\u00e3o, foi demonstrada a import\u00e2ncia da carreira de PFN no combate \u00e0 sonega\u00e7\u00e3o, atividade que garante a isonomia entre o devedor e o cidad\u00e3o que paga seus tributos, atrav\u00e9s da cobran\u00e7a dos cr\u00e9ditos da Uni\u00e3o, evitando, consequentemente, a concorr\u00eancia desleal, geradora do desemprego e de diversos outros problemas sociais. Exemplares de publica\u00e7\u00f5es do Sindicato foram entregues ao parlamentar.<\/p>\r\n<p>O deputado Jos\u00e9 Carlos Ara\u00fajo demonstrou interesse em realizar uma audi\u00eancia p\u00fablica para tratar do Manual do Contribuinte e da Campanha na Comiss\u00e3o que preside. O debate deve ser promovido em data pr\u00f3xima ao Dia Nacional de Respeito ao Contribuinte, comemorado em 25 de maio.<\/p>","_links":{"self":[{"href":"https:\/\/sinprofaz.org.br\/2024\/wp-json\/wp\/v2\/posts\/1248"}],"collection":[{"href":"https:\/\/sinprofaz.org.br\/2024\/wp-json\/wp\/v2\/posts"}],"about":[{"href":"https:\/\/sinprofaz.org.br\/2024\/wp-json\/wp\/v2\/types\/post"}],"author":[{"embeddable":true,"href":"https:\/\/sinprofaz.org.br\/2024\/wp-json\/wp\/v2\/users\/1"}],"replies":[{"embeddable":true,"href":"https:\/\/sinprofaz.org.br\/2024\/wp-json\/wp\/v2\/comments?post=1248"}],"version-history":[{"count":0,"href":"https:\/\/sinprofaz.org.br\/2024\/wp-json\/wp\/v2\/posts\/1248\/revisions"}],"wp:attachment":[{"href":"https:\/\/sinprofaz.org.br\/2024\/wp-json\/wp\/v2\/media?parent=1248"}],"wp:term":[{"taxonomy":"category","embeddable":true,"href":"https:\/\/sinprofaz.org.br\/2024\/wp-json\/wp\/v2\/categories?post=1248"},{"taxonomy":"post_tag","embeddable":true,"href":"https:\/\/sinprofaz.org.br\/2024\/wp-json\/wp\/v2\/tags?post=1248"}],"curies":[{"name":"wp","href":"https:\/\/api.w.org\/{rel}","templated":true}]}}