{"id":1245,"date":"2013-04-16T17:19:39","date_gmt":"2013-04-16T17:19:39","guid":{"rendered":""},"modified":"-0001-11-30T00:00:00","modified_gmt":"-0001-11-30T03:00:00","slug":"campanha-nacional-da-justica-fiscal-divulga-papel-da-carreira","status":"publish","type":"post","link":"https:\/\/sinprofaz.org.br\/2024\/noticias\/campanha-nacional-da-justica-fiscal-divulga-papel-da-carreira\/","title":{"rendered":"Campanha Nacional da Justi\u00e7a Fiscal divulga papel da carreira"},"content":{"rendered":"<p>A campanha Quanto Custa o Brasil pra Voc\u00ea continua repercutindo na imprensa e projetando a carreira de Procurador da Fazenda Nacional bem como seu papel para garantir justi\u00e7a fiscal. Al\u00e9m de alertar para o peso da carga tribut\u00e1ria sobre os bens de consumo e servi\u00e7os no Brasil, a iniciativa do Sindicato tem o intuito de conscientizar a popula\u00e7\u00e3o sobre a necessidade de uma reforma tribut\u00e1ria que pese menos para consumidores e assalariados e fortale\u00e7a o combate \u00e0 sonega\u00e7\u00e3o.<\/p>\n<p>As pe\u00e7as de divulga\u00e7\u00e3o e as entrevistas concedidas pelo presidente do SINPROFAZ e outros membros da diretoria esclarecem o prop\u00f3sito da campanha: colaborar no processo de discuss\u00e3o de temas como o combate \u00e0 sonega\u00e7\u00e3o, educa\u00e7\u00e3o fiscal e reforma tribut\u00e1ria \u2013 todos de grande interesse para a sociedade brasileira.<\/p>\n<p>S\u00e3o iniciativas como essa que t\u00eam permitido aos cidad\u00e3os conhecer e reconhecer o procurador da Fazenda Nacional como um aliado da sociedade que, entre outras atribui\u00e7\u00f5es, atua junto aqueles que deixam de cumprir suas obriga\u00e7\u00f5es como contribuintes.<\/p>\n<p>Veja mais sobre a repercuss\u00e3o da campanha na imprensa:<\/p>\n<p><a title=\"Portal ClippingMP\" href=\"https:\/\/conteudoclippingmp.planejamento.gov.br\/cadastros\/noticias\/2013\/3\/22\/sonegacao-de-r-1-tri\" target=\"_blank\">Portal ClippingMP<\/a><\/p>\n<p><a title=\"Portal Fator Brasil\" href=\"http:\/\/www.revistafatorbrasil.com.br\/ver_noticia.php?not=231758\" target=\"_blank\">Portal Fator Brasil<\/a><\/p>\n<p><a title=\"Correio Braziliense\" href=\"http:\/\/www.correiobraziliense.com.br\/app\/noticia\/cidades\/2013\/03\/18\/interna_cidadesdf,355492\/participacao-em-campanha-sobre-carga-tributaria-brasileira-no-df-e-positiva.shtml\" target=\"_blank\">Correio Braziliense<\/a><\/p>\n<p><a title=\"Aposentado! Solte o verbo - ASOV\" href=\"http:\/\/aposentadosolteoverbo.org\/2013\/03\/22\/sonegacao-de-r-1-tri\/\" target=\"_blank\">Aposentado Solte o verbo &#8211; ASOV<\/a><\/p>\n<p><a title=\"La Parola\" href=\"http:\/\/www.laparola.com.br\/aplicativo-calcula-quanto-o-consumidor-paga-de-impostos\" target=\"_blank\">La Parola<\/a><\/p>\n<p><a title=\"Djacir Eufr\u00e1sio &amp; Voc\u00ea\" href=\"http:\/\/djacireufrasio.blogspot.com.br\/2013\/04\/aplicativo-mostra-quanto-os-brasileiros.html\" target=\"_blank\">Djacir Eufr\u00e1sio &amp; Voc\u00ea<\/a><\/p>\n<p><a title=\"Di\u00e1rio do Nordeste\" href=\"http:\/\/diariodonordeste.globo.com\/materia.asp?codigo=1251560\" target=\"_blank\">Di\u00e1rio do Nordeste<\/a><\/p>\n<p><a title=\"Tribuna da Bahia\" href=\"http:\/\/www.tribunadabahia.com.br\/2013\/03\/27\/aplicativo-na-real-mostra-quanto-voce-gasta-de-imposto-nos-produtos\" target=\"_blank\">Tribuna da Bahia<\/a><\/p>\n<p><a title=\"Meio News\" href=\"http:\/\/www.meionews.com.br\/index.php\/noticias\/79-tecnologia\/7360--aplicativo-e-lancado-para-mostrar-o-quanto-voce-gasta-de-impostos-no-produto.html\" target=\"_blank\">Meio News<\/a><\/p>\n<p><a title=\"namaz\u00f4nia.com\" href=\"http:\/\/www.namazonia.com\/politica-e-economia\/\" target=\"_blank\">namaz\u00f4nia.com<\/a><\/p>\n<p><a title=\"Jornal Informa\u00e7\u00e3o - Salvador\" href=\"http:\/\/www.jornalinformacao.com\/salvador\/index.php?option=com_content&amp;view=article&amp;id=1398:aplicativo-qna-realq-mostra-o-quanto-voce-gasta-de-imposto-nos-produtos&amp;catid=91:tecnologia&amp;Itemid=487\" target=\"_blank\">Jornal Informa\u00e7\u00e3o &#8211; Salvador<\/a><\/p>\n<p><a title=\"Gr\u00e1tis na Web\" href=\"http:\/\/gratisnaweb.blogspot.com.br\/2013\/04\/aplicativo-na-real.html\" target=\"_blank\">Gr\u00e1tis na Web<\/a><\/p>\n","protected":false},"excerpt":{"rendered":"<p>Com campanha, SINPROFAZ divulga a import\u00e2ncia do fortalecimento da PGFN para combate \u00e0 sonega\u00e7\u00e3o.<\/p>\n","protected":false},"author":1,"featured_media":0,"comment_status":"closed","ping_status":"open","sticky":false,"template":"","format":"standard","meta":{"footnotes":""},"categories":[8],"tags":[],"featured_image_url":"https:\/\/dummyimage.com\/720x400","character_count":687,"formatted_date":"16\/04\/2013 - 17:19","contentNovo":"\r\n<p>A campanha Quanto Custa o Brasil pra Voc\u00ea continua repercutindo na imprensa e projetando a carreira de Procurador da Fazenda Nacional bem como seu papel para garantir justi\u00e7a fiscal. Al\u00e9m de alertar para o peso da carga tribut\u00e1ria sobre os bens de consumo e servi\u00e7os no Brasil, a iniciativa do Sindicato tem o intuito de conscientizar a popula\u00e7\u00e3o sobre a necessidade de uma reforma tribut\u00e1ria que pese menos para consumidores e assalariados e fortale\u00e7a o combate \u00e0 sonega\u00e7\u00e3o.<\/p>\r\n<p>As pe\u00e7as de divulga\u00e7\u00e3o e as entrevistas concedidas pelo presidente do SINPROFAZ e outros membros da diretoria esclarecem o prop\u00f3sito da campanha: colaborar no processo de discuss\u00e3o de temas como o combate \u00e0 sonega\u00e7\u00e3o, educa\u00e7\u00e3o fiscal e reforma tribut\u00e1ria \u2013 todos de grande interesse para a sociedade brasileira.<\/p>\r\n<p>S\u00e3o iniciativas como essa que t\u00eam permitido aos cidad\u00e3os conhecer e reconhecer o procurador da Fazenda Nacional como um aliado da sociedade que, entre outras atribui\u00e7\u00f5es, atua junto aqueles que deixam de cumprir suas obriga\u00e7\u00f5es como contribuintes.<\/p>\r\n<p>Veja mais sobre a repercuss\u00e3o da campanha na imprensa:<\/p>\r\n<p><a title=\"Portal ClippingMP\" href=\"https:\/\/conteudoclippingmp.planejamento.gov.br\/cadastros\/noticias\/2013\/3\/22\/sonegacao-de-r-1-tri\" target=\"_blank\">Portal ClippingMP<\/a><\/p>\r\n<p><a title=\"Portal Fator Brasil\" href=\"http:\/\/www.revistafatorbrasil.com.br\/ver_noticia.php?not=231758\" target=\"_blank\">Portal Fator Brasil<\/a><\/p>\r\n<p><a title=\"Correio Braziliense\" href=\"http:\/\/www.correiobraziliense.com.br\/app\/noticia\/cidades\/2013\/03\/18\/interna_cidadesdf,355492\/participacao-em-campanha-sobre-carga-tributaria-brasileira-no-df-e-positiva.shtml\" target=\"_blank\">Correio Braziliense<\/a><\/p>\r\n<p><a title=\"Aposentado! Solte o verbo - ASOV\" href=\"http:\/\/aposentadosolteoverbo.org\/2013\/03\/22\/sonegacao-de-r-1-tri\/\" target=\"_blank\">Aposentado Solte o verbo - ASOV<\/a><\/p>\r\n<p><a title=\"La Parola\" href=\"http:\/\/www.laparola.com.br\/aplicativo-calcula-quanto-o-consumidor-paga-de-impostos\" target=\"_blank\">La Parola<\/a><\/p>\r\n<p><a title=\"Djacir Eufr\u00e1sio &amp; Voc\u00ea\" href=\"http:\/\/djacireufrasio.blogspot.com.br\/2013\/04\/aplicativo-mostra-quanto-os-brasileiros.html\" target=\"_blank\">Djacir Eufr\u00e1sio &amp; Voc\u00ea<\/a><\/p>\r\n<p><a title=\"Di\u00e1rio do Nordeste\" href=\"http:\/\/diariodonordeste.globo.com\/materia.asp?codigo=1251560\" target=\"_blank\">Di\u00e1rio do Nordeste<\/a><\/p>\r\n<p><a title=\"Tribuna da Bahia\" href=\"http:\/\/www.tribunadabahia.com.br\/2013\/03\/27\/aplicativo-na-real-mostra-quanto-voce-gasta-de-imposto-nos-produtos\" target=\"_blank\">Tribuna da Bahia<\/a><\/p>\r\n<p><a title=\"Meio News\" href=\"http:\/\/www.meionews.com.br\/index.php\/noticias\/79-tecnologia\/7360--aplicativo-e-lancado-para-mostrar-o-quanto-voce-gasta-de-impostos-no-produto.html\" target=\"_blank\">Meio News<\/a><\/p>\r\n<p><a title=\"namaz\u00f4nia.com\" href=\"http:\/\/www.namazonia.com\/politica-e-economia\/\" target=\"_blank\">namaz\u00f4nia.com<\/a><\/p>\r\n<p><a title=\"Jornal Informa\u00e7\u00e3o - Salvador\" href=\"http:\/\/www.jornalinformacao.com\/salvador\/index.php?option=com_content&amp;view=article&amp;id=1398:aplicativo-qna-realq-mostra-o-quanto-voce-gasta-de-imposto-nos-produtos&amp;catid=91:tecnologia&amp;Itemid=487\" target=\"_blank\">Jornal Informa\u00e7\u00e3o - Salvador<\/a><\/p>\r\n<p><a title=\"Gr\u00e1tis na Web\" href=\"http:\/\/gratisnaweb.blogspot.com.br\/2013\/04\/aplicativo-na-real.html\" target=\"_blank\">Gr\u00e1tis na Web<\/a><\/p>","_links":{"self":[{"href":"https:\/\/sinprofaz.org.br\/2024\/wp-json\/wp\/v2\/posts\/1245"}],"collection":[{"href":"https:\/\/sinprofaz.org.br\/2024\/wp-json\/wp\/v2\/posts"}],"about":[{"href":"https:\/\/sinprofaz.org.br\/2024\/wp-json\/wp\/v2\/types\/post"}],"author":[{"embeddable":true,"href":"https:\/\/sinprofaz.org.br\/2024\/wp-json\/wp\/v2\/users\/1"}],"replies":[{"embeddable":true,"href":"https:\/\/sinprofaz.org.br\/2024\/wp-json\/wp\/v2\/comments?post=1245"}],"version-history":[{"count":0,"href":"https:\/\/sinprofaz.org.br\/2024\/wp-json\/wp\/v2\/posts\/1245\/revisions"}],"wp:attachment":[{"href":"https:\/\/sinprofaz.org.br\/2024\/wp-json\/wp\/v2\/media?parent=1245"}],"wp:term":[{"taxonomy":"category","embeddable":true,"href":"https:\/\/sinprofaz.org.br\/2024\/wp-json\/wp\/v2\/categories?post=1245"},{"taxonomy":"post_tag","embeddable":true,"href":"https:\/\/sinprofaz.org.br\/2024\/wp-json\/wp\/v2\/tags?post=1245"}],"curies":[{"name":"wp","href":"https:\/\/api.w.org\/{rel}","templated":true}]}}