{"id":12438,"date":"2020-12-21T09:02:36","date_gmt":"2020-12-21T12:02:36","guid":{"rendered":"http:\/\/www.sinprofaz.org.br\/?p=12438"},"modified":"2020-12-21T12:03:25","modified_gmt":"2020-12-21T15:03:25","slug":"sinprofaz-e-anauni-se-reunem-para-discutir-atuacao-em-2021","status":"publish","type":"post","link":"https:\/\/sinprofaz.org.br\/2024\/noticias\/sinprofaz-e-anauni-se-reunem-para-discutir-atuacao-em-2021\/","title":{"rendered":"SINPROFAZ E ANAUNI SE RE\u00daNEM PARA DISCUTIR ATUA\u00c7\u00c3O EM 2021"},"content":{"rendered":"<p>O diretor do Sindicato Nacional dos Procuradores da Fazenda Nacional (SINPROFAZ) Achilles Frias e a presidente da Associa\u00e7\u00e3o Nacional dos Advogados da Uni\u00e3o (ANAUNI), M\u00e1rcia David, estiveram reunidos nesta quinta-feira (17). O encontro ocorreu na sede da ANAUNI, em Bras\u00edlia\/DF.<\/p>\n<p>Visando \u00e0 continuidade do trabalho em prol do fortalecimento das carreiras de procurador da Fazenda Nacional e de advogado da Uni\u00e3o, os representantes de SINPROFAZ e ANAUNI debateram estrat\u00e9gias de atua\u00e7\u00e3o em 2021, especialmente junto \u00e0 c\u00fapula da Advocacia-Geral da Uni\u00e3o. A retomada das promo\u00e7\u00f5es, de forma regular, dos Membros da AGU \u00e9 um dos mais importantes pleitos das referidas entidades.<\/p>\n<p>Levando em conta o momento pol\u00edtico de encerramento da sess\u00e3o legislativa, discutiram-se os temas que devem pautar o Congresso Nacional no in\u00edcio do pr\u00f3ximo ano. As reformas administrativa e tribut\u00e1ria, assim como as altera\u00e7\u00f5es na Lei de Improbidade Administrativa, est\u00e3o sob o radar dos dirigentes.<\/p>\n","protected":false},"excerpt":{"rendered":"<p>Visando \u00e0 continuidade do trabalho em prol das carreiras de procurador da Fazenda Nacional e de advogado da Uni\u00e3o, SINPROFAZ e ANAUNI debateram estrat\u00e9gias de atua\u00e7\u00e3o em 2021, especialmente junto \u00e0 c\u00fapula da AGU. A retomada das promo\u00e7\u00f5es de forma regular \u00e9 um dos pleitos das entidades.<\/p>\n","protected":false},"author":2,"featured_media":12428,"comment_status":"open","ping_status":"open","sticky":false,"template":"","format":"standard","meta":{"footnotes":""},"categories":[8],"tags":[43,65,73],"featured_image_url":"https:\/\/sinprofaz.org.br\/2024\/wp-content\/uploads\/2020\/12\/1.jpg","character_count":499,"formatted_date":"21\/12\/2020 - 09:02","contentNovo":"O diretor do Sindicato Nacional dos Procuradores da Fazenda Nacional (SINPROFAZ) Achilles Frias e a presidente da Associa\u00e7\u00e3o Nacional dos Advogados da Uni\u00e3o (ANAUNI), M\u00e1rcia David, estiveram reunidos nesta quinta-feira (17). O encontro ocorreu na sede da ANAUNI, em Bras\u00edlia\/DF.\r\n\r\nVisando \u00e0 continuidade do trabalho em prol do fortalecimento das carreiras de procurador da Fazenda Nacional e de advogado da Uni\u00e3o, os representantes de SINPROFAZ e ANAUNI debateram estrat\u00e9gias de atua\u00e7\u00e3o em 2021, especialmente junto \u00e0 c\u00fapula da Advocacia-Geral da Uni\u00e3o. A retomada das promo\u00e7\u00f5es, de forma regular, dos Membros da AGU \u00e9 um dos mais importantes pleitos das referidas entidades.\r\n\r\nLevando em conta o momento pol\u00edtico de encerramento da sess\u00e3o legislativa, discutiram-se os temas que devem pautar o Congresso Nacional no in\u00edcio do pr\u00f3ximo ano. As reformas administrativa e tribut\u00e1ria, assim como as altera\u00e7\u00f5es na Lei de Improbidade Administrativa, est\u00e3o sob o radar dos dirigentes.","_links":{"self":[{"href":"https:\/\/sinprofaz.org.br\/2024\/wp-json\/wp\/v2\/posts\/12438"}],"collection":[{"href":"https:\/\/sinprofaz.org.br\/2024\/wp-json\/wp\/v2\/posts"}],"about":[{"href":"https:\/\/sinprofaz.org.br\/2024\/wp-json\/wp\/v2\/types\/post"}],"author":[{"embeddable":true,"href":"https:\/\/sinprofaz.org.br\/2024\/wp-json\/wp\/v2\/users\/2"}],"replies":[{"embeddable":true,"href":"https:\/\/sinprofaz.org.br\/2024\/wp-json\/wp\/v2\/comments?post=12438"}],"version-history":[{"count":4,"href":"https:\/\/sinprofaz.org.br\/2024\/wp-json\/wp\/v2\/posts\/12438\/revisions"}],"predecessor-version":[{"id":12446,"href":"https:\/\/sinprofaz.org.br\/2024\/wp-json\/wp\/v2\/posts\/12438\/revisions\/12446"}],"wp:featuredmedia":[{"embeddable":true,"href":"https:\/\/sinprofaz.org.br\/2024\/wp-json\/wp\/v2\/media\/12428"}],"wp:attachment":[{"href":"https:\/\/sinprofaz.org.br\/2024\/wp-json\/wp\/v2\/media?parent=12438"}],"wp:term":[{"taxonomy":"category","embeddable":true,"href":"https:\/\/sinprofaz.org.br\/2024\/wp-json\/wp\/v2\/categories?post=12438"},{"taxonomy":"post_tag","embeddable":true,"href":"https:\/\/sinprofaz.org.br\/2024\/wp-json\/wp\/v2\/tags?post=12438"}],"curies":[{"name":"wp","href":"https:\/\/api.w.org\/{rel}","templated":true}]}}