{"id":12434,"date":"2020-12-18T17:00:39","date_gmt":"2020-12-18T20:00:39","guid":{"rendered":"http:\/\/www.sinprofaz.org.br\/?p=12434"},"modified":"2020-12-21T09:09:27","modified_gmt":"2020-12-21T12:09:27","slug":"conhece-o-passo-a-passo-para-participacao-no-diagnostico-confira","status":"publish","type":"post","link":"https:\/\/sinprofaz.org.br\/2024\/noticias\/conhece-o-passo-a-passo-para-participacao-no-diagnostico-confira\/","title":{"rendered":"CONHECE O PASSO A PASSO PARA PARTICIPA\u00c7\u00c3O NO DIAGN\u00d3STICO? CONFIRA!"},"content":{"rendered":"<p>O sistema do Diagn\u00f3stico Epidemiol\u00f3gico de Sa\u00fade Mental e Qualidade de Vida e de Trabalho na PFN est\u00e1 hospedado em um hotsite criado especialmente para a pesquisa: o <a href=\"https:\/\/www.saudemental.sinprofaz.org.br\/\">www.saudemental.sinprofaz.org.br<\/a>.<\/p>\n<p>Ao acessarem o endere\u00e7o e o question\u00e1rio correspondente \u00e0 fun\u00e7\u00e3o que desempenham na PFN, todos os respondentes, inclusive os filiados ao SINPROFAZ, devem efetuar o Novo Cadastro na p\u00e1gina inicial da pesquisa. A senha solicitada n\u00e3o \u00e9 a mesma da \u00c1rea do Filiado.<\/p>\n<p>A participa\u00e7\u00e3o dos procuradores, servidores e terceirizados \u00e9 considerada conclu\u00edda a partir do preenchimento, nos question\u00e1rios, de todos os campos assinalados como obrigat\u00f3rios. Ficou com d\u00favidas? Contate a Secretaria do SINPROFAZ: (61) 3964-1215\/1218.<\/p>\n","protected":false},"excerpt":{"rendered":"<p>Ao acessarem o endere\u00e7o e o question\u00e1rio correspondente \u00e0 fun\u00e7\u00e3o que desempenham na PFN, todos os respondentes, inclusive os filiados ao SINPROFAZ, devem efetuar o Novo Cadastro. A senha solicitada n\u00e3o \u00e9 a mesma da \u00c1rea do Filiado. Saiba mais!<\/p>\n","protected":false},"author":2,"featured_media":12208,"comment_status":"open","ping_status":"open","sticky":false,"template":"","format":"standard","meta":{"footnotes":""},"categories":[8],"tags":[32,146,166,25],"featured_image_url":"https:\/\/sinprofaz.org.br\/2024\/wp-content\/uploads\/2020\/11\/diagnostico-epdemiologico.jpg","character_count":369,"formatted_date":"18\/12\/2020 - 17:00","contentNovo":"O sistema do Diagn\u00f3stico Epidemiol\u00f3gico de Sa\u00fade Mental e Qualidade de Vida e de Trabalho na PFN est\u00e1 hospedado em um hotsite criado especialmente para a pesquisa: o <a href=\"https:\/\/www.saudemental.sinprofaz.org.br\/\">www.saudemental.sinprofaz.org.br<\/a>.\r\n\r\nAo acessarem o endere\u00e7o e o question\u00e1rio correspondente \u00e0 fun\u00e7\u00e3o que desempenham na PFN, todos os respondentes, inclusive os filiados ao SINPROFAZ, devem efetuar o Novo Cadastro na p\u00e1gina inicial da pesquisa. A senha solicitada n\u00e3o \u00e9 a mesma da \u00c1rea do Filiado.\r\n\r\nA participa\u00e7\u00e3o dos procuradores, servidores e terceirizados \u00e9 considerada conclu\u00edda a partir do preenchimento, nos question\u00e1rios, de todos os campos assinalados como obrigat\u00f3rios. Ficou com d\u00favidas? Contate a Secretaria do SINPROFAZ: (61) 3964-1215\/1218.","_links":{"self":[{"href":"https:\/\/sinprofaz.org.br\/2024\/wp-json\/wp\/v2\/posts\/12434"}],"collection":[{"href":"https:\/\/sinprofaz.org.br\/2024\/wp-json\/wp\/v2\/posts"}],"about":[{"href":"https:\/\/sinprofaz.org.br\/2024\/wp-json\/wp\/v2\/types\/post"}],"author":[{"embeddable":true,"href":"https:\/\/sinprofaz.org.br\/2024\/wp-json\/wp\/v2\/users\/2"}],"replies":[{"embeddable":true,"href":"https:\/\/sinprofaz.org.br\/2024\/wp-json\/wp\/v2\/comments?post=12434"}],"version-history":[{"count":2,"href":"https:\/\/sinprofaz.org.br\/2024\/wp-json\/wp\/v2\/posts\/12434\/revisions"}],"predecessor-version":[{"id":12440,"href":"https:\/\/sinprofaz.org.br\/2024\/wp-json\/wp\/v2\/posts\/12434\/revisions\/12440"}],"wp:featuredmedia":[{"embeddable":true,"href":"https:\/\/sinprofaz.org.br\/2024\/wp-json\/wp\/v2\/media\/12208"}],"wp:attachment":[{"href":"https:\/\/sinprofaz.org.br\/2024\/wp-json\/wp\/v2\/media?parent=12434"}],"wp:term":[{"taxonomy":"category","embeddable":true,"href":"https:\/\/sinprofaz.org.br\/2024\/wp-json\/wp\/v2\/categories?post=12434"},{"taxonomy":"post_tag","embeddable":true,"href":"https:\/\/sinprofaz.org.br\/2024\/wp-json\/wp\/v2\/tags?post=12434"}],"curies":[{"name":"wp","href":"https:\/\/api.w.org\/{rel}","templated":true}]}}