{"id":1233,"date":"2013-04-09T19:06:22","date_gmt":"2013-04-09T19:06:22","guid":{"rendered":""},"modified":"-0001-11-30T00:00:00","modified_gmt":"-0001-11-30T03:00:00","slug":"sinprofaz-participa-de-audiencia-para-tratar-da-convencao-151-da-oit","status":"publish","type":"post","link":"https:\/\/sinprofaz.org.br\/2024\/noticias\/sinprofaz-participa-de-audiencia-para-tratar-da-convencao-151-da-oit\/","title":{"rendered":"SINPROFAZ participa de audi\u00eancia para tratar da Conven\u00e7\u00e3o 151 da OIT"},"content":{"rendered":"<p>Reuni\u00e3o na Comiss\u00e3o de Assuntos Sociais do Senado debateu liberdade sindical e direito \u00e0 negocia\u00e7\u00e3o coletiva para servidores p\u00fablicos.<\/p>\n<p>A audi\u00eancia p\u00fablica ocorrida na manh\u00e3 desta ter\u00e7a-feira, 9 de abril, proporcionou debate muito prof\u00edcuo sobre o tema, que \u00e9 de interesse dos servidores p\u00fablicos nos tr\u00eas n\u00edveis de governo \u2013 federal, estadual e municipal. O foco da discuss\u00e3o foi a necessidade de regulamenta\u00e7\u00e3o da Conven\u00e7\u00e3o 151 da OIT, j\u00e1 ratificada pelo governo brasileiro. Participaram da audi\u00eancia v\u00e1rios representantes de entidades de servidores p\u00fablicos.<\/p>\n<p>Em 6 de mar\u00e7o \u00faltimo, a presidente Dilma Rousseff inclusive assinou o Decreto 7.944\/2013, que d\u00e1 in\u00edcio ao processo de regulamenta\u00e7\u00e3o, o que \u00e9 imprescind\u00edvel para que o Brasil coloque em pr\u00e1tica os princ\u00edpios da Conven\u00e7\u00e3o 151.<img loading=\"lazy\" decoding=\"async\" style=\"margin-left: 10px; margin-bottom: 5px; margin-top: 5px; float: right;\" alt=\"SINPROFAZ participa de audi\u00eancia para tratar da Conven\u00e7\u00e3o 151 da OIT\" src=\"images\/stories\/allan-titonelli-audiencia-convencao-151-oit.jpg\" height=\"112\" width=\"150\" \/><\/p>\n<p>O debate de hoje foi realizado a requerimento do senador Paulo Paim (PT\/RS). Quem presidiu a sess\u00e3o foi o senador Waldemir Moka (PMDB\/MS). Senadores e deputados marcaram presen\u00e7a na reuni\u00e3o como o senador Rodrigo Rollemberg (PSB\/DF), o deputado Policarpo (PT\/DF) e o deputado Vieira da Cunha (PDT\/RS).<\/p>\n<p>O presidente do SINPROFAZ, Allan Titonelli, esteve presente e asseverou que n\u00e3o h\u00e1 liberdade sindical sem a dispensa das atividades com o custo pago pelo Estado, como j\u00e1 acontece com a Magistratura, o Minist\u00e9rio P\u00fablico e a Defensoria P\u00fablica, bem como n\u00e3o se vislumbra que, embora n\u00e3o regulamentado o direito de greve, essa garantia esteja sofrendo restri\u00e7\u00f5es.<\/p>\n","protected":false},"excerpt":{"rendered":"<p>Reuni\u00e3o na Comiss\u00e3o de Assuntos Sociais do Senado debateu liberdade sindical e direito \u00e0 negocia\u00e7\u00e3o coletiva para servidores p\u00fablicos.<\/p>\n","protected":false},"author":1,"featured_media":0,"comment_status":"closed","ping_status":"open","sticky":false,"template":"","format":"standard","meta":{"footnotes":""},"categories":[8],"tags":[],"featured_image_url":"https:\/\/dummyimage.com\/720x400","character_count":752,"formatted_date":"09\/04\/2013 - 19:06","contentNovo":"\r\n<p>Reuni\u00e3o na Comiss\u00e3o de Assuntos Sociais do Senado debateu liberdade sindical e direito \u00e0 negocia\u00e7\u00e3o coletiva para servidores p\u00fablicos.<\/p>\r\n<p>A audi\u00eancia p\u00fablica ocorrida na manh\u00e3 desta ter\u00e7a-feira, 9 de abril, proporcionou debate muito prof\u00edcuo sobre o tema, que \u00e9 de interesse dos servidores p\u00fablicos nos tr\u00eas n\u00edveis de governo \u2013 federal, estadual e municipal. O foco da discuss\u00e3o foi a necessidade de regulamenta\u00e7\u00e3o da Conven\u00e7\u00e3o 151 da OIT, j\u00e1 ratificada pelo governo brasileiro. Participaram da audi\u00eancia v\u00e1rios representantes de entidades de servidores p\u00fablicos.<\/p>\r\n<p>Em 6 de mar\u00e7o \u00faltimo, a presidente Dilma Rousseff inclusive assinou o Decreto 7.944\/2013, que d\u00e1 in\u00edcio ao processo de regulamenta\u00e7\u00e3o, o que \u00e9 imprescind\u00edvel para que o Brasil coloque em pr\u00e1tica os princ\u00edpios da Conven\u00e7\u00e3o 151.<\/p>\r\n<p>O debate de hoje foi realizado a requerimento do senador Paulo Paim (PT\/RS). Quem presidiu a sess\u00e3o foi o senador Waldemir Moka (PMDB\/MS). Senadores e deputados marcaram presen\u00e7a na reuni\u00e3o como o senador Rodrigo Rollemberg (PSB\/DF), o deputado Policarpo (PT\/DF) e o deputado Vieira da Cunha (PDT\/RS).<\/p>\r\n<p>O presidente do SINPROFAZ, Allan Titonelli, esteve presente e asseverou que n\u00e3o h\u00e1 liberdade sindical sem a dispensa das atividades com o custo pago pelo Estado, como j\u00e1 acontece com a Magistratura, o Minist\u00e9rio P\u00fablico e a Defensoria P\u00fablica, bem como n\u00e3o se vislumbra que, embora n\u00e3o regulamentado o direito de greve, essa garantia esteja sofrendo restri\u00e7\u00f5es.<\/p>","_links":{"self":[{"href":"https:\/\/sinprofaz.org.br\/2024\/wp-json\/wp\/v2\/posts\/1233"}],"collection":[{"href":"https:\/\/sinprofaz.org.br\/2024\/wp-json\/wp\/v2\/posts"}],"about":[{"href":"https:\/\/sinprofaz.org.br\/2024\/wp-json\/wp\/v2\/types\/post"}],"author":[{"embeddable":true,"href":"https:\/\/sinprofaz.org.br\/2024\/wp-json\/wp\/v2\/users\/1"}],"replies":[{"embeddable":true,"href":"https:\/\/sinprofaz.org.br\/2024\/wp-json\/wp\/v2\/comments?post=1233"}],"version-history":[{"count":0,"href":"https:\/\/sinprofaz.org.br\/2024\/wp-json\/wp\/v2\/posts\/1233\/revisions"}],"wp:attachment":[{"href":"https:\/\/sinprofaz.org.br\/2024\/wp-json\/wp\/v2\/media?parent=1233"}],"wp:term":[{"taxonomy":"category","embeddable":true,"href":"https:\/\/sinprofaz.org.br\/2024\/wp-json\/wp\/v2\/categories?post=1233"},{"taxonomy":"post_tag","embeddable":true,"href":"https:\/\/sinprofaz.org.br\/2024\/wp-json\/wp\/v2\/tags?post=1233"}],"curies":[{"name":"wp","href":"https:\/\/api.w.org\/{rel}","templated":true}]}}