{"id":12296,"date":"2020-11-30T08:00:03","date_gmt":"2020-11-30T11:00:03","guid":{"rendered":"http:\/\/www.sinprofaz.org.br\/?p=12296"},"modified":"2020-12-01T10:41:04","modified_gmt":"2020-12-01T13:41:04","slug":"em-webinar-filiada-aborda-avancos-necessarios-ao-campo-da-saude-mental","status":"publish","type":"post","link":"https:\/\/sinprofaz.org.br\/2024\/noticias\/em-webinar-filiada-aborda-avancos-necessarios-ao-campo-da-saude-mental\/","title":{"rendered":"EM WEBINAR, FILIADA ABORDA AVAN\u00c7OS NECESS\u00c1RIOS AO CAMPO DA SA\u00daDE MENTAL"},"content":{"rendered":"<p>O Projeto de Sa\u00fade Mental e Qualidade de Vida na PFN conta com o apoio de Beatriz Pereira, lotada na DIAFI\/PRFN3. Filiada ao SINPROFAZ, a procuradora da Fazenda Nacional integra o Grupo de Sa\u00fade Mental da PFN\/SP, cujos objetivos, segundo ela, s\u00e3o desmistificar o tema, promover di\u00e1logos sem julgamentos, difundir informa\u00e7\u00e3o e provocar as diversas inst\u00e2ncias da PGFN. Para Beatriz Pereira, o Projeto do SINPROFAZ \u00e9 completo, mas somente atingir\u00e1 seus prop\u00f3sitos se a Carreira aderir a ele. Ademais, em que pesem os avan\u00e7os, ainda h\u00e1 muito trabalho a ser feito.<\/p>\n<p>&#8220;Da minha perspectiva de procuradora da Fazenda Nacional que atua na ponta, tenho a impress\u00e3o, compartilhada por muitos, de que, nos \u00faltimos anos, a PGFN deu um salto t\u00e9cnico e institucional gigantesco. Nossa imagem tem se firmado cada vez mais pela nossa qualidade e pela nossa compet\u00eancia. Entretanto, esse processo tem estado desacompanhado de uma abordagem mais humana. Esse movimento de valoriza\u00e7\u00e3o n\u00e3o considerou, por exemplo, a sobrecarga constante de atividades que todos n\u00f3s, integrantes do quadro da PGFN, sofremos.&#8221;<\/p>\n<p>Assista \u00e0 fala completa de Beatriz Pereira: <a href=\"http:\/\/youtu.be\/ECh5UjyjWmM\" rel=\"noopener\" target=\"_blank\">youtu.be\/ECh5UjyjWmM<\/a><\/p>\n","protected":false},"excerpt":{"rendered":"<p>Para Beatriz Pereira, o Projeto do SINPROFAZ \u00e9 completo, mas somente atingir\u00e1 seus prop\u00f3sitos se a Carreira aderir a ele. Ademais, em que pesem os avan\u00e7os, ainda h\u00e1 muito trabalho a ser feito. Assista ao v\u00eddeo aqui.<\/p>\n","protected":false},"author":2,"featured_media":12298,"comment_status":"open","ping_status":"open","sticky":false,"template":"","format":"standard","meta":{"footnotes":""},"categories":[8],"tags":[32,166,25],"featured_image_url":"https:\/\/sinprofaz.org.br\/2024\/wp-content\/uploads\/2020\/11\/Print-3-e1606703774351.jpeg","character_count":593,"formatted_date":"30\/11\/2020 - 08:00","contentNovo":"O Projeto de Sa\u00fade Mental e Qualidade de Vida na PFN conta com o apoio de Beatriz Pereira, lotada na DIAFI\/PRFN3. Filiada ao SINPROFAZ, a procuradora da Fazenda Nacional integra o Grupo de Sa\u00fade Mental da PFN\/SP, cujos objetivos, segundo ela, s\u00e3o desmistificar o tema, promover di\u00e1logos sem julgamentos, difundir informa\u00e7\u00e3o e provocar as diversas inst\u00e2ncias da PGFN. Para Beatriz Pereira, o Projeto do SINPROFAZ \u00e9 completo, mas somente atingir\u00e1 seus prop\u00f3sitos se a Carreira aderir a ele. Ademais, em que pesem os avan\u00e7os, ainda h\u00e1 muito trabalho a ser feito.\r\n\r\n\"Da minha perspectiva de procuradora da Fazenda Nacional que atua na ponta, tenho a impress\u00e3o, compartilhada por muitos, de que, nos \u00faltimos anos, a PGFN deu um salto t\u00e9cnico e institucional gigantesco. Nossa imagem tem se firmado cada vez mais pela nossa qualidade e pela nossa compet\u00eancia. Entretanto, esse processo tem estado desacompanhado de uma abordagem mais humana. Esse movimento de valoriza\u00e7\u00e3o n\u00e3o considerou, por exemplo, a sobrecarga constante de atividades que todos n\u00f3s, integrantes do quadro da PGFN, sofremos.\"\r\n\r\nAssista \u00e0 fala completa de Beatriz Pereira: <a href=\"http:\/\/youtu.be\/ECh5UjyjWmM\" rel=\"noopener\" target=\"_blank\">youtu.be\/ECh5UjyjWmM<\/a>\r\n\r\n\r\n","_links":{"self":[{"href":"https:\/\/sinprofaz.org.br\/2024\/wp-json\/wp\/v2\/posts\/12296"}],"collection":[{"href":"https:\/\/sinprofaz.org.br\/2024\/wp-json\/wp\/v2\/posts"}],"about":[{"href":"https:\/\/sinprofaz.org.br\/2024\/wp-json\/wp\/v2\/types\/post"}],"author":[{"embeddable":true,"href":"https:\/\/sinprofaz.org.br\/2024\/wp-json\/wp\/v2\/users\/2"}],"replies":[{"embeddable":true,"href":"https:\/\/sinprofaz.org.br\/2024\/wp-json\/wp\/v2\/comments?post=12296"}],"version-history":[{"count":3,"href":"https:\/\/sinprofaz.org.br\/2024\/wp-json\/wp\/v2\/posts\/12296\/revisions"}],"predecessor-version":[{"id":12312,"href":"https:\/\/sinprofaz.org.br\/2024\/wp-json\/wp\/v2\/posts\/12296\/revisions\/12312"}],"wp:featuredmedia":[{"embeddable":true,"href":"https:\/\/sinprofaz.org.br\/2024\/wp-json\/wp\/v2\/media\/12298"}],"wp:attachment":[{"href":"https:\/\/sinprofaz.org.br\/2024\/wp-json\/wp\/v2\/media?parent=12296"}],"wp:term":[{"taxonomy":"category","embeddable":true,"href":"https:\/\/sinprofaz.org.br\/2024\/wp-json\/wp\/v2\/categories?post=12296"},{"taxonomy":"post_tag","embeddable":true,"href":"https:\/\/sinprofaz.org.br\/2024\/wp-json\/wp\/v2\/tags?post=12296"}],"curies":[{"name":"wp","href":"https:\/\/api.w.org\/{rel}","templated":true}]}}