{"id":12289,"date":"2020-11-27T13:17:31","date_gmt":"2020-11-27T16:17:31","guid":{"rendered":"http:\/\/www.sinprofaz.org.br\/?p=12289"},"modified":"2020-11-27T13:42:26","modified_gmt":"2020-11-27T16:42:26","slug":"filiado-pedro-queiroz-recebe-sinprofaz-para-reuniao-no-ministerio-da-justica","status":"publish","type":"post","link":"https:\/\/sinprofaz.org.br\/2024\/noticias\/filiado-pedro-queiroz-recebe-sinprofaz-para-reuniao-no-ministerio-da-justica\/","title":{"rendered":"FILIADO PEDRO QUEIROZ RECEBE SINPROFAZ PARA REUNI\u00c3O NO MINIST\u00c9RIO DA JUSTI\u00c7A"},"content":{"rendered":"<p>O SINPROFAZ, representado pelo diretor Achilles Frias, fez uma visita institucional a Pedro Queiroz. Desde o m\u00eas de setembro, o PFN ocupa o posto de diretor do Departamento de Prote\u00e7\u00e3o e Defesa do Consumidor, na Secretaria Nacional do Consumidor do Minist\u00e9rio da Justi\u00e7a e Seguran\u00e7a P\u00fablica, onde tamb\u00e9m atua como secret\u00e1rio substituto.<\/p>\n<p>Ao longo do encontro, realizado na sede do Minist\u00e9rio, em Bras\u00edlia\/DF, foram debatidos temas pertinentes aos procuradores da Fazenda Nacional. A import\u00e2ncia da atua\u00e7\u00e3o da Carreira para al\u00e9m da Institui\u00e7\u00e3o de origem tamb\u00e9m foi discutida \u2013 atualmente, a PFN tem v\u00e1rios Membros em cargos de alta relev\u00e2ncia do Executivo federal.<\/p>\n<p>Pedro Queiroz \u00e9 reconhecido parceiro do SINPROFAZ: ingressou na Carreira em 2007 e, desde ent\u00e3o, \u00e9 filiado ao Sindicato. Mestre em Direito pela Universidade de S\u00e3o Paulo (USP), j\u00e1 atuou no Minist\u00e9rio do Planejamento, Or\u00e7amento e Gest\u00e3o e no Minist\u00e9rio da Defesa.<\/p>\n\n\t\t<style type=\"text\/css\">\n\t\t\t#gallery-1 {\n\t\t\t\tmargin: auto;\n\t\t\t}\n\t\t\t#gallery-1 .gallery-item {\n\t\t\t\tfloat: left;\n\t\t\t\tmargin-top: 10px;\n\t\t\t\ttext-align: center;\n\t\t\t\twidth: 33%;\n\t\t\t}\n\t\t\t#gallery-1 img {\n\t\t\t\tborder: 2px solid #cfcfcf;\n\t\t\t}\n\t\t\t#gallery-1 .gallery-caption {\n\t\t\t\tmargin-left: 0;\n\t\t\t}\n\t\t\t\/* see gallery_shortcode() in wp-includes\/media.php *\/\n\t\t<\/style>\n\t\t<div id='gallery-1' class='gallery galleryid-12289 gallery-columns-3 gallery-size-thumbnail'><dl class='gallery-item'>\n\t\t\t<dt class='gallery-icon landscape'>\n\t\t\t\t<a href='https:\/\/sinprofaz.org.br\/2024\/wp-content\/uploads\/2020\/11\/Dr.-Pedro-Queiroz-2.jpg'><img loading=\"lazy\" decoding=\"async\" width=\"150\" height=\"150\" src=\"https:\/\/sinprofaz.org.br\/2024\/wp-content\/uploads\/2020\/11\/Dr.-Pedro-Queiroz-2-150x150.jpg\" class=\"attachment-thumbnail size-thumbnail\" alt=\"\" \/><\/a>\n\t\t\t<\/dt><\/dl>\n\t\t\t<br style='clear: both' \/>\n\t\t<\/div>\n\n","protected":false},"excerpt":{"rendered":"<p>Desde o m\u00eas de setembro, o PFN ocupa o posto de diretor do Departamento de Prote\u00e7\u00e3o e Defesa do Consumidor, na Secretaria Nacional do Consumidor do Minist\u00e9rio da Justi\u00e7a e Seguran\u00e7a P\u00fablica.<\/p>\n","protected":false},"author":2,"featured_media":12290,"comment_status":"open","ping_status":"open","sticky":false,"template":"","format":"standard","meta":{"footnotes":""},"categories":[8],"tags":[32,25],"featured_image_url":"https:\/\/sinprofaz.org.br\/2024\/wp-content\/uploads\/2020\/11\/Dr.-Pedro-Queiroz-1-e1606493809772.jpg","character_count":657,"formatted_date":"27\/11\/2020 - 13:17","contentNovo":"O SINPROFAZ, representado pelo diretor Achilles Frias, fez uma visita institucional a Pedro Queiroz. Desde o m\u00eas de setembro, o PFN ocupa o posto de diretor do Departamento de Prote\u00e7\u00e3o e Defesa do Consumidor, na Secretaria Nacional do Consumidor do Minist\u00e9rio da Justi\u00e7a e Seguran\u00e7a P\u00fablica, onde tamb\u00e9m atua como secret\u00e1rio substituto.\r\n\r\nAo longo do encontro, realizado na sede do Minist\u00e9rio, em Bras\u00edlia\/DF, foram debatidos temas pertinentes aos procuradores da Fazenda Nacional. A import\u00e2ncia da atua\u00e7\u00e3o da Carreira para al\u00e9m da Institui\u00e7\u00e3o de origem tamb\u00e9m foi discutida \u2013 atualmente, a PFN tem v\u00e1rios Membros em cargos de alta relev\u00e2ncia do Executivo federal.\r\n\r\nPedro Queiroz \u00e9 reconhecido parceiro do SINPROFAZ: ingressou na Carreira em 2007 e, desde ent\u00e3o, \u00e9 filiado ao Sindicato. Mestre em Direito pela Universidade de S\u00e3o Paulo (USP), j\u00e1 atuou no Minist\u00e9rio do Planejamento, Or\u00e7amento e Gest\u00e3o e no Minist\u00e9rio da Defesa.\r\n\r\n[gallery link=\"file\" ids=\"12291\"]","_links":{"self":[{"href":"https:\/\/sinprofaz.org.br\/2024\/wp-json\/wp\/v2\/posts\/12289"}],"collection":[{"href":"https:\/\/sinprofaz.org.br\/2024\/wp-json\/wp\/v2\/posts"}],"about":[{"href":"https:\/\/sinprofaz.org.br\/2024\/wp-json\/wp\/v2\/types\/post"}],"author":[{"embeddable":true,"href":"https:\/\/sinprofaz.org.br\/2024\/wp-json\/wp\/v2\/users\/2"}],"replies":[{"embeddable":true,"href":"https:\/\/sinprofaz.org.br\/2024\/wp-json\/wp\/v2\/comments?post=12289"}],"version-history":[{"count":3,"href":"https:\/\/sinprofaz.org.br\/2024\/wp-json\/wp\/v2\/posts\/12289\/revisions"}],"predecessor-version":[{"id":12294,"href":"https:\/\/sinprofaz.org.br\/2024\/wp-json\/wp\/v2\/posts\/12289\/revisions\/12294"}],"wp:featuredmedia":[{"embeddable":true,"href":"https:\/\/sinprofaz.org.br\/2024\/wp-json\/wp\/v2\/media\/12290"}],"wp:attachment":[{"href":"https:\/\/sinprofaz.org.br\/2024\/wp-json\/wp\/v2\/media?parent=12289"}],"wp:term":[{"taxonomy":"category","embeddable":true,"href":"https:\/\/sinprofaz.org.br\/2024\/wp-json\/wp\/v2\/categories?post=12289"},{"taxonomy":"post_tag","embeddable":true,"href":"https:\/\/sinprofaz.org.br\/2024\/wp-json\/wp\/v2\/tags?post=12289"}],"curies":[{"name":"wp","href":"https:\/\/api.w.org\/{rel}","templated":true}]}}