{"id":1226,"date":"2013-04-05T18:08:05","date_gmt":"2013-04-05T18:08:05","guid":{"rendered":""},"modified":"-0001-11-30T00:00:00","modified_gmt":"-0001-11-30T03:00:00","slug":"deputado-amauri-teixeira-registra-apoio-a-mobilizacao-dos-advogados-publicos","status":"publish","type":"post","link":"https:\/\/sinprofaz.org.br\/2024\/noticias\/deputado-amauri-teixeira-registra-apoio-a-mobilizacao-dos-advogados-publicos\/","title":{"rendered":"Deputado Amauri Teixeira registra apoio \u00e0 mobiliza\u00e7\u00e3o dos Advogados P\u00fablicos"},"content":{"rendered":"<p>Foi durante pronunciamento em plen\u00e1rio nesta quinta-feira, 4 de abril. Ele destacou o trabalho do SINPROFAZ, sempre presente na Casa instruindo os parlamentares nas defesa das carreiras da Advocacia P\u00fablica Federal.<\/p>\n<p><strong>Leia a \u00edntegra do discurso:<\/strong><\/p>\n<p><strong>O SR. AMAURI TEIXEIRA<\/strong> &#8211; Sr. Presidente, posso fazer um registro?<\/p>\n<p><strong>O SR. PRESIDENTE<\/strong> (Dudimar Paxiuba) &#8211; Pois n\u00e3o, tem V.Exa. a palavra.<\/p>\n<p><strong>O SR. AMAURI TEIXEIRA<\/strong> (PT-BA. Pela ordem. Sem revis\u00e3o do orador.) &#8211; Pe\u00e7o licen\u00e7a ao Deputado Izalci.<\/p>\n<p>Sr. Presidente, esteve aqui ontem na C\u00e2mara o Presidente do SINPROFAZ, Allan Titonelli, fez uma grande mobiliza\u00e7\u00e3o, abordou os Parlamentares conversando sobre o Projeto de Lei 205\/12. Faz, inclusive, a compara\u00e7\u00e3o dos dois projetos que circularam, um na \u00e9poca de Toffoli e outro do atual Ministro Adams.<\/p>\n<p>Vou deixar registrado aqui esse discurso nosso e registrar essa mobiliza\u00e7\u00e3o. O SINPROFAZ \u00e9 um Sindicato que tem atuado muito aqui, tem conversado com Parlamentares na defesa dos advogados p\u00fablicos da Uni\u00e3o.<\/p>\n<p>Muito obrigado, Sr. Presidente. Obrigado, Izalci.<\/p>\n<h3>PRONUNCIAMENTO ENCAMINHADO PELO ORADOR<\/h3>\n<p><strong>O SR. AMAURI TEIXEIRA<\/strong> (PT-BA. Pela ordem. Pronuncia o seguinte discurso.) \u2013Sr. Presidente, Sras. e Srs. Parlamentares quero aqui me somara a luta dos Advogados P\u00fablicos contra PLP 205 que Apesar do adiamento da audi\u00eancia p\u00fablica na CTASP, advogados p\u00fablicos se mobilizaram na C\u00e2mara nesta quarta (3) para denunciar impropriedades do projeto.<\/p>\n<p>A mobiliza\u00e7\u00e3o na C\u00e2mara dos Deputados ocorreu durante todo o dia de ontem. O presidente do SINPROFAZ, Allan Titonelli, compareceu \u00e0 reuni\u00e3o ordin\u00e1ria da Comiss\u00e3o de Trabalho e depois visitou gabinetes e o plen\u00e1rio da Casa abordando v\u00e1rios deputados com o intuito de demonstrar a necessidade de altera\u00e7\u00e3o dos termos do PLP 205\/12.<\/p>\n<p>Nos locais de maior circula\u00e7\u00e3o de deputados, o SINPROFAZ realizou panfletagem do material que compara as propostas do ex-AGU Jos\u00e9 Toffoli e do ministro Lu\u00eds Adams.<\/p>\n<p>Durante a reuni\u00e3o da CTASP, os dirigentes sindicais e associativos junto com colegas advogados p\u00fablicos lotados em Bras\u00edlia e outros estados abordaram os membros da comiss\u00e3o que ir\u00e1 discutir o m\u00e9rito do PLP 205.<\/p>\n<p>Tamb\u00e9m foi coletiva a atua\u00e7\u00e3o no restante do dia, sob a coordena\u00e7\u00e3o da assessoria parlamentar do Sindicato que colaborou na interlocu\u00e7\u00e3o com os parlamentares e na divis\u00e3o dos colegas para abordarem os deputados do estado de origem, integrantes da comiss\u00e3o e outras lideran\u00e7as da Casa.<\/p>\n<p>V\u00e1rios deputados est\u00e3o fazendo a defesa da Advocacia P\u00fablica. Ele conduziu o presidente do SINPROFAZ ao plen\u00e1rio da C\u00e2mara, onde a entrada \u00e9 restrita. Na ocasi\u00e3o, Titonelli conversou com diversos deputados, refor\u00e7ando a insatisfa\u00e7\u00e3o da carreira com o projeto.<\/p>\n<p>A participa\u00e7\u00e3o de v\u00e1rios colegas na mobiliza\u00e7\u00e3o de ontem seguramente ampliou a voz da carreira nos corredores da C\u00e2mara. \u00c9 necess\u00e1rio manter presen\u00e7a constante e press\u00e3o nas pr\u00f3ximas semanas para difundir a indigna\u00e7\u00e3o dos membros da AGU com essa proposta que n\u00e3o assegura aos advogados p\u00fablicos federais as garantias e prerrogativas necess\u00e1rias para o desempenho de uma advocacia de estado, mas, ao contr\u00e1rio, abre ainda mais espa\u00e7o para a inger\u00eancia de gestores p\u00fablicos sobre quest\u00f5es t\u00e9cnicas, ao permitir que sejam considerados membros da institui\u00e7\u00e3o pessoas estranhas aos seus quadros, nomeadas sem concurso p\u00fablico.<\/p>\n<p>Muito obrigado.<\/p>\n","protected":false},"excerpt":{"rendered":"<p>Foi durante pronunciamento em plen\u00e1rio nesta quinta-feira, 4 de abril. Ele destacou o trabalho do SINPROFAZ, sempre presente na Casa instruindo os parlamentares nas defesa das carreiras da Advocacia P\u00fablica Federal.<\/p>\n","protected":false},"author":1,"featured_media":0,"comment_status":"closed","ping_status":"open","sticky":false,"template":"","format":"standard","meta":{"footnotes":""},"categories":[8],"tags":[],"featured_image_url":"https:\/\/dummyimage.com\/720x400","character_count":1709,"formatted_date":"05\/04\/2013 - 18:08","contentNovo":"\r\n<p>Foi durante pronunciamento em plen\u00e1rio nesta quinta-feira, 4 de abril. Ele destacou o trabalho do SINPROFAZ, sempre presente na Casa instruindo os parlamentares nas defesa das carreiras da Advocacia P\u00fablica Federal.<\/p>\r\n<p><strong>Leia a \u00edntegra do discurso:<\/strong><\/p>\r\n<p><strong>O SR. AMAURI TEIXEIRA<\/strong> - Sr. Presidente, posso fazer um registro?<\/p>\r\n<p><strong>O SR. PRESIDENTE<\/strong> (Dudimar Paxiuba) - Pois n\u00e3o, tem V.Exa. a palavra.<\/p>\r\n<p><strong>O SR. AMAURI TEIXEIRA<\/strong> (PT-BA. Pela ordem. Sem revis\u00e3o do orador.) - Pe\u00e7o licen\u00e7a ao Deputado Izalci.<\/p>\r\n<p>Sr. Presidente, esteve aqui ontem na C\u00e2mara o Presidente do SINPROFAZ, Allan Titonelli, fez uma grande mobiliza\u00e7\u00e3o, abordou os Parlamentares conversando sobre o Projeto de Lei 205\/12. Faz, inclusive, a compara\u00e7\u00e3o dos dois projetos que circularam, um na \u00e9poca de Toffoli e outro do atual Ministro Adams.<\/p>\r\n<p>Vou deixar registrado aqui esse discurso nosso e registrar essa mobiliza\u00e7\u00e3o. O SINPROFAZ \u00e9 um Sindicato que tem atuado muito aqui, tem conversado com Parlamentares na defesa dos advogados p\u00fablicos da Uni\u00e3o.<\/p>\r\n<p>Muito obrigado, Sr. Presidente. Obrigado, Izalci.<\/p>\r\nPRONUNCIAMENTO ENCAMINHADO PELO ORADOR\r\n<p><strong>O SR. AMAURI TEIXEIRA<\/strong> (PT-BA. Pela ordem. Pronuncia o seguinte discurso.) \u2013Sr. Presidente, Sras. e Srs. Parlamentares quero aqui me somara a luta dos Advogados P\u00fablicos contra PLP 205 que Apesar do adiamento da audi\u00eancia p\u00fablica na CTASP, advogados p\u00fablicos se mobilizaram na C\u00e2mara nesta quarta (3) para denunciar impropriedades do projeto.<\/p>\r\n<p>A mobiliza\u00e7\u00e3o na C\u00e2mara dos Deputados ocorreu durante todo o dia de ontem. O presidente do SINPROFAZ, Allan Titonelli, compareceu \u00e0 reuni\u00e3o ordin\u00e1ria da Comiss\u00e3o de Trabalho e depois visitou gabinetes e o plen\u00e1rio da Casa abordando v\u00e1rios deputados com o intuito de demonstrar a necessidade de altera\u00e7\u00e3o dos termos do PLP 205\/12.<\/p>\r\n<p>Nos locais de maior circula\u00e7\u00e3o de deputados, o SINPROFAZ realizou panfletagem do material que compara as propostas do ex-AGU Jos\u00e9 Toffoli e do ministro Lu\u00eds Adams.<\/p>\r\n<p>Durante a reuni\u00e3o da CTASP, os dirigentes sindicais e associativos junto com colegas advogados p\u00fablicos lotados em Bras\u00edlia e outros estados abordaram os membros da comiss\u00e3o que ir\u00e1 discutir o m\u00e9rito do PLP 205.<\/p>\r\n<p>Tamb\u00e9m foi coletiva a atua\u00e7\u00e3o no restante do dia, sob a coordena\u00e7\u00e3o da assessoria parlamentar do Sindicato que colaborou na interlocu\u00e7\u00e3o com os parlamentares e na divis\u00e3o dos colegas para abordarem os deputados do estado de origem, integrantes da comiss\u00e3o e outras lideran\u00e7as da Casa.<\/p>\r\n<p>V\u00e1rios deputados est\u00e3o fazendo a defesa da Advocacia P\u00fablica. Ele conduziu o presidente do SINPROFAZ ao plen\u00e1rio da C\u00e2mara, onde a entrada \u00e9 restrita. Na ocasi\u00e3o, Titonelli conversou com diversos deputados, refor\u00e7ando a insatisfa\u00e7\u00e3o da carreira com o projeto.<\/p>\r\n<p>A participa\u00e7\u00e3o de v\u00e1rios colegas na mobiliza\u00e7\u00e3o de ontem seguramente ampliou a voz da carreira nos corredores da C\u00e2mara. \u00c9 necess\u00e1rio manter presen\u00e7a constante e press\u00e3o nas pr\u00f3ximas semanas para difundir a indigna\u00e7\u00e3o dos membros da AGU com essa proposta que n\u00e3o assegura aos advogados p\u00fablicos federais as garantias e prerrogativas necess\u00e1rias para o desempenho de uma advocacia de estado, mas, ao contr\u00e1rio, abre ainda mais espa\u00e7o para a inger\u00eancia de gestores p\u00fablicos sobre quest\u00f5es t\u00e9cnicas, ao permitir que sejam considerados membros da institui\u00e7\u00e3o pessoas estranhas aos seus quadros, nomeadas sem concurso p\u00fablico.<\/p>\r\n<p>Muito obrigado.<\/p>","_links":{"self":[{"href":"https:\/\/sinprofaz.org.br\/2024\/wp-json\/wp\/v2\/posts\/1226"}],"collection":[{"href":"https:\/\/sinprofaz.org.br\/2024\/wp-json\/wp\/v2\/posts"}],"about":[{"href":"https:\/\/sinprofaz.org.br\/2024\/wp-json\/wp\/v2\/types\/post"}],"author":[{"embeddable":true,"href":"https:\/\/sinprofaz.org.br\/2024\/wp-json\/wp\/v2\/users\/1"}],"replies":[{"embeddable":true,"href":"https:\/\/sinprofaz.org.br\/2024\/wp-json\/wp\/v2\/comments?post=1226"}],"version-history":[{"count":0,"href":"https:\/\/sinprofaz.org.br\/2024\/wp-json\/wp\/v2\/posts\/1226\/revisions"}],"wp:attachment":[{"href":"https:\/\/sinprofaz.org.br\/2024\/wp-json\/wp\/v2\/media?parent=1226"}],"wp:term":[{"taxonomy":"category","embeddable":true,"href":"https:\/\/sinprofaz.org.br\/2024\/wp-json\/wp\/v2\/categories?post=1226"},{"taxonomy":"post_tag","embeddable":true,"href":"https:\/\/sinprofaz.org.br\/2024\/wp-json\/wp\/v2\/tags?post=1226"}],"curies":[{"name":"wp","href":"https:\/\/api.w.org\/{rel}","templated":true}]}}